{"id":169064,"date":"2025-06-11T20:14:10","date_gmt":"2025-06-11T20:14:10","guid":{"rendered":"https:\/\/www.europesays.com\/fr\/169064\/"},"modified":"2025-06-11T20:14:10","modified_gmt":"2025-06-11T20:14:10","slug":"lyon-un-chauffeur-vtc-non-greviste-force-le-passage-et-pointe-une-arme-factice-en-pleine-presquile","status":"publish","type":"post","link":"https:\/\/www.europesays.com\/fr\/169064\/","title":{"rendered":"Lyon. Un chauffeur VTC non gr\u00e9viste force le passage et pointe une arme factice en pleine Presqu\u2019\u00eele"},"content":{"rendered":"<p>Ce mercredi apr\u00e8s-midi, alors que comme la veille, les VTC en gr\u00e8ve occupaient \u00e0 nouveau la rue Grenette, dans le centre de Lyon (2e arrondissement), un incident s\u2019est produit avec un non-gr\u00e9viste.<\/p>\n<p>Au volant d\u2019une Toyota blanche, ce chauffeur en service a en effet forc\u00e9 le passage au niveau de la rue \u00c9douard-Herriot, et a alors \u00e9t\u00e9 pris \u00e0 partie par les gr\u00e9vistes qui ont lanc\u00e9 des \u0153ufs sur sa voiture.<\/p>\n<p>  Un pistolet \u00e0 billes<\/p>\n<p>C\u2019est alors que l\u2019homme a point\u00e9 une arme de poing, qui s\u2019est r\u00e9v\u00e9l\u00e9e inoffensive puisqu\u2019il s\u2019agit d\u2019un pistolet \u00e0 billes. La sc\u00e8ne n\u2019est pas pass\u00e9e inaper\u00e7ue et un \u00e9quipage de la BAC est intervenu aussit\u00f4t, obligeant le conducteur \u00e0 s\u2019arr\u00eater place Saint-Nizier, o\u00f9 sa voiture a \u00e9t\u00e9 bloqu\u00e9e par celle des policiers.<\/p>\n<p>Ce contenu est bloqu\u00e9 car vous n&rsquo;avez pas accept\u00e9 les cookies et autres traceurs.<\/p>\n<p>En cliquant sur \u00ab J\u2019accepte \u00bb, les cookies et autres traceurs seront d\u00e9pos\u00e9s et vous pourrez visualiser les contenus  (<a href=\"\" class=\"consentModule_policy\" target=\"_blank\" title=\"Consulter la politique de protection des donn\u00e9es du fournisseur\">plus d&rsquo;informations<\/a>).<\/p>\n<p>En cliquant sur \u00ab J\u2019accepte tous les cookies \u00bb, vous autorisez des d\u00e9p\u00f4ts de cookies et autres traceurs pour le stockage de vos donn\u00e9es sur nos sites et applications \u00e0 des fins de personnalisation et de ciblage publicitaire.<\/p>\n<p class=\"consentModule_secondaryText\">Vous gardez la possibilit\u00e9 de retirer votre consentement \u00e0 tout moment en consultant notre <a href=\"https:\/\/www.leprogres.fr\/protection-des-donnees\" target=\"_blank\" title=\"Consulter notre politique de protection des donn\u00e9es\" rel=\"nofollow noopener\">politique de protection des donn\u00e9es<\/a>. <br \/>&#13;<br \/>\n            <a href=\"https:\/\/www.leprogres.fr\/faits-divers-justice\/2025\/06\/11\/javascript:Didomi.notice.show()\" class=\"consentModule_cmp\" rel=\"nofollow noopener\" target=\"_blank\">G\u00e9rer mes choix<\/a>&#13;\n        <\/p>\n<p>&#13;<br \/>\n                        J&rsquo;accepte&#13;<br \/>\n            J&rsquo;accepte tous les cookies&#13;\n        <\/p>\n<p>L\u2019individu a \u00e9t\u00e9 extrait de sa voiture et interpell\u00e9, sous les yeux de nombreux passants, avant d\u2019\u00eatre plac\u00e9 en garde \u00e0 vue.<\/p>\n<p>Une enqu\u00eate est en cours pour pr\u00e9ciser le d\u00e9roulement des faits, qui ont provoqu\u00e9 la col\u00e8re des chauffeurs de VTC en gr\u00e8ve.<\/p>\n","protected":false},"excerpt":{"rendered":"Ce mercredi apr\u00e8s-midi, alors que comme la veille, les VTC en gr\u00e8ve occupaient \u00e0 nouveau la rue Grenette,&hellip;\n","protected":false},"author":2,"featured_media":169065,"comment_status":"","ping_status":"","sticky":false,"template":"","format":"standard","meta":{"footnotes":""},"categories":[1889],"tags":[1111,11,2430,271,272,2757,1777,674,274,107,1011,27,2428,12354,12353,12,25,2429],"class_list":{"0":"post-169064","1":"post","2":"type-post","3":"status-publish","4":"format-standard","5":"has-post-thumbnail","7":"category-lyon","8":"tag-actu","9":"tag-actualites","10":"tag-auvergne-rhone-alpes","11":"tag-crime","12":"tag-delit-et-contravention","13":"tag-edition-lyon-villeurbanne","14":"tag-eu","15":"tag-europe","16":"tag-faits-divers-justice","17":"tag-fil-info","18":"tag-fr","19":"tag-france","20":"tag-lyon","21":"tag-lyon-2e","22":"tag-lyon-2e-arrondissement","23":"tag-news","24":"tag-republique-francaise","25":"tag-rhone"},"share_on_mastodon":{"url":"https:\/\/pubeurope.com\/@fr\/114666567451985234","error":""},"_links":{"self":[{"href":"https:\/\/www.europesays.com\/fr\/wp-json\/wp\/v2\/posts\/169064","targetHints":{"allow":["GET"]}}],"collection":[{"href":"https:\/\/www.europesays.com\/fr\/wp-json\/wp\/v2\/posts"}],"about":[{"href":"https:\/\/www.europesays.com\/fr\/wp-json\/wp\/v2\/types\/post"}],"author":[{"embeddable":true,"href":"https:\/\/www.europesays.com\/fr\/wp-json\/wp\/v2\/users\/2"}],"replies":[{"embeddable":true,"href":"https:\/\/www.europesays.com\/fr\/wp-json\/wp\/v2\/comments?post=169064"}],"version-history":[{"count":0,"href":"https:\/\/www.europesays.com\/fr\/wp-json\/wp\/v2\/posts\/169064\/revisions"}],"wp:featuredmedia":[{"embeddable":true,"href":"https:\/\/www.europesays.com\/fr\/wp-json\/wp\/v2\/media\/169065"}],"wp:attachment":[{"href":"https:\/\/www.europesays.com\/fr\/wp-json\/wp\/v2\/media?parent=169064"}],"wp:term":[{"taxonomy":"category","embeddable":true,"href":"https:\/\/www.europesays.com\/fr\/wp-json\/wp\/v2\/categories?post=169064"},{"taxonomy":"post_tag","embeddable":true,"href":"https:\/\/www.europesays.com\/fr\/wp-json\/wp\/v2\/tags?post=169064"}],"curies":[{"name":"wp","href":"https:\/\/api.w.org\/{rel}","templated":true}]}}