{"id":169076,"date":"2025-06-11T20:21:17","date_gmt":"2025-06-11T20:21:17","guid":{"rendered":"https:\/\/www.europesays.com\/fr\/169076\/"},"modified":"2025-06-11T20:21:17","modified_gmt":"2025-06-11T20:21:17","slug":"deux-clients-dun-bar-sautent-en-parachute-du-rooftop-une-enquete-ouverte","status":"publish","type":"post","link":"https:\/\/www.europesays.com\/fr\/169076\/","title":{"rendered":"Deux clients d\u2019un bar sautent en parachute du rooftop, une enqu\u00eate ouverte"},"content":{"rendered":"<p>Une sc\u00e8ne pour le moins insolite a eu lieu mardi soir \u00e0 l\u2019h\u00f4tel Pullman, dans le quartier de <a href=\"https:\/\/www.20minutes.fr\/dossier\/gare-montparnasse\" class=\"color-ultramarine c-link\" rel=\"nofollow noopener\" target=\"_blank\">Montparnasse<\/a>, \u00e0 <a href=\"https:\/\/www.20minutes.fr\/paris\/\" class=\"color-ultramarine c-link\" rel=\"nofollow noopener\" target=\"_blank\">Paris<\/a>. Trois hommes \u00e9quip\u00e9s de casques, sacs \u00e0 dos et cam\u00e9ras <a href=\"https:\/\/www.20minutes.fr\/dossier\/gopro\" class=\"color-ultramarine c-link\" rel=\"nofollow noopener\" target=\"_blank\">Go Pro <\/a>ont bu un cocktail au bar de l\u2019\u00e9tablissement avant que deux d\u2019entre eux ne grimpent au 32e \u00e9tage de la tour. Arriv\u00e9s au sommet de cette tour, haute de 115 m\u00e8tres, ils se sont \u00e9lanc\u00e9s en parachute, explique <a href=\"https:\/\/www.leparisien.fr\/paris-75\/paris-ils-sautent-en-parachutes-depuis-le-32e-etage-de-lhotel-pullman-11-06-2025-QQ3WCUARCBHUNGELCYLBBMMWEQ.php?ts=1749666488039\" rel=\"nofollow noopener\" target=\"_blank\" class=\"color-ultramarine c-link\">Le Parisien<\/a>.<\/p>\n<p>Leur saut, bien que ma\u00eetris\u00e9, a surpris les clients du Skybar et les passants.<\/p>\n<\/p>\n<p>Une enqu\u00eate ouverte<\/p>\n<p>La police a ouvert une enqu\u00eate. Ce type de saut, apparent\u00e9 \u00e0 du <a href=\"https:\/\/www.20minutes.fr\/dossier\/base_jump\" class=\"color-ultramarine c-link\" rel=\"nofollow noopener\" target=\"_blank\">base jump<\/a>, reste interdit dans ce type d\u2019environnement urbain en raison des risques encourus. L\u2019incident rappelle un pr\u00e9c\u00e9dent survenu en mars dernier, lorsqu\u2019<a href=\"https:\/\/www.20minutes.fr\/faits_divers\/faits-divers-paris\/4146007-20250329-paris-base-jumpeur-saute-dame-exposer-failles-securite-chantier\" class=\"color-ultramarine c-link\" rel=\"nofollow noopener\" target=\"_blank\">un homme avait saut\u00e9 en parachute depuis la fl\u00e8che de Notre-Dame<\/a>. Il avait \u00e9t\u00e9 interpell\u00e9 puis poursuivi pour mise en danger d\u2019autrui et intrusion dans un site historique.<\/p>\n","protected":false},"excerpt":{"rendered":"Une sc\u00e8ne pour le moins insolite a eu lieu mardi soir \u00e0 l\u2019h\u00f4tel Pullman, dans le quartier de&hellip;\n","protected":false},"author":2,"featured_media":169077,"comment_status":"","ping_status":"","sticky":false,"template":"","format":"standard","meta":{"footnotes":""},"categories":[1888],"tags":[47,11,30287,1777,674,118,1011,27,662,5480,12,30288,626,25,26666],"class_list":{"0":"post-169076","1":"post","2":"type-post","3":"status-publish","4":"format-standard","5":"has-post-thumbnail","7":"category-paris","8":"tag-actualite","9":"tag-actualites","10":"tag-base-jump","11":"tag-eu","12":"tag-europe","13":"tag-faits-divers","14":"tag-fr","15":"tag-france","16":"tag-ile-de-france","17":"tag-immeuble","18":"tag-news","19":"tag-parachutisme","20":"tag-paris","21":"tag-republique-francaise","22":"tag-saut"},"share_on_mastodon":{"url":"https:\/\/pubeurope.com\/@fr\/114666595298723526","error":""},"_links":{"self":[{"href":"https:\/\/www.europesays.com\/fr\/wp-json\/wp\/v2\/posts\/169076","targetHints":{"allow":["GET"]}}],"collection":[{"href":"https:\/\/www.europesays.com\/fr\/wp-json\/wp\/v2\/posts"}],"about":[{"href":"https:\/\/www.europesays.com\/fr\/wp-json\/wp\/v2\/types\/post"}],"author":[{"embeddable":true,"href":"https:\/\/www.europesays.com\/fr\/wp-json\/wp\/v2\/users\/2"}],"replies":[{"embeddable":true,"href":"https:\/\/www.europesays.com\/fr\/wp-json\/wp\/v2\/comments?post=169076"}],"version-history":[{"count":0,"href":"https:\/\/www.europesays.com\/fr\/wp-json\/wp\/v2\/posts\/169076\/revisions"}],"wp:featuredmedia":[{"embeddable":true,"href":"https:\/\/www.europesays.com\/fr\/wp-json\/wp\/v2\/media\/169077"}],"wp:attachment":[{"href":"https:\/\/www.europesays.com\/fr\/wp-json\/wp\/v2\/media?parent=169076"}],"wp:term":[{"taxonomy":"category","embeddable":true,"href":"https:\/\/www.europesays.com\/fr\/wp-json\/wp\/v2\/categories?post=169076"},{"taxonomy":"post_tag","embeddable":true,"href":"https:\/\/www.europesays.com\/fr\/wp-json\/wp\/v2\/tags?post=169076"}],"curies":[{"name":"wp","href":"https:\/\/api.w.org\/{rel}","templated":true}]}}