{"id":169082,"date":"2025-06-11T20:24:09","date_gmt":"2025-06-11T20:24:09","guid":{"rendered":"https:\/\/www.europesays.com\/fr\/169082\/"},"modified":"2025-06-11T20:24:09","modified_gmt":"2025-06-11T20:24:09","slug":"liran-menace-de-cibler-des-bases-americaines-les-etats-unis-retirent-du-personnel-diplomatique-liberation","status":"publish","type":"post","link":"https:\/\/www.europesays.com\/fr\/169082\/","title":{"rendered":"l\u2019Iran menace de cibler des bases am\u00e9ricaines, les Etats-Unis retirent du personnel diplomatique \u2013 Lib\u00e9ration"},"content":{"rendered":"<p class=\"sc-ksZaOG ehjQrN text-element\">Une crainte de dangereuse escalade. Les Etats-Unis ont annonc\u00e9 ce mercredi 11\u00a0juin une r\u00e9duction des effectifs de leur ambassade en Irak pour des raisons de s\u00e9curit\u00e9, alors que l\u2019Iran a menac\u00e9 les bases am\u00e9ricaines au Moyen-Orient en cas de conflit.<\/p>\n<p class=\"sc-ksZaOG ehjQrN text-element\">En cas d\u2019\u00e9chec<a href=\"https:\/\/www.liberation.fr\/international\/moyen-orient\/negociations-sur-le-nucleaire-donald-trump-menace-liran-tenace-20250516_YZK2B2BVJRG2TNGTXAJWXMF3L4\/\" target=\"_blank\" rel=\"noreferrer noopener\" title=\"https:\/\/www.liberation.fr\/international\/moyen-orient\/negociations-sur-le-nucleaire-donald-trump-menace-liran-tenace-20250516_YZK2B2BVJRG2TNGTXAJWXMF3L4\/\"> des n\u00e9gociations sur le programme nucl\u00e9aire iranien<\/a>, si \u00abun conflit nous est impos\u00e9, l\u2019autre camp subira assur\u00e9ment plus de pertes que nous\u00bb, a lanc\u00e9 le ministre iranien de la D\u00e9fense, Aziz Nasirzadeh. \u00abLeurs bases sont \u00e0 notre port\u00e9e\u00bb et \u00ables Etats-Unis devront quitter la r\u00e9gion.\u00bb<\/p>\n<p class=\"sc-ksZaOG ehjQrN text-element\">\u00abSur la base de notre derni\u00e8re analyse, nous avons d\u00e9cid\u00e9 de r\u00e9duire l\u2019empreinte de notre mission en Irak\u00bb, a d\u00e9clar\u00e9 un responsable am\u00e9ricain sous couvert d\u2019anonymat. S\u2019exprimant \u00e9galement sous anonymat, un responsable du D\u00e9partement d\u2019Etat a tenu un propos similaire, soulignant que le pr\u00e9sident Trump \u00e9tait \u00abd\u00e9termin\u00e9 \u00e0 assurer la s\u00e9curit\u00e9 des Am\u00e9ricains, dans le pays et \u00e0 l\u2019\u00e9tranger\u00bb. \u00abConform\u00e9ment \u00e0 cet engagement, nous \u00e9valuons en permanence\u00bb les effectifs des ambassades am\u00e9ricaines, a-t-il justifi\u00e9.<\/p>\n<p class=\"sc-ksZaOG ehjQrN text-element\">A Bagdad, un haut responsable de la s\u00e9curit\u00e9 irakien a confirm\u00e9 \u00e0 l\u2019AFP \u00abun retrait des employ\u00e9s non-essentiels\u00bb de l\u2019ambassade am\u00e9ricaine. \u00abNous allons oeuvrer \u00e0 emp\u00eacher toute attaque contre l\u2019ambassade\u00bb am\u00e9ricaine, a pr\u00e9cis\u00e9 ce responsable s\u2019exprimant sous anonymat, \u00e9voquant des \u00abcontacts\u00bb avec les groupes arm\u00e9s pro-iraniens \u00abpour les convaincre de ne pas tirer, ni prendre pour cible\u00bb la repr\u00e9sentation diplomatique. L\u2019agence de s\u00e9curit\u00e9 maritime UKMTO, g\u00e9r\u00e9e par la marine britannique, a pour sa part publi\u00e9 une note d\u2019information alertant sur \u00abla mont\u00e9e des tensions\u00bb au Moyen-Orient, susceptible d\u2019entra\u00eener \u00abune escalade des activit\u00e9s militaires avec un impact direct sur les marins\u00bb.<\/p>\n<p class=\"sc-ksZaOG ehjQrN text-element\">Les Etats-Unis disposent de nombreuses bases militaires dans le voisinage de l\u2019Iran, la plus importante \u00e9tant situ\u00e9e au Qatar, o\u00f9 le si\u00e8ge du commandement central de l\u2019arm\u00e9e am\u00e9ricaine au Moyen-Orient (Centcom) est install\u00e9.<\/p>\n<p class=\"sc-ksZaOG ehjQrN text-element\">L\u2019Iran et les Etats-Unis, autrefois proches alli\u00e9s mais \u00e0 couteaux tir\u00e9s depuis quatre d\u00e9cennies, ont tenu depuis avril cinq cycles de pourparlers sur le nucl\u00e9aire sous m\u00e9diation du sultanat d\u2019Oman. De nouvelles discussions sont pr\u00e9vues dimanche, selon l\u2019Iran. Le pr\u00e9sident am\u00e9ricain, Donald Trump, a lui annonc\u00e9 que cette r\u00e9union aurait lieu jeudi, tandis que le m\u00e9diateur omanais n\u2019a pas comment\u00e9.<\/p>\n<p class=\"sc-ksZaOG ehjQrN text-element\">\u00abJe suis beaucoup moins confiant (qu\u2019auparavant) de parvenir \u00e0 un accord\u00bb, avec l\u2019Iran, a d\u00e9clar\u00e9 Donald Trump dans un podcast du New York Post, enregistr\u00e9 lundi et diffus\u00e9 mercredi. \u00abIls semblent tergiverser\u00bb, a soulign\u00e9 le dirigeant am\u00e9ricain, qui a plusieurs fois menac\u00e9 de s\u2019en prendre militairement \u00e0 l\u2019Iran en cas d\u2019\u00e9chec de la diplomatie. \u00abCe serait mieux de le faire sans guerre. Sans morts, ce serait tellement mieux\u00bb, a mis en avant le chef d\u2019Etat r\u00e9publicain, ajoutant ne \u00abpas voir le m\u00eame enthousiasme\u00bb chez les Iraniens \u00abpour conclure un accord\u00bb.<\/p>\n<p class=\"sc-ksZaOG ehjQrN text-element\">Les deux pays <a href=\"https:\/\/www.liberation.fr\/international\/moyen-orient\/des-pourparlers-entre-les-etats-unis-et-liran-au-sujet-du-nucleaire-ce-samedi-a-rome-20250419_ULQTGL6ALBDJRI4SI4FJX24DX4\/\" target=\"_blank\" rel=\"noreferrer noopener\" title=\"https:\/\/www.liberation.fr\/international\/moyen-orient\/des-pourparlers-entre-les-etats-unis-et-liran-au-sujet-du-nucleaire-ce-samedi-a-rome-20250419_ULQTGL6ALBDJRI4SI4FJX24DX4\/\">tentent de s\u2019entendre<\/a> sur un potentiel texte qui emp\u00eacherait l\u2019Iran de se doter de l\u2019arme atomique &#8211; une ambition que T\u00e9h\u00e9ran se d\u00e9fend farouchement de nourrir &#8211; en \u00e9change d\u2019une lev\u00e9e des sanctions qui paralysent son \u00e9conomie. Les discussions butent notamment sur la question de l\u2019enrichissement d\u2019uranium. Les Etats-Unis exigent que l\u2019Iran y renonce totalement, tandis que T\u00e9h\u00e9ran consid\u00e8re cette demande comme non n\u00e9gociable, arguant qu\u2019elle est contraire au Trait\u00e9 de non-prolif\u00e9ration nucl\u00e9aire (TNP) dont il est signataire.<\/p>\n<p class=\"sc-ksZaOG ehjQrN text-element\">Selon l\u2019Agence internationale de l\u2019\u00e9nergie atomique (AIEA), l\u2019Iran est le seul Etat non dot\u00e9 d\u2019armes nucl\u00e9aires \u00e0 enrichir de l\u2019uranium \u00e0 un niveau \u00e9lev\u00e9 (60\u00a0%), bien au-del\u00e0 de la limite de 3,67\u00a0% fix\u00e9e par l\u2019accord multilat\u00e9ral sur le nucl\u00e9aire conclu avec l\u2019Iran en\u00a02015 mais dont les Etats-Unis se sont retir\u00e9s. Pour fabriquer une bombe atomique, l\u2019enrichissement doit \u00eatre pouss\u00e9 jusqu\u2019\u00e0 90\u00a0%, d\u2019apr\u00e8s l\u2019AIEA, gendarme onusien du nucl\u00e9aire.<\/p>\n<p class=\"sc-ksZaOG ehjQrN text-element\">En\u00a02018, Donald Trump en avait retir\u00e9 unilat\u00e9ralement son pays et r\u00e9tabli des sanctions am\u00e9ricaines contre l\u2019Iran.\u00a0En repr\u00e9sailles, T\u00e9h\u00e9ran a dans la foul\u00e9e fait monter en puissance son programme nucl\u00e9aire.<\/p>\n","protected":false},"excerpt":{"rendered":"Une crainte de dangereuse escalade. Les Etats-Unis ont annonc\u00e9 ce mercredi 11\u00a0juin une r\u00e9duction des effectifs de leur&hellip;\n","protected":false},"author":2,"featured_media":169083,"comment_status":"","ping_status":"","sticky":false,"template":"","format":"standard","meta":{"footnotes":""},"categories":[1589],"tags":[11,73,1866,3019,4884,12,3020,1864,1865,1863,308],"class_list":{"0":"post-169082","1":"post","2":"type-post","3":"status-publish","4":"format-standard","5":"has-post-thumbnail","7":"category-etats-unis","8":"tag-actualites","9":"tag-etats-unis","10":"tag-etats-unis-damerique","11":"tag-iran","12":"tag-iran-etats-unis","13":"tag-news","14":"tag-nucleaire-iranien","15":"tag-united-states","16":"tag-united-states-of-america","17":"tag-us","18":"tag-usa"},"share_on_mastodon":{"url":"https:\/\/pubeurope.com\/@fr\/114666606704973029","error":""},"_links":{"self":[{"href":"https:\/\/www.europesays.com\/fr\/wp-json\/wp\/v2\/posts\/169082","targetHints":{"allow":["GET"]}}],"collection":[{"href":"https:\/\/www.europesays.com\/fr\/wp-json\/wp\/v2\/posts"}],"about":[{"href":"https:\/\/www.europesays.com\/fr\/wp-json\/wp\/v2\/types\/post"}],"author":[{"embeddable":true,"href":"https:\/\/www.europesays.com\/fr\/wp-json\/wp\/v2\/users\/2"}],"replies":[{"embeddable":true,"href":"https:\/\/www.europesays.com\/fr\/wp-json\/wp\/v2\/comments?post=169082"}],"version-history":[{"count":0,"href":"https:\/\/www.europesays.com\/fr\/wp-json\/wp\/v2\/posts\/169082\/revisions"}],"wp:featuredmedia":[{"embeddable":true,"href":"https:\/\/www.europesays.com\/fr\/wp-json\/wp\/v2\/media\/169083"}],"wp:attachment":[{"href":"https:\/\/www.europesays.com\/fr\/wp-json\/wp\/v2\/media?parent=169082"}],"wp:term":[{"taxonomy":"category","embeddable":true,"href":"https:\/\/www.europesays.com\/fr\/wp-json\/wp\/v2\/categories?post=169082"},{"taxonomy":"post_tag","embeddable":true,"href":"https:\/\/www.europesays.com\/fr\/wp-json\/wp\/v2\/tags?post=169082"}],"curies":[{"name":"wp","href":"https:\/\/api.w.org\/{rel}","templated":true}]}}