{"id":169088,"date":"2025-06-11T20:27:10","date_gmt":"2025-06-11T20:27:10","guid":{"rendered":"https:\/\/www.europesays.com\/fr\/169088\/"},"modified":"2025-06-11T20:27:10","modified_gmt":"2025-06-11T20:27:10","slug":"avec-ou-sans-etoile-le-champion-deurope-devoile-son-nouveau-maillot","status":"publish","type":"post","link":"https:\/\/www.europesays.com\/fr\/169088\/","title":{"rendered":"Avec ou sans \u00e9toile\u00a0? Le champion d\u2019Europe d\u00e9voile son nouveau maillot"},"content":{"rendered":"<p>        <img decoding=\"async\" loading=\"lazy\" src=\"https:\/\/www.europesays.com\/fr\/wp-content\/uploads\/2025\/06\/bbb6424_upload-1-aibaoeku6gd7-dsc01370-enhanced-nr-3.jpg\"  width=\"728\" height=\"410\" alt=\"Le nouveau maillot du PSG de la saison 2025-2026\u00a0a \u00e9t\u00e9 d\u00e9voil\u00e9 par le Paris Saint-Germain, ce mercredi 11\u00a0juin.\"\/>  <\/p>\n<p>PSG<\/p>\n<p>Le nouveau maillot du PSG de la saison 2025-2026\u00a0a \u00e9t\u00e9 d\u00e9voil\u00e9 par le Paris Saint-Germain, ce mercredi 11\u00a0juin.<\/p>\n<p class=\"asset asset-text\">FOOTBALL &#8211; Le souvenir du sacre en <a href=\"https:\/\/www.huffingtonpost.fr\/sport\/article\/didier-deschamps-n-a-pas-apprecie-cette-question-sur-la-finale-de-la-ligue-des-champions-psg-inter-milan_250350.html\" target=\"_blank\" rel=\"noopener\">Ligue des Champions<\/a>, le 31 mai\u00a0\u00e0 Munich, restera-t-il grav\u00e9 sur la tunique du <a href=\"https:\/\/www.huffingtonpost.fr\/sport\/article\/le-psg-surclasse-l-inter-milan-en-finale-de-la-ligue-des-champions-et-remporte-son-premier-trophee-clx1_250748.html\" target=\"_blank\" rel=\"noopener\">PSG<\/a>\u00a0? Le Paris Saint-Germain a d\u00e9voil\u00e9 ce mercredi 11\u00a0juin le maillot domicile que les joueurs du club de la capitale porteront pour la saison 2025-2026. La fameuse \u00e9toile, symbolisant leur premier titre de champion d\u2019Europe n\u2019appara\u00eet pas dans la collection pr\u00e9sent\u00e9e, mais la petite star devrait au moins faire son retour lors de la Coupe du monde des clubs 2025.<\/p>\n<p class=\"asset asset-text\">D\u00e8s le 1er juin, au lendemain de la victoire parisienne contre l\u2019Inter, des milliers de supporters parisiens s\u2019\u00e9taient pr\u00e9ss\u00e9s dans les boutiques PSG pour acheter le maillot colllector, avec le flocage \u00ab\u00a0Champions of Europe\u00a0\u00bb et la fameuse \u00e9toile dor\u00e9e. Beaucoup de fans esp\u00e9raient que le dessin embl\u00e9matique reste, \u00e0 l\u2019instar de l\u2019OM, qui a gard\u00e9 une \u00e9toile au maillot apr\u00e8s son sacre en 1993.<\/p>\n<p class=\"asset asset-text\">Ce ne sera pas le cas pour les joueurs du PSG, en tout cas pas pour les recontres \u00e0 domicile. Le nouveau maillot du PSG arbore simplement les couleurs traditionnelles rouge et bleu du PSG,<strong> comme vous pouvez le voir dans le tweet ci-dessous<\/strong>. Avec une petite subtilit\u00e9\u00a0tout de m\u00eame : la tunique rend hommage \u00e0 la tour Eiffel.<\/p>\n<p> La lecture de ce contenu est susceptible d\u2019entra\u00eener un d\u00e9p\u00f4t de cookies de la part de l\u2019op\u00e9rateur tiers qui l\u2019h\u00e9berge. Compte-tenu des choix que vous avez exprim\u00e9s en mati\u00e8re de d\u00e9p\u00f4t de cookies, nous avons bloqu\u00e9 l\u2019affichage de ce contenu. Si vous souhaitez y acc\u00e9der, vous devez accepter la cat\u00e9gorie de cookies \u201cContenus tiers\u201d en cliquant sur le bouton ci-dessous. <\/p>\n<p> Lire la Vid\u00e9o        <\/p>\n<p class=\"asset asset-text\">\u00ab\u00a0Un graphisme en treillis inspir\u00e9 des structures m\u00e9talliques, clin d\u2019\u0153il assum\u00e9 \u00e0 l\u2019armature d\u2019un monument iconique de Paris, prenant ici une place centrale. Un hommage affirm\u00e9 \u00e0 l\u2019identit\u00e9 parisienne du Club et son h\u00e9ritage\u00a0\u00bb, d\u00e9crit le club de la capitale.<\/p>\n<p class=\"asset asset-text\">Ce nouveau maillot sera port\u00e9 pour la premi\u00e8re fois par les Parisiens \u00e0 l\u2019occasion du match de la Coupe du monde des clubs contre l\u2019Atl\u00e9tico de Madrid, ce dimanche 15\u00a0juin, \u00e0 Los Angeles. Pour l\u2019occasion, l\u2019\u00e9toile sera de sortie, comme l\u2019a annonc\u00e9 mardi Nasser Al-Khela\u00effi, dans l\u2019\u00e9mission C \u00e0 vous, sur France 5.<\/p>\n<p> La lecture de ce contenu est susceptible d\u2019entra\u00eener un d\u00e9p\u00f4t de cookies de la part de l\u2019op\u00e9rateur tiers qui l\u2019h\u00e9berge. Compte-tenu des choix que vous avez exprim\u00e9s en mati\u00e8re de d\u00e9p\u00f4t de cookies, nous avons bloqu\u00e9 l\u2019affichage de ce contenu. Si vous souhaitez y acc\u00e9der, vous devez accepter la cat\u00e9gorie de cookies \u201cContenus tiers\u201d en cliquant sur le bouton ci-dessous. <\/p>\n<p> Lire la Vid\u00e9o        <\/p>\n<p class=\"asset asset-text\">Mais le dirigeant qatari du PSG souhaitait maintenir le suspens\u00a0pour la saison \u00e0 venir\u00a0:  \u00ab\u00a0On n\u2019a pas encore d\u00e9cid\u00e9 si l\u2019\u00e9toile restera sur le maillot du PSG. Il faut qu\u2019on soit tr\u00e8s humbles. Le nom du PSG, c\u2019est le plus important.\u00a0\u00bb<\/p>\n","protected":false},"excerpt":{"rendered":"PSG Le nouveau maillot du PSG de la saison 2025-2026\u00a0a \u00e9t\u00e9 d\u00e9voil\u00e9 par le Paris Saint-Germain, ce mercredi&hellip;\n","protected":false},"author":2,"featured_media":169089,"comment_status":"","ping_status":"","sticky":false,"template":"","format":"standard","meta":{"footnotes":""},"categories":[1586],"tags":[11,1777,674,63,1011,27,447,10274,12,2332,25,517],"class_list":{"0":"post-169088","1":"post","2":"type-post","3":"status-publish","4":"format-standard","5":"has-post-thumbnail","7":"category-europe","8":"tag-actualites","9":"tag-eu","10":"tag-europe","11":"tag-football","12":"tag-fr","13":"tag-france","14":"tag-ligue-des-champions","15":"tag-maillot","16":"tag-news","17":"tag-paris-saint-germain-psg","18":"tag-republique-francaise","19":"tag-sport"},"share_on_mastodon":{"url":"https:\/\/pubeurope.com\/@fr\/114666618480916770","error":""},"_links":{"self":[{"href":"https:\/\/www.europesays.com\/fr\/wp-json\/wp\/v2\/posts\/169088","targetHints":{"allow":["GET"]}}],"collection":[{"href":"https:\/\/www.europesays.com\/fr\/wp-json\/wp\/v2\/posts"}],"about":[{"href":"https:\/\/www.europesays.com\/fr\/wp-json\/wp\/v2\/types\/post"}],"author":[{"embeddable":true,"href":"https:\/\/www.europesays.com\/fr\/wp-json\/wp\/v2\/users\/2"}],"replies":[{"embeddable":true,"href":"https:\/\/www.europesays.com\/fr\/wp-json\/wp\/v2\/comments?post=169088"}],"version-history":[{"count":0,"href":"https:\/\/www.europesays.com\/fr\/wp-json\/wp\/v2\/posts\/169088\/revisions"}],"wp:featuredmedia":[{"embeddable":true,"href":"https:\/\/www.europesays.com\/fr\/wp-json\/wp\/v2\/media\/169089"}],"wp:attachment":[{"href":"https:\/\/www.europesays.com\/fr\/wp-json\/wp\/v2\/media?parent=169088"}],"wp:term":[{"taxonomy":"category","embeddable":true,"href":"https:\/\/www.europesays.com\/fr\/wp-json\/wp\/v2\/categories?post=169088"},{"taxonomy":"post_tag","embeddable":true,"href":"https:\/\/www.europesays.com\/fr\/wp-json\/wp\/v2\/tags?post=169088"}],"curies":[{"name":"wp","href":"https:\/\/api.w.org\/{rel}","templated":true}]}}