{"id":169103,"date":"2025-06-11T20:36:11","date_gmt":"2025-06-11T20:36:11","guid":{"rendered":"https:\/\/www.europesays.com\/fr\/169103\/"},"modified":"2025-06-11T20:36:11","modified_gmt":"2025-06-11T20:36:11","slug":"ball-finale-des-play-offs-de-nationale-1-la-montee-se-joue-aussi-en-coulisses","status":"publish","type":"post","link":"https:\/\/www.europesays.com\/fr\/169103\/","title":{"rendered":"ball &#8211; Finale des play-offs de Nationale 1. La mont\u00e9e se joue aussi en coulisses"},"content":{"rendered":"<p>Si le Mulhouse BA remporte la finale des play-offs qui l\u2019oppose \u00e0 Vend\u00e9e Challans \u00e0 partir de ce vendredi (20\u00a0h) au Palais des sports, il validera son billet pour la Pro B. Sur le terrain, du moins. Car accumuler les victoires ne suffit pas pour pouvoir effectivement rejoindre l\u2019\u00e9chelon sup\u00e9rieur.<\/p>\n<p>Ind\u00e9pendamment de ses r\u00e9sultats sportifs, tout club candidat \u00e0 l\u2019accession \u00e0 l\u2019antichambre de l\u2019\u00c9lite doit en effet respecter les dispositions r\u00e9glementaires impos\u00e9es, ou vivement recommand\u00e9es, par la F\u00e9d\u00e9ration fran\u00e7aise de basket-ball (FFBB) dans sa lettre d\u2019intention d\u2019acc\u00e9der \u00e0 la seconde division masculine professionnelle.<\/p>\n<p>Le club doit par exemple, et il ne peut en aucun cas y d\u00e9roger puisqu\u2019il s\u2019agit d\u2019obligations, pouvoir compter sur un coach \u00e0 temps plein titulaire du Dipl\u00f4me d\u2019entra\u00eeneur professionnel de basket-ball (DEPB), et avoir au minimum six joueurs professionnels \u00e0 temps plein sur l\u2019ensemble de la saison. Il doit aussi,&#8230;<\/p>\n","protected":false},"excerpt":{"rendered":"Si le Mulhouse BA remporte la finale des play-offs qui l\u2019oppose \u00e0 Vend\u00e9e Challans \u00e0 partir de ce&hellip;\n","protected":false},"author":2,"featured_media":169104,"comment_status":"","ping_status":"","sticky":false,"template":"","format":"standard","meta":{"footnotes":""},"categories":[1414],"tags":[1465,1791,1464,1011,27,517,60],"class_list":{"0":"post-169103","1":"post","2":"type-post","3":"status-publish","4":"format-standard","5":"has-post-thumbnail","7":"category-basket","8":"tag-basket","9":"tag-basket-ball","10":"tag-basketball","11":"tag-fr","12":"tag-france","13":"tag-sport","14":"tag-sports"},"share_on_mastodon":{"url":"https:\/\/pubeurope.com\/@fr\/114666654223339397","error":""},"_links":{"self":[{"href":"https:\/\/www.europesays.com\/fr\/wp-json\/wp\/v2\/posts\/169103","targetHints":{"allow":["GET"]}}],"collection":[{"href":"https:\/\/www.europesays.com\/fr\/wp-json\/wp\/v2\/posts"}],"about":[{"href":"https:\/\/www.europesays.com\/fr\/wp-json\/wp\/v2\/types\/post"}],"author":[{"embeddable":true,"href":"https:\/\/www.europesays.com\/fr\/wp-json\/wp\/v2\/users\/2"}],"replies":[{"embeddable":true,"href":"https:\/\/www.europesays.com\/fr\/wp-json\/wp\/v2\/comments?post=169103"}],"version-history":[{"count":0,"href":"https:\/\/www.europesays.com\/fr\/wp-json\/wp\/v2\/posts\/169103\/revisions"}],"wp:featuredmedia":[{"embeddable":true,"href":"https:\/\/www.europesays.com\/fr\/wp-json\/wp\/v2\/media\/169104"}],"wp:attachment":[{"href":"https:\/\/www.europesays.com\/fr\/wp-json\/wp\/v2\/media?parent=169103"}],"wp:term":[{"taxonomy":"category","embeddable":true,"href":"https:\/\/www.europesays.com\/fr\/wp-json\/wp\/v2\/categories?post=169103"},{"taxonomy":"post_tag","embeddable":true,"href":"https:\/\/www.europesays.com\/fr\/wp-json\/wp\/v2\/tags?post=169103"}],"curies":[{"name":"wp","href":"https:\/\/api.w.org\/{rel}","templated":true}]}}