{"id":169109,"date":"2025-06-11T20:39:08","date_gmt":"2025-06-11T20:39:08","guid":{"rendered":"https:\/\/www.europesays.com\/fr\/169109\/"},"modified":"2025-06-11T20:39:08","modified_gmt":"2025-06-11T20:39:08","slug":"cyclisme-criterium-du-dauphine-mathieu-van-der-poel-jai-demande-a-evenepoel-si","status":"publish","type":"post","link":"https:\/\/www.europesays.com\/fr\/169109\/","title":{"rendered":"Cyclisme. Crit\u00e9rium du Dauphin\u00e9 &#8211; Mathieu van der Poel : \u00abJ&rsquo;ai demand\u00e9 \u00e0 Evenepoel si&#8230;\u00bb"},"content":{"rendered":"<p>Auteur d&rsquo;un chrono plus qu&rsquo;honorable,\u00a0<strong>Mathieu van der Poel <\/strong>(Alpecin-Deceuninck)\u00a0empile les places d&rsquo;honneur depuis le d\u00e9but du <strong><a href=\"https:\/\/www.cyclismactu.net\/..\/news-criterium-du-dauphine-route-ivan-romeo-3e-etape-et-jaune-van-der-poel-piege-88283.html\" target=\"_blank\" rel=\"nofollow noopener\">Crit\u00e9rium du Dauphin\u00e9<\/a><\/strong>. Le coureur n\u00e9erlandais a sign\u00e9 une sixi\u00e8me place, \u00e0 1 minute et 2 secondes du vainqueur. L&rsquo;int\u00e9ress\u00e9 n&rsquo;avait pas pour autant le classement g\u00e9n\u00e9ral comme objectif : \u00ab\u00a0Je savais que des gars comme Remco Evenepoel et les autres favoris allaient reprendre beaucoup de temps aujourd&rsquo;hui, donc le maillot jaune n&rsquo;\u00e9tait pas un objectif\u00a0\u00bb, indique-t-il. \u00ab\u00a0J\u2019ai demand\u00e9 \u00e0 Evenepoel il y a quelques semaines s\u2019il pensait que je pourrais finir \u00e0 moins d\u2019une minute de lui. C\u2019\u00e9tait serr\u00e9 (1\u201902\u2019\u2019), mais j\u2019ai encore du travail \u00e0 faire !\u00a0\u00bb<\/p>\n<p>Vid\u00e9o &#8211; La r\u00e9action de Remco Evenepoel apr\u00e8s sa victoire Lire la suite de l&rsquo;article&#13;<br \/>\n&#13;<br \/>\nUne derni\u00e8re opportunit\u00e9&#13;<\/p>\n<p>\u00ab\u00a0Je suis vraiment content de ma performance aujourd\u2019hui, surtout apr\u00e8s  avoir d\u00e9pens\u00e9 autant d\u2019\u00e9nergie hier dans l\u2019\u00e9chapp\u00e9e. Pendant la  reconnaissance et l\u2019\u00e9chauffement, je sentais la fatigue dans mes jambes,  mais j\u2019\u00e9tais motiv\u00e9 \u00e0 tout donner dans ce contre-la-montre\u00a0\u00bb, a-t-il expliqu\u00e9.<\/p>\n<p>&#13;<\/p>\n<p>Le vainqueur de <strong>Paris-Roubaix<\/strong> n&rsquo;est qu&rsquo;\u00e0 14 secondes du maillot jaune. Pour autant, les profils valonn\u00e9s et montagneux des \u00e9tapes \u00e0 venir semblent moins lui correspondre.\u00a0<strong>Mathieu van der Poel <\/strong>est en jambes mais il a peut \u00eatre laiss\u00e9 passer ses chances de victoire sur ce <strong>Crit\u00e9rium du Dauphin\u00e9<\/strong>. Sa derni\u00e8re possibilit\u00e9 devrait \u00eatre l&rsquo;\u00e9tape \u00e0 venir entre Saint-Priest et M\u00e2con, ce jeudi 12 juin.<\/p>\n<p>Criterium du Dauphine &#8211; Classement de la 4\u00e8 \u00e9tape Criterium du Dauphine &#8211; Classement g\u00e9n\u00e9ral provisoire apr\u00e8s la 4\u00e8 \u00e9tape<\/p>\n","protected":false},"excerpt":{"rendered":"Auteur d&rsquo;un chrono plus qu&rsquo;honorable,\u00a0Mathieu van der Poel (Alpecin-Deceuninck)\u00a0empile les places d&rsquo;honneur depuis le d\u00e9but du Crit\u00e9rium du&hellip;\n","protected":false},"author":2,"featured_media":169110,"comment_status":"","ping_status":"","sticky":false,"template":"","format":"standard","meta":{"footnotes":""},"categories":[1411],"tags":[24803,1154,207,211,1011,27,209,60,210,212,208,213],"class_list":{"0":"post-169109","1":"post","2":"type-post","3":"status-publish","4":"format-standard","5":"has-post-thumbnail","7":"category-cyclisme","8":"tag-criterium-du-dauphine","9":"tag-cycling","10":"tag-cyclisme","11":"tag-ffc","12":"tag-fr","13":"tag-france","14":"tag-route","15":"tag-sports","16":"tag-tour-de-france","17":"tag-uci","18":"tag-velo","19":"tag-world-tour"},"share_on_mastodon":{"url":"https:\/\/pubeurope.com\/@fr\/114666665624093003","error":""},"_links":{"self":[{"href":"https:\/\/www.europesays.com\/fr\/wp-json\/wp\/v2\/posts\/169109","targetHints":{"allow":["GET"]}}],"collection":[{"href":"https:\/\/www.europesays.com\/fr\/wp-json\/wp\/v2\/posts"}],"about":[{"href":"https:\/\/www.europesays.com\/fr\/wp-json\/wp\/v2\/types\/post"}],"author":[{"embeddable":true,"href":"https:\/\/www.europesays.com\/fr\/wp-json\/wp\/v2\/users\/2"}],"replies":[{"embeddable":true,"href":"https:\/\/www.europesays.com\/fr\/wp-json\/wp\/v2\/comments?post=169109"}],"version-history":[{"count":0,"href":"https:\/\/www.europesays.com\/fr\/wp-json\/wp\/v2\/posts\/169109\/revisions"}],"wp:featuredmedia":[{"embeddable":true,"href":"https:\/\/www.europesays.com\/fr\/wp-json\/wp\/v2\/media\/169110"}],"wp:attachment":[{"href":"https:\/\/www.europesays.com\/fr\/wp-json\/wp\/v2\/media?parent=169109"}],"wp:term":[{"taxonomy":"category","embeddable":true,"href":"https:\/\/www.europesays.com\/fr\/wp-json\/wp\/v2\/categories?post=169109"},{"taxonomy":"post_tag","embeddable":true,"href":"https:\/\/www.europesays.com\/fr\/wp-json\/wp\/v2\/tags?post=169109"}],"curies":[{"name":"wp","href":"https:\/\/api.w.org\/{rel}","templated":true}]}}