{"id":169119,"date":"2025-06-11T20:44:10","date_gmt":"2025-06-11T20:44:10","guid":{"rendered":"https:\/\/www.europesays.com\/fr\/169119\/"},"modified":"2025-06-11T20:44:10","modified_gmt":"2025-06-11T20:44:10","slug":"anne-elisabeth-lemoine-recadre-joeystarr-dans-c-a-vous","status":"publish","type":"post","link":"https:\/\/www.europesays.com\/fr\/169119\/","title":{"rendered":"Anne-Elisabeth Lemoine recadre JoeyStarr dans \u00abC \u00e0 vous\u00bb"},"content":{"rendered":"<p>L\u2019animatrice du talk-show de France 5 a soulign\u00e9 l\u2019impertinence de son invit\u00e9, en pleine promotion de la s\u00e9rie Le Rempla\u00e7ant ce mercredi soir.<\/p>\n<p class=\"fig-paragraph\">\u00abJe vais r\u00e9sumer \u201cde la maison m\u00e8re chez la m\u00e9nag\u00e8re\u201d pour ne pas dire \u201cnique ta m\u00e8re\u201d\u00bb,\u00a0<a href=\"http:\/\/tvmag.lefigaro.fr\/programme-tv\/actu-tele\/avec-joeystarr-le-ton-est-monte-paul-de-saint-sernin-revele-sa-seule-blague-coupee-au-montage-de-quelle-epoque-20250405\" target=\"_blank\" data-fig-type=\"Article\" rel=\"noopener nofollow\" data-gtm-custom-categorie=\"navigation\" data-gtm-custom-action=\"crossclick\" data-gtm-custom-label=\"Contextuel\" data-gtm-event=\"customEventSPE\" data-fig-domain=\"TVMAG\">JoeyStarr<\/a>\u00a0est l\u2019invit\u00e9 de \u00abC \u00e0 vous\u00bb ce mercredi 11 juin. Le rappeur devenu acteur s\u2019est montr\u00e9 impertinent dans le talk-show de France 5 au point qu\u2019<a href=\"http:\/\/tvmag.lefigaro.fr\/programme-tv\/actu-tele\/je-ne-pense-plus-qu-a-ca-l-aveu-d-anne-elisabeth-lemoine-a-tarek-boudali-sur-une-particularite-physique-20250530\" target=\"_blank\" data-fig-type=\"Article\" rel=\"noopener nofollow\" data-gtm-custom-categorie=\"navigation\" data-gtm-custom-action=\"crossclick\" data-gtm-custom-label=\"Contextuel\" data-gtm-event=\"customEventSPE\" data-fig-domain=\"TVMAG\">Anne-Elisabeth Lemoine<\/a>\u00a0a d\u00fb intervenir.<\/p>\n<p class=\"fig-paragraph\">Dans\u00a0<a href=\"http:\/\/tvmag.lefigaro.fr\/programme-tv\/audiences-tv\/audiences-meurtres-au-paradis-sur-france-2-devance-le-remplacant-avec-joey-starr-sur-tf1-20250610\" target=\"_blank\" data-fig-type=\"Article\" rel=\"noopener nofollow\" data-gtm-custom-categorie=\"navigation\" data-gtm-custom-action=\"crossclick\" data-gtm-custom-label=\"Contextuel\" data-gtm-event=\"customEventSPE\" data-fig-domain=\"TVMAG\">Le Rempla\u00e7ant<\/a>, la fiction de TF1 revenue pour une troisi\u00e8me saison, JoeyStarr \u00e9volue dans le milieu scolaire et donne la r\u00e9plique \u00e0 Fran\u00e7ois Berland. \u00abOn passe notre temps \u00e0 dire des conneries\u00bb, raconte-t-il en \u00e9voquant le tournage.<\/p>\n<p class=\"fig-paragraph\">\u00abDans cette saison, il est question des jeux cruels sur les r\u00e9seaux sociaux, d\u2019automutilation, de d\u00e9racinement, de d\u00e9crochage scolaire\u00bb, \u00e9num\u00e8re Patrick Cohen avant de poser sa question\u00a0: \u00abVous vouliez juste jouer un prof ou votre choix \u00e9tait de parler des probl\u00e8mes qui se posent aux jeunes, comme je viens de les citer\u00a0?\u00bb<\/p>\n<blockquote class=\"fig-quote&#10;    \">\n<p class=\"fig-quote__text\">Je suis quelqu\u2019un qui est incapable de se prendre au s\u00e9rieux plus de dix minutes.<\/p>\n<p>            JoeyStarr dans \u00abC \u00e0 vous\u00bb\n    <\/p><\/blockquote>\n<p class=\"fig-paragraph\">Mais un quiproquo s\u2019installe et le com\u00e9dien s\u2019agace\u00a0: \u00abDes cit\u00e9s\u00a0? Bah des jeunes tout court en fait\u00bb. Le journaliste pr\u00e9cise \u00e0 nouveau sa phrase\u00a0: \u00abcomme je viens de les citer, les probl\u00e8mes\u00bb. \u00abAh de les citer. Faites bien gaffe\u00bb, rebondit JoeyStarr.<\/p>\n<p class=\"fig-paragraph\">Quelques minutes plus tard, c\u2019est en direction d\u2019Anne-Elisabeth Lemoine que la vindicte du rappeur se dirige. \u00abJe ne sais pas faire les choses autrement qu\u2019en me racontant\u00bb, d\u00e9clare l\u2019ancien membre de NTM. La journaliste rebondit avec le sourire\u00a0: \u00abIl faut que \u00e7a aille quelque part\u00bb.<\/p>\n<p class=\"fig-paragraph\">\u00abVoil\u00e0\u00a0! Bah c\u2019est le but dans la vie d\u2019aller quelque part\u00a0?\u00bb, provoque en riant JoeyStarr. La pr\u00e9sentatrice recadre\u00a0: \u00abd\u2019\u00eatre aimable aussi deux secondes\u00bb. \u00abOui, je souris\u00bb, r\u00e9pond JoeyStarr. \u00abJe suis quelqu\u2019un qui est incapable de se prendre au s\u00e9rieux plus de dix minutes, c\u2019est un vrai projet de vie\u00bb, conclut-il.<\/p>\n","protected":false},"excerpt":{"rendered":"L\u2019animatrice du talk-show de France 5 a soulign\u00e9 l\u2019impertinence de son invit\u00e9, en pleine promotion de la s\u00e9rie&hellip;\n","protected":false},"author":2,"featured_media":169120,"comment_status":"","ping_status":"","sticky":false,"template":"","format":"standard","meta":{"footnotes":""},"categories":[1356],"tags":[497,496,5631,499,58,59,1011,27,30290,500,504,505,495,503,502,501,252,1364,498],"class_list":{"0":"post-169119","1":"post","2":"type-post","3":"status-publish","4":"format-standard","5":"has-post-thumbnail","7":"category-television","8":"tag-actu-tv","9":"tag-actualite-tv","10":"tag-anne-elisabeth-lemoine","11":"tag-buzz-tv","12":"tag-divertissement","13":"tag-entertainment","14":"tag-fr","15":"tag-france","16":"tag-joeystarr","17":"tag-medias","18":"tag-news-tele","19":"tag-news-television","20":"tag-news-tv","21":"tag-programme-tele","22":"tag-programme-tv","23":"tag-quiz-tv","24":"tag-television","25":"tag-tv","26":"tag-tv-actu"},"share_on_mastodon":{"url":"https:\/\/pubeurope.com\/@fr\/114666685299451153","error":""},"_links":{"self":[{"href":"https:\/\/www.europesays.com\/fr\/wp-json\/wp\/v2\/posts\/169119","targetHints":{"allow":["GET"]}}],"collection":[{"href":"https:\/\/www.europesays.com\/fr\/wp-json\/wp\/v2\/posts"}],"about":[{"href":"https:\/\/www.europesays.com\/fr\/wp-json\/wp\/v2\/types\/post"}],"author":[{"embeddable":true,"href":"https:\/\/www.europesays.com\/fr\/wp-json\/wp\/v2\/users\/2"}],"replies":[{"embeddable":true,"href":"https:\/\/www.europesays.com\/fr\/wp-json\/wp\/v2\/comments?post=169119"}],"version-history":[{"count":0,"href":"https:\/\/www.europesays.com\/fr\/wp-json\/wp\/v2\/posts\/169119\/revisions"}],"wp:featuredmedia":[{"embeddable":true,"href":"https:\/\/www.europesays.com\/fr\/wp-json\/wp\/v2\/media\/169120"}],"wp:attachment":[{"href":"https:\/\/www.europesays.com\/fr\/wp-json\/wp\/v2\/media?parent=169119"}],"wp:term":[{"taxonomy":"category","embeddable":true,"href":"https:\/\/www.europesays.com\/fr\/wp-json\/wp\/v2\/categories?post=169119"},{"taxonomy":"post_tag","embeddable":true,"href":"https:\/\/www.europesays.com\/fr\/wp-json\/wp\/v2\/tags?post=169119"}],"curies":[{"name":"wp","href":"https:\/\/api.w.org\/{rel}","templated":true}]}}