{"id":169123,"date":"2025-06-11T20:46:11","date_gmt":"2025-06-11T20:46:11","guid":{"rendered":"https:\/\/www.europesays.com\/fr\/169123\/"},"modified":"2025-06-11T20:46:11","modified_gmt":"2025-06-11T20:46:11","slug":"fast-and-furious-6-tf1-series-films","status":"publish","type":"post","link":"https:\/\/www.europesays.com\/fr\/169123\/","title":{"rendered":"Fast and Furious 6 | TF1 S\u00c9RIES FILMS"},"content":{"rendered":"<p id=\"descriptionPanel\" aria-labelledby=\"descriptionArrow\" aria-expanded=\"false\" class=\"mr-2 line-clamp-2 pr-2.5 text-secondary overflow-visible\">Apr\u00e8s le casse de Rio, Dom, Brian et toute leur \u00e9quipe se sont dispers\u00e9s dans le monde entier et vivent en cavale. Pendant ce temps, Luke Hobbs traque un groupe de chauffeurs mercenaires aux talents redoutables, dont le meneur, Shaw, est second\u00e9 d&rsquo;une de main de fer par Letty : l&rsquo;amour que Dom croyait avoir perdu pour toujours. Hobbs demande donc \u00e0 ce dernier de rassembler son \u00e9quipe de choc \u00e0 Londres. Ensemble, la bande met en place un plan d&rsquo;action. A la cl\u00e9, chacun des membres sera graci\u00e9 et retrouvera sa vie d&rsquo;avant si la mission est accomplie&#8230;<\/p>\n<p><a class=\"shrink-0\" href=\"https:\/\/www.tf1.fr\/tf1-series-films\/fast-and-furious-6\" rel=\"nofollow noopener\" target=\"_blank\"><img decoding=\"async\" src=\"https:\/\/www.europesays.com\/fr\/wp-content\/uploads\/2025\/06\/vignette-portrait-2-fast-and-furious-6-1ee31c-34d7cd-0@1x.jpg\" width=\"138\" height=\"184\" alt=\"\" loading=\"eager\" fetchpriority=\"auto\" class=\"aspect-[3\/4] h-24 w-auto rounded-3px\" aria-hidden=\"true\"\/><\/a><\/p>\n","protected":false},"excerpt":{"rendered":"Apr\u00e8s le casse de Rio, Dom, Brian et toute leur \u00e9quipe se sont dispers\u00e9s dans le monde entier&hellip;\n","protected":false},"author":2,"featured_media":169124,"comment_status":"","ping_status":"","sticky":false,"template":"","format":"standard","meta":{"footnotes":""},"categories":[1354],"tags":[58,59,30293,30292,2081,30291,1346,1011,27,1360,30295,30296,30294],"class_list":{"0":"post-169123","1":"post","2":"type-post","3":"status-publish","4":"format-standard","5":"has-post-thumbnail","7":"category-films","8":"tag-divertissement","9":"tag-entertainment","10":"tag-fast-and-furious-6","11":"tag-fast-and-furious-6-film","12":"tag-film","13":"tag-film-fast-and-furious-6","14":"tag-films","15":"tag-fr","16":"tag-france","17":"tag-movies","18":"tag-streaming-fast-and-furious-6","19":"tag-video-en-streaming-fast-and-furious-6","20":"tag-video-fast-and-furious-6"},"share_on_mastodon":{"url":"https:\/\/pubeurope.com\/@fr\/114666693222731409","error":""},"_links":{"self":[{"href":"https:\/\/www.europesays.com\/fr\/wp-json\/wp\/v2\/posts\/169123","targetHints":{"allow":["GET"]}}],"collection":[{"href":"https:\/\/www.europesays.com\/fr\/wp-json\/wp\/v2\/posts"}],"about":[{"href":"https:\/\/www.europesays.com\/fr\/wp-json\/wp\/v2\/types\/post"}],"author":[{"embeddable":true,"href":"https:\/\/www.europesays.com\/fr\/wp-json\/wp\/v2\/users\/2"}],"replies":[{"embeddable":true,"href":"https:\/\/www.europesays.com\/fr\/wp-json\/wp\/v2\/comments?post=169123"}],"version-history":[{"count":0,"href":"https:\/\/www.europesays.com\/fr\/wp-json\/wp\/v2\/posts\/169123\/revisions"}],"wp:featuredmedia":[{"embeddable":true,"href":"https:\/\/www.europesays.com\/fr\/wp-json\/wp\/v2\/media\/169124"}],"wp:attachment":[{"href":"https:\/\/www.europesays.com\/fr\/wp-json\/wp\/v2\/media?parent=169123"}],"wp:term":[{"taxonomy":"category","embeddable":true,"href":"https:\/\/www.europesays.com\/fr\/wp-json\/wp\/v2\/categories?post=169123"},{"taxonomy":"post_tag","embeddable":true,"href":"https:\/\/www.europesays.com\/fr\/wp-json\/wp\/v2\/tags?post=169123"}],"curies":[{"name":"wp","href":"https:\/\/api.w.org\/{rel}","templated":true}]}}