{"id":169127,"date":"2025-06-11T20:48:10","date_gmt":"2025-06-11T20:48:10","guid":{"rendered":"https:\/\/www.europesays.com\/fr\/169127\/"},"modified":"2025-06-11T20:48:10","modified_gmt":"2025-06-11T20:48:10","slug":"lom-mise-sur-deux-internationaux-anglais-accord-de-principe-avec-angel-gomes","status":"publish","type":"post","link":"https:\/\/www.europesays.com\/fr\/169127\/","title":{"rendered":"l\u2019OM mise sur deux internationaux anglais, accord de principe avec Angel Gomes"},"content":{"rendered":"<p>L\u2019Olympique de Marseille a jet\u00e9 son d\u00e9volu sur le milieu offensif Angel Gomes, ancien Lillois, et sur CJ Egan-Riley, d\u00e9fenseur central \u00e9voluant \u00e0 Burnley.<\/p>\n<p class=\"fig-paragraph\">L\u2019OM prend de plus en plus l\u2019accent anglais. Apr\u00e8s les signatures l\u2019\u00e9t\u00e9 dernier des attaquants\u00a0<a href=\"http:\/\/www.lefigaro.fr\/sports\/football\/ligue-des-champions\/foot-j-espere-etre-ici-l-an-prochain-pour-jouer-la-ligue-des-champions-mason-greenwood-fait-part-de-son-envie-de-rester-a-l-om-20250516\" target=\"_blank\" data-fig-type=\"NewsFlash\" rel=\"noopener\" data-gtm-custom-categorie=\"navigation\" data-gtm-custom-action=\"crossclick\" data-gtm-custom-label=\"Contextuel\" data-gtm-event=\"customEventSPE\" data-fig-domain=\"LEFIGARO\">Mason Greenwood\u00a0<\/a>et Jonathan Rowe,\u00a0<a href=\"http:\/\/www.lefigaro.fr\/sports\/football\/ligue-1\/om-laporte-medina-medhi-benatia-donne-quelques-pistes-sur-le-mercato-marseillais-20250519\" target=\"_blank\" data-fig-type=\"NewsFlash\" rel=\"noopener\" data-gtm-custom-categorie=\"navigation\" data-gtm-custom-action=\"crossclick\" data-gtm-custom-label=\"Contextuel\" data-gtm-event=\"customEventSPE\" data-fig-domain=\"LEFIGARO\">l\u2019Olympique de Marseille<\/a>\u00a0continue de piocher outre-Manche. Cette fois, pour renforcer sa d\u00e9fense et son milieu de terrain. Libre de tout contrat au 30 juin \u00e0 Lille, o\u00f9 il a pass\u00e9 quatre saisons, l\u2019Anglo-Portugais Angel Gomes (24 ans) devrait, sauf retournement de situation, devenir la premi\u00e8re recrue marseillaise de l\u2019\u00e9t\u00e9.<\/p>\n<p class=\"fig-paragraph\">Le milieu offensif de poche (1,68m), international chez les Three Lions (4 s\u00e9lections depuis 2024), a m\u00eame \u00e9t\u00e9 aper\u00e7u \u00e0 Marseille par certains supporters plac\u00e9s au bon endroit au bon moment. Selon plusieurs sources, Gomes va signer suite \u00e0 sa visite m\u00e9dicale un contrat de trois ans \u00e0 l\u2019OM, qui a officialis\u00e9 un accord ce mercredi soir. \u00abL\u2019Olympique de Marseille annonce avoir trouv\u00e9 un accord de principe avec Angel Gomes pour la venue au club du milieu international anglais\u00bb, peut-on lire sur les r\u00e9seaux sociaux officiels du club.<\/p>\n<p>Une surprise d\u00e9barque en d\u00e9fense<\/p>\n<p class=\"fig-paragraph\">Autre dossier, autre joueur libre. En parall\u00e8le de la signature de Gomes, la direction sportive phoc\u00e9enne a propos\u00e9 un contrat de quatre ans (jusqu\u2019en 2029) \u00e0 CJ Egan-Riley, d\u00e9fenseur central de 22 ans, indique\u00a0<a href=\"https:\/\/www.footmercato.net\/a2573426757365983928-lom-a-trouve-un-accord-avec-cj-egan-riley\" target=\"_blank\" rel=\"nofollow noopener\" data-gtm-custom-categorie=\"navigation\" data-gtm-custom-action=\"crossclick\" data-gtm-custom-label=\"Contextuel\" data-gtm-event=\"customEventSPE\">Foot Mercato.<\/a> \u00a0Proposition accept\u00e9e par le joueur ce mercredi soir. Form\u00e9 \u00e0 Manchester City, le futur Olympien a disput\u00e9 41 matchs cette saison sous les couleurs de Burnley en Championship. \u00abLes Clarets\u00bb, promus en Premier League, ont r\u00e9alis\u00e9 une saison historique sur le plan d\u00e9fensif en encaissant seulement 16 buts en 46 rencontres (plus petit ratio de l\u2019histoire du foot anglais).<\/p>\n<p class=\"fig-paragraph\">S\u00e9lectionn\u00e9 avec les Espoirs anglais pour l\u2019Euro qui d\u00e9bute cette semaine en Slovaquie, CJ Egan-Riley a brill\u00e9 aux c\u00f4t\u00e9s\u00a0<a href=\"http:\/\/www.lefigaro.fr\/sports\/football\/angleterre\/foot-maxime-esteve-des-que-je-suis-arrive-en-angleterre-on-m-a-dit-que-je-devais-prendre-5-6-kilos-20250307\" target=\"_blank\" data-fig-type=\"NewsFlash\" rel=\"noopener\" data-gtm-custom-categorie=\"navigation\" data-gtm-custom-action=\"crossclick\" data-gtm-custom-label=\"Contextuel\" data-gtm-event=\"customEventSPE\" data-fig-domain=\"LEFIGARO\">du Fran\u00e7ais Maxime Est\u00e8ve<\/a>\u00a0\u00e0 Burnley. Le 30 juin, lui aussi sera libre de s\u2019engager avec le club de son choix. L\u2019OM, d\u00e9sireux d\u2019\u00e9largir son effectif en d\u00e9fense, a semble-t-il rafl\u00e9 la mise. Une tendance aussit\u00f4t confirm\u00e9e par le communiqu\u00e9 partag\u00e9 par Burnley en d\u00e9but de soir\u00e9e. \u00abNous pouvons confirmer que CJ Egan-Riley a formellement rejet\u00e9 l\u2019offre de contrat du club et a d\u00e9cid\u00e9 de poursuivre une opportunit\u00e9 en France. Le Burnley FC tient \u00e0 remercier CJ pour sa contribution et lui souhaite bonne chance dans son avenir\u00bb, \u00e9crit le club anglais, vendant la m\u00e8che quant \u00e0 la future destination de son ex-prot\u00e9g\u00e9.<\/p>\n","protected":false},"excerpt":{"rendered":"L\u2019Olympique de Marseille a jet\u00e9 son d\u00e9volu sur le milieu offensif Angel Gomes, ancien Lillois, et sur CJ&hellip;\n","protected":false},"author":2,"featured_media":169128,"comment_status":"","ping_status":"","sticky":false,"template":"","format":"standard","meta":{"footnotes":""},"categories":[9],"tags":[69,2261,63,1011,27,3309,6201,453,66,446,1434,1176,70,67,60,969,10662],"class_list":{"0":"post-169127","1":"post","2":"type-post","3":"status-publish","4":"format-standard","5":"has-post-thumbnail","7":"category-sports","8":"tag-bundesliga","9":"tag-calcio","10":"tag-football","11":"tag-fr","12":"tag-france","13":"tag-l1","14":"tag-l2","15":"tag-liga","16":"tag-ligue-1","17":"tag-ligue-2","18":"tag-mercato","19":"tag-olympique-de-marseille","20":"tag-premier-league","21":"tag-serie-a","22":"tag-sports","23":"tag-transfert","24":"tag-transferts"},"share_on_mastodon":{"url":"https:\/\/pubeurope.com\/@fr\/114666701057308656","error":""},"_links":{"self":[{"href":"https:\/\/www.europesays.com\/fr\/wp-json\/wp\/v2\/posts\/169127","targetHints":{"allow":["GET"]}}],"collection":[{"href":"https:\/\/www.europesays.com\/fr\/wp-json\/wp\/v2\/posts"}],"about":[{"href":"https:\/\/www.europesays.com\/fr\/wp-json\/wp\/v2\/types\/post"}],"author":[{"embeddable":true,"href":"https:\/\/www.europesays.com\/fr\/wp-json\/wp\/v2\/users\/2"}],"replies":[{"embeddable":true,"href":"https:\/\/www.europesays.com\/fr\/wp-json\/wp\/v2\/comments?post=169127"}],"version-history":[{"count":0,"href":"https:\/\/www.europesays.com\/fr\/wp-json\/wp\/v2\/posts\/169127\/revisions"}],"wp:featuredmedia":[{"embeddable":true,"href":"https:\/\/www.europesays.com\/fr\/wp-json\/wp\/v2\/media\/169128"}],"wp:attachment":[{"href":"https:\/\/www.europesays.com\/fr\/wp-json\/wp\/v2\/media?parent=169127"}],"wp:term":[{"taxonomy":"category","embeddable":true,"href":"https:\/\/www.europesays.com\/fr\/wp-json\/wp\/v2\/categories?post=169127"},{"taxonomy":"post_tag","embeddable":true,"href":"https:\/\/www.europesays.com\/fr\/wp-json\/wp\/v2\/tags?post=169127"}],"curies":[{"name":"wp","href":"https:\/\/api.w.org\/{rel}","templated":true}]}}