{"id":169131,"date":"2025-06-11T20:50:10","date_gmt":"2025-06-11T20:50:10","guid":{"rendered":"https:\/\/www.europesays.com\/fr\/169131\/"},"modified":"2025-06-11T20:50:10","modified_gmt":"2025-06-11T20:50:10","slug":"le-choc-des-scientifiques-face-a-ces-images-du-pole-sud-du-soleil","status":"publish","type":"post","link":"https:\/\/www.europesays.com\/fr\/169131\/","title":{"rendered":"le choc des scientifiques face \u00e0 ces images du p\u00f4le sud du Soleil"},"content":{"rendered":"<p>La sonde Solar Orbiter de l&rsquo;Agence spatiale europ\u00e9enne a franchi une \u00e9tape sans pr\u00e9c\u00e9dent en observant le p\u00f4le Sud du Soleil depuis une orbite hors du plan de l&rsquo;\u00e9cliptique. Bien que cette prouesse rappelle les observations r\u00e9alis\u00e9es par la sonde Ulysse dans les ann\u00e9es 1990, elle se distingue par la technologie avanc\u00e9e des instruments de Solar Orbiter, capables d&rsquo;observations in\u00e9dites et\u00a0de capturer des images d\u00e9taill\u00e9es du Soleil dans les longueurs d&rsquo;onde\u00a0visibles \u2013 ce que ne permettait pas\u00a0Ulysse.\u00a0R\u00e9sultat :\u00a0la promesse d&rsquo;am\u00e9liorer de fa\u00e7on significative notre compr\u00e9hension du\u00a0fonctionnement de notre \u00e9toile.<\/p>\n<p>La <a href=\"https:\/\/www.futura-sciences.com\/sciences\/actualites\/solar-orbiter-sonde-solar-orbiter-etudiera-soleil-pres-depart-57645\/\" title=\"La sonde Solar Orbiter, qui \u00e9tudiera le Soleil de pr\u00e8s, est sur le d\u00e9part\" target=\"_blank\" rel=\"noopener\">sonde Solar Orbiter<\/a>, lanc\u00e9e par l&rsquo;<a href=\"https:\/\/www.futura-sciences.com\/sciences\/definitions\/univers-esa-2466\/\" class=\"typographies__SpanLink-sc-9uspqk-3 kVBOCJ\" universe=\"sciences\" target=\"_blank\" rel=\"noopener\">Agence spatiale europ\u00e9enne<\/a>Agence spatiale europ\u00e9enne (ESA)\u00a0en f\u00e9vrier 2020, a r\u00e9alis\u00e9 une avanc\u00e9e historique en capturant, pour la premi\u00e8re fois, des images des p\u00f4les du Soleil depuis l&rsquo;ext\u00e9rieur du plan de l&rsquo;\u00e9cliptique. Cette orbite inclin\u00e9e offre une perspective in\u00e9dite qui promet de transformer notre compr\u00e9hension du champ magn\u00e9tique solaire, du cycle solaire et de la <a href=\"https:\/\/www.futura-sciences.com\/sciences\/actualites\/meteosat-ce-satellite-va-t-il-transformer-previsions-meteo-europe-dela-118176\/\" title=\"Comment ce satellite va-t-il transformer les pr\u00e9visions m\u00e9t\u00e9o pour l\u2019Europe et au-del\u00e0 ?\" target=\"_blank\" rel=\"noopener\">m\u00e9t\u00e9orologie spatiale<\/a>.<\/p>\n<p>Une nouvelle perspective<\/p>\n<p>Traditionnellement, les observations solaires se concentraient principalement autour de l&rsquo;<a href=\"https:\/\/www.futura-sciences.com\/planete\/definitions\/terre-equateur-16873\/\" class=\"typographies__SpanLink-sc-9uspqk-3 kVBOCJ\" universe=\"sciences\" target=\"_blank\" rel=\"noopener\">\u00e9quateur<\/a>\u00e9quateur, car tous les engins spatiaux, y compris la Terre, gravitent autour du Soleil dans un disque plat, appel\u00e9 le plan de l&rsquo;\u00e9cliptique. Cependant, gr\u00e2ce \u00e0 cette position in\u00e9dite,\u00a0Solar Orbiter a pu observer le p\u00f4le Sud du Soleil sous des angles sans pr\u00e9c\u00e9dent, \u00e0 savoir 15 et 17 degr\u00e9s sous l&rsquo;\u00e9quateur. En inclinant son orbite hors du plan de l&rsquo;\u00e9cliptique, Solar Orbiter r\u00e9v\u00e8le le Soleil sous un jour totalement nouveau.<\/p>\n<p class=\"text-serif__TextSerif-sc-1k42w0e-0 Wrappers__Title-sc-16r06lo-0 jbaYIk kGyHAI\">Le saviez-vous ?<\/p>\n<p>En s&rsquo;\u00e9loignant du plan de l&rsquo;\u00e9cliptique, la sonde Solar Orbiter de l&rsquo;Agence spatiale europ\u00e9enne (ESA) a r\u00e9ussi \u00e0 observer le p\u00f4le Sud du Soleil sous un angle totalement in\u00e9dit. Bien que cette avanc\u00e9e technologique soit remarquable, elle n&rsquo;est pas compl\u00e8tement sans pr\u00e9c\u00e9dent. En effet, au d\u00e9but des ann\u00e9es 1990, la sonde Ulysse avait \u00e9galement r\u00e9alis\u00e9 des observations similaires, mais avec des param\u00e8tres orbitaux diff\u00e9rents. Cependant, ce qui distingue r\u00e9ellement ces deux missions, ce sont les instruments \u00e0 bord de la Solar Orbiter, qui permettent de capturer des images du Soleil dans les longueurs d&rsquo;onde\u00a0visibles. Cette capacit\u00e9 offre une perspective unique et enrichissante sur notre \u00e9toile.<\/p>\n<p>Des observations r\u00e9volutionnaires<\/p>\n<p>Sami Solanki, \u00e0 la t\u00eate de l&rsquo;\u00e9quipe de l&rsquo;instrument PHI \u00e0 l&rsquo;Institut Max-<a href=\"https:\/\/www.futura-sciences.com\/sciences\/definitions\/univers-satellite-planck-3793\/\" class=\"typographies__SpanLink-sc-9uspqk-3 kVBOCJ\" universe=\"sciences\" target=\"_blank\" rel=\"noopener\">Planck<\/a>Planck pour la recherche sur le <a href=\"https:\/\/www.futura-sciences.com\/sciences\/definitions\/univers-systeme-solaire-3728\/\" class=\"typographies__SpanLink-sc-9uspqk-3 kVBOCJ\" universe=\"sciences\" target=\"_blank\" rel=\"noopener\">syst\u00e8me solaire<\/a>syst\u00e8me solaire (MPS)\u00a0en Allemagne, a exprim\u00e9 l&rsquo;incertitude qui entourait ces premi\u00e8res observations : \u00ab Nous ne savions pas exactement \u00e0 quoi nous attendre &#8211; les p\u00f4les du Soleil sont litt\u00e9ralement une \u00ab\u00a0<a href=\"https:\/\/www.futura-sciences.com\/sciences\/definitions\/univers-terra-3800\/\" class=\"typographies__SpanLink-sc-9uspqk-3 kVBOCJ\" universe=\"sciences\" target=\"_blank\" rel=\"noopener\">terra<\/a>terra incognita\u00a0\u00bb. \u00bb Les r\u00e9sultats se sont r\u00e9v\u00e9l\u00e9s \u00e0 la hauteur des attentes, marquant une \u00ab nouvelle \u00e8re \u00bb dans l&rsquo;\u00e9tude du Soleil. Carole Mundell, directrice scientifique de l&rsquo;ESA, rappelle quant \u00e0 elle que \u00ab le Soleil est certes source de vie, mais il repr\u00e9sente aussi une menace pour nos soci\u00e9t\u00e9s modernes et pour l&rsquo;activit\u00e9 humaine et <a href=\"https:\/\/www.futura-sciences.com\/tech\/definitions\/robotique-robotique-603\/\" class=\"typographies__SpanLink-sc-9uspqk-3 kVBOCJ\" universe=\"sciences\" target=\"_blank\" rel=\"noopener\">robotique<\/a>robotique en orbite basse\u00a0\u00bb. Ainsi, mieux comprendre son fonctionnement et apprendre \u00e0 pr\u00e9dire son comportement est essentiel.<\/p>\n<p>Depuis ce\u00a0promontoire in\u00e9dit, les scientifiques s&rsquo;attendent \u00e0 d\u00e9couvrir des ph\u00e9nom\u00e8nes inattendus et \u00e0 r\u00e9aliser des avanc\u00e9es significatives dans leur compr\u00e9hension de divers aspects du Soleil, notamment son <a href=\"https:\/\/www.futura-sciences.com\/sciences\/actualites\/soleil-poles-magnetiques-soleil-vont-inverser-cest-bonne-nouvelle-nous-114788\/\" title=\"Les p\u00f4les magn\u00e9tiques du Soleil vont s&#039;inverser et c&#039;est une bonne nouvelle pour nous\" target=\"_blank\" rel=\"noopener\">champ magn\u00e9tique<\/a> et la dynamique des cycles solaires, qui se d\u00e9roulent sur une p\u00e9riode d&rsquo;environ 11 ans. Actuellement, les mod\u00e8les pr\u00e9dictifs ont des limites en ce qui concerne le timing et l&rsquo;intensit\u00e9 des maxima d&rsquo;activit\u00e9 solaire.<\/p>\n<\/p>\n<p class=\"fs-legende\">Le p\u00f4le Sud du Soleil observ\u00e9 par Solar Orbiter depuis une orbite in\u00e9dite. \u00a9 remy Decourt, YouTube<\/p>\n<p>D\u00e9couvertes cl\u00e9s<\/p>\n<p>D&rsquo;ores et d\u00e9j\u00e0, plusieurs d\u00e9couvertes marquantes ont \u00e9t\u00e9 annonc\u00e9es. Une des plus significatives concerne le champ magn\u00e9tique au p\u00f4le Sud, qui appara\u00eet actuellement d\u00e9sordonn\u00e9. Contrairement \u00e0 un <a href=\"https:\/\/www.futura-sciences.com\/sciences\/definitions\/matiere-aimant-3883\/\" class=\"typographies__SpanLink-sc-9uspqk-3 kVBOCJ\" universe=\"sciences\" target=\"_blank\" rel=\"noopener\">aimant<\/a>aimant traditionnel, qui a des p\u00f4les bien d\u00e9finis, une coexistence de champs de polarit\u00e9 nord et sud se manifeste au p\u00f4le Sud du Soleil. Ce ph\u00e9nom\u00e8ne est observ\u00e9 durant le maximum solaire, lorsque le champ magn\u00e9tique s&rsquo;inverse et que l&rsquo;activit\u00e9 solaire atteint son <a href=\"https:\/\/www.futura-sciences.com\/sciences\/definitions\/univers-apogee-853\/\" class=\"typographies__SpanLink-sc-9uspqk-3 kVBOCJ\" universe=\"sciences\" target=\"_blank\" rel=\"noopener\">apog\u00e9e<\/a>apog\u00e9e.<\/p>\n<p><a href=\"https:\/\/www.futura-sciences.com\/sciences\/actualites\/astronomie-plus-grands-mysteres-soleil-enfin-devoiles-sonde-solar-orbiter-107314\/\" class=\"link-no-gradient\" data-class-name=\"link-no-gradient\" target=\"_blank\" rel=\"noopener\"><\/p>\n<p class=\"text-serif__TextSerif-sc-1k42w0e-0 Wrappers__Title-piu70a-0 jbaYIk heMQQ\">Un des plus grands myst\u00e8res du Soleil enfin d\u00e9voil\u00e9s par la sonde Solar Orbiter<\/p>\n<p><\/a><\/p>\n<p>De plus, un des instruments de la sonde a r\u00e9ussi \u00e0 mesurer pour la premi\u00e8re fois la <a href=\"https:\/\/www.futura-sciences.com\/sciences\/definitions\/physique-vitesse-324\/\" class=\"typographies__SpanLink-sc-9uspqk-3 kVBOCJ\" universe=\"sciences\" target=\"_blank\" rel=\"noopener\">vitesse<\/a>vitesse de d\u00e9placement des amas de <a href=\"https:\/\/www.futura-sciences.com\/sciences\/definitions\/matiere-matiere-15841\/\" class=\"typographies__SpanLink-sc-9uspqk-3 kVBOCJ\" universe=\"sciences\" target=\"_blank\" rel=\"noopener\">mati\u00e8re<\/a>mati\u00e8re solaire gr\u00e2ce \u00e0 un suivi pr\u00e9cis des lignes spectrales. Ces donn\u00e9es permettent d&rsquo;analyser le <a href=\"https:\/\/www.futura-sciences.com\/sciences\/definitions\/physique-mouvement-316\/\" class=\"typographies__SpanLink-sc-9uspqk-3 kVBOCJ\" universe=\"sciences\" target=\"_blank\" rel=\"noopener\">mouvement<\/a>mouvement solaire, \u00e9l\u00e9ment essentiel pour comprendre le <a href=\"https:\/\/www.futura-sciences.com\/sciences\/actualites\/soleil-sonde-solar-orbiter-perce-secrets-vent-solaire-113722\/\" title=\"La sonde Solar Orbiter perce les secrets du vent solaire\" target=\"_blank\" rel=\"noopener\">vent solaire<\/a> &#8211; le flux de particules qui s&rsquo;\u00e9chappent du Soleil. Ce suivi promet de fournir des informations cruciales sur le m\u00e9canisme de production du <a href=\"https:\/\/www.futura-sciences.com\/sciences\/definitions\/univers-vent-solaire-2445\/\" class=\"typographies__SpanLink-sc-9uspqk-3 kVBOCJ\" universe=\"sciences\" target=\"_blank\" rel=\"noopener\">vent solaire<\/a>vent solaire.<\/p>\n<p>Perspectives futures<\/p>\n<p>Comme l&rsquo;ESA l&rsquo;indique dans son communiqu\u00e9 de <a href=\"https:\/\/www.futura-sciences.com\/tech\/comparatifs\/meilleure-imprimante-3d-comparatif\/\" title=\"Comparatif imprimante\" class=\"link-type-comparo\" target=\"_blank\" rel=\"noopener\">presse<\/a>, ces premi\u00e8res observations ne sont que le d\u00e9but et repr\u00e9sentent des r\u00e9sultats pr\u00e9liminaires. L&rsquo;ensemble des donn\u00e9es recueillies par Solar Orbiter, lors de son premier vol complet \u00ab d&rsquo;un p\u00f4le \u00e0 l&rsquo;autre \u00bb autour du Soleil, devrait arriver sur Terre en octobre 2025.<\/p>\n<p>Dans les prochaines ann\u00e9es, Solar Orbiter s&rsquo;\u00e9loignera davantage du plan de l&rsquo;\u00e9cliptique pour obtenir des vues toujours plus riches et in\u00e9dites des r\u00e9gions polaires du Soleil. Ces \u00ab\u00a0donn\u00e9es transformeront notre compr\u00e9hension du champ magn\u00e9tique, du vent solaire et de l&rsquo;activit\u00e9 du Soleil\u00a0\u00bb, comme le souligne Daniel M\u00fcller, responsable scientifique de la mission Solar Orbiter \u00e0 l&rsquo;ESA.<\/p>\n<p>En conclusion, les avanc\u00e9es r\u00e9alis\u00e9es par la sonde Solar Orbiter marquent un tournant dans l&rsquo;exploration solaire, nous rapprochant davantage d&rsquo;une compr\u00e9hension compl\u00e8te des m\u00e9canismes qui r\u00e9gissent <a href=\"https:\/\/www.futura-sciences.com\/sciences\/questions-reponses\/astronomie-mort-soleil-aura-lieu-fin-etoile-9545\/\" title=\"Mort du Soleil : quand et comment aura lieu la fin de l&#039;\u00e9toile ?\" target=\"_blank\" rel=\"noopener\">notre \u00e9toile<\/a> et, par cons\u00e9quent, notre Syst\u00e8me solaire.<\/p>\n","protected":false},"excerpt":{"rendered":"La sonde Solar Orbiter de l&rsquo;Agence spatiale europ\u00e9enne a franchi une \u00e9tape sans pr\u00e9c\u00e9dent en observant le p\u00f4le&hellip;\n","protected":false},"author":2,"featured_media":169132,"comment_status":"","ping_status":"","sticky":false,"template":"","format":"standard","meta":{"footnotes":""},"categories":[7],"tags":[6447,1011,27,30300,30298,43,40,41,39,30297,4904,30299,42,44],"class_list":{"0":"post-169131","1":"post","2":"type-post","3":"status-publish","4":"format-standard","5":"has-post-thumbnail","7":"category-sciences-et-technologies","8":"tag-esa","9":"tag-fr","10":"tag-france","11":"tag-image-du-soleil","12":"tag-pole-sud-du-soleil","13":"tag-science","14":"tag-science-and-technology","15":"tag-sciences","16":"tag-sciences-et-technologies","17":"tag-solar-orbiter","18":"tag-soleil","19":"tag-sonde-ulysse","20":"tag-technologies","21":"tag-technology"},"share_on_mastodon":{"url":"https:\/\/pubeurope.com\/@fr\/114666708935341829","error":""},"_links":{"self":[{"href":"https:\/\/www.europesays.com\/fr\/wp-json\/wp\/v2\/posts\/169131","targetHints":{"allow":["GET"]}}],"collection":[{"href":"https:\/\/www.europesays.com\/fr\/wp-json\/wp\/v2\/posts"}],"about":[{"href":"https:\/\/www.europesays.com\/fr\/wp-json\/wp\/v2\/types\/post"}],"author":[{"embeddable":true,"href":"https:\/\/www.europesays.com\/fr\/wp-json\/wp\/v2\/users\/2"}],"replies":[{"embeddable":true,"href":"https:\/\/www.europesays.com\/fr\/wp-json\/wp\/v2\/comments?post=169131"}],"version-history":[{"count":0,"href":"https:\/\/www.europesays.com\/fr\/wp-json\/wp\/v2\/posts\/169131\/revisions"}],"wp:featuredmedia":[{"embeddable":true,"href":"https:\/\/www.europesays.com\/fr\/wp-json\/wp\/v2\/media\/169132"}],"wp:attachment":[{"href":"https:\/\/www.europesays.com\/fr\/wp-json\/wp\/v2\/media?parent=169131"}],"wp:term":[{"taxonomy":"category","embeddable":true,"href":"https:\/\/www.europesays.com\/fr\/wp-json\/wp\/v2\/categories?post=169131"},{"taxonomy":"post_tag","embeddable":true,"href":"https:\/\/www.europesays.com\/fr\/wp-json\/wp\/v2\/tags?post=169131"}],"curies":[{"name":"wp","href":"https:\/\/api.w.org\/{rel}","templated":true}]}}