{"id":169137,"date":"2025-06-11T20:53:09","date_gmt":"2025-06-11T20:53:09","guid":{"rendered":"https:\/\/www.europesays.com\/fr\/169137\/"},"modified":"2025-06-11T20:53:09","modified_gmt":"2025-06-11T20:53:09","slug":"alex-hitchens-risque-la-prison-et-une-amende-pour-avoir-raccroche-au-nez-des-deputes","status":"publish","type":"post","link":"https:\/\/www.europesays.com\/fr\/169137\/","title":{"rendered":"Alex Hitchens risque la prison et une amende pour avoir raccroch\u00e9 au nez des d\u00e9put\u00e9s"},"content":{"rendered":"<p>Le \u00ab\u00a0m\u00e2le alpha\u00a0\u00bb a quitt\u00e9 la conversation. Mardi, le cr\u00e9ateur de contenus, coutumier des <a href=\"https:\/\/www.20minutes.fr\/societe\/masculinisme\/\" class=\"color-ultramarine c-link\" target=\"_blank\" rel=\"noopener\">discours masculinistes<\/a> et coach de vie autoproclam\u00e9, Alex Hitchens a brusquement raccroch\u00e9 au nez des d\u00e9put\u00e9s lors de son audition en visioconf\u00e9rence par la <a href=\"https:\/\/www.20minutes.fr\/societe\/4157873-20250611-commission-tiktok-influenceurs-rejettent-responsabilite-parents-plateformes\" class=\"color-ultramarine c-link\" target=\"_blank\" rel=\"noopener\">commission d\u2019enqu\u00eate <\/a>sur les effets psychologiques de <a href=\"https:\/\/www.20minutes.fr\/high-tech\/tiktok\/\" class=\"color-ultramarine c-link\" target=\"_blank\" rel=\"noopener\">TikTok<\/a> sur les mineurs. Un geste d\u2019humeur qui pourrait avoir des cons\u00e9quences plus lourdes que les formations en drague vendues sur son site Internet.<\/p>\n<p>\u00ab\u00a0Il y a plusieurs pistes sur la table, la judiciarisation en fait partie, a confirm\u00e9 \u00e0 20 Minutes le d\u00e9put\u00e9 socialiste et pr\u00e9sident de la commission Arthur Delaporte, \u00e9voquant la r\u00e9ponse pr\u00e9vue \u00e0 cette situation \u00ab\u00a0in\u00e9dite\u00a0\u00bb. \u00ab\u00a0On n\u2019a pas encore pris de d\u00e9cision \u00e0 ce stade, on r\u00e9fl\u00e9chit \u00e0 la meilleure mani\u00e8re de traiter l\u2019affaire\u00a0\u00bb, pr\u00e9cise-t-il. L\u2019influenceur pourrait notamment \u00eatre reconvoqu\u00e9.<\/p>\n<p>Jusqu\u2019\u00e0 deux ans de prison<\/p>\n<p>Que dit le r\u00e8glement\u00a0? Les commissions d\u2019enqu\u00eate disposent de pouvoirs particuliers, notamment le droit de citation directe. Selon l\u2019ordonnance du 17\u00a0novembre 1958 qui r\u00e9git ces instances, \u00ab\u00a0toute personne dont une commission d\u2019enqu\u00eate a jug\u00e9 l\u2019audition utile est tenue de d\u00e9f\u00e9rer \u00e0 la convocation qui lui est d\u00e9livr\u00e9e, si besoin est, par un huissier ou un agent de la force publique, \u00e0 la requ\u00eate du pr\u00e9sident de la commission\u00a0\u00bb. La pr\u00e9sence du vid\u00e9aste \u00e9tait donc bien obligatoire.<\/p>\n<p>De plus, toujours selon l\u2019ordonnance, \u00ab\u00a0la personne qui ne compara\u00eet pas ou refuse de d\u00e9poser ou de pr\u00eater serment devant une commission d\u2019enqu\u00eate est passible de deux ans d\u2019emprisonnement et de 7.500 euros d\u2019amende\u00a0\u00bb. \u00ab\u00a0Il a interrompu une d\u00e9position en cours\u00a0\u00bb, rappelle Arthur Delaporte.<\/p>\n<p>\u00ab\u00a0Nous \u00e9tions face \u00e0 des gens qui ont cherch\u00e9 \u00e0 faire le buzz avec les auditions, qui les ont mises en sc\u00e8ne et qui ont m\u00eame cherch\u00e9 le clash\u00a0\u00bb, d\u00e9plore le d\u00e9put\u00e9. La commission entendait \u00e9galement mardi les anciennes stars de t\u00e9l\u00e9r\u00e9alit\u00e9 <a href=\"https:\/\/www.20minutes.fr\/high-tech\/by-the-web\/4153671-20250515-ad-laurent-influenceur-tiktok-dont-contenus-sexistes-denonces-gouvernement\" class=\"color-ultramarine c-link\" target=\"_blank\" rel=\"noopener\">AD Laurent, cr\u00e9ateur de contenus controvers\u00e9<\/a>, le couple Julien et Manon Tanti, ainsi que Nasdas, l\u2019influenceur de Perpignan.<\/p>\n<\/p>\n<p>\u00ab\u00a0On est dans un cadre s\u00e9rieux, il faut \u00eatre s\u00e9rieux\u00a0\u00bb, abonde l\u2019\u00e9lu, fustigeant un \u00ab\u00a0un refus de respecter des r\u00e8gles de politesse essentielles\u00a0\u00bb.<\/p>\n<p>\u00ab\u00a0Au revoir monsieur\u00a0\u00bb<\/p>\n<p>C\u2019est \u00e0 l\u2019issue d\u2019un \u00e9change houleux avec le pr\u00e9sident de la commission Arthur Delaporte qu\u2019Alex Hitchens, de son vrai nom Isac Mayembo, a d\u00e9cid\u00e9 de quitter son audition en visioconf\u00e9rence. Alors qu\u2019il \u00e9tait interrog\u00e9 sur l\u2019une de ses d\u00e9clarations, selon laquelle <a href=\"https:\/\/www.20minutes.fr\/actu-generale\/4082108-20240319-face-alex-hitchens-femmes-reapproprient-rue-apres-22-heures-tiktok\" class=\"color-ultramarine c-link\" target=\"_blank\" rel=\"noopener\">les femmes n\u2019avaient \u00ab\u00a0rien \u00e0 faire dans la rue apr\u00e8s 22 heures\u00a0\u00bb<\/a>, le vid\u00e9aste a accus\u00e9 les \u00e9lus de d\u00e9contextualiser ses propos. \u00ab\u00a0Vous avez pris dix secondes de mon propos, vous l\u2019avez isol\u00e9 et vous venez de me le balancer \u00e0 la gueule. C\u2019est le probl\u00e8me de TikTok\u00a0\u00bb, s\u2019est-il agac\u00e9 avant d\u2019\u00eatre repris par le pr\u00e9sident de la commission. \u00ab\u00a0Oui enfin\u2026 Vous prenez son t\u00e9l\u00e9phone, si elle refuse, c\u2019est une p***, fin de relation, c\u2019est tout aussi probl\u00e9matique\u00a0\u00bb, lance Arthur Delaporte, avant de reprendre la parole.<\/p>\n<blockquote class=\"twitter-tweet\" align=\"center\" data-lang=\"fr_FR\">\n<p lang=\"fr\" dir=\"ltr\">Auditionn\u00e9 par la commission d\u2019enqu\u00eate sur les effets psychologiques de TikTok sur les mineurs, l\u2019influenceur Alex Hitchens a quitt\u00e9 la visioconf\u00e9rence, agac\u00e9 par la question du pr\u00e9sident <a href=\"https:\/\/twitter.com\/ArthurDelaporte?ref_src=twsrc%5Etfw\" target=\"_blank\" rel=\"noopener\">@ArthurDelaporte<\/a>. C\u2019est un manque de respect envers nos institutions et les Fran\u00e7ais\u2e31es. <a href=\"https:\/\/t.co\/q6qz2xTXg5\">pic.twitter.com\/q6qz2xTXg5<\/a><\/p>\n<p>\u2014 Sophie Taill\u00e9-Polian (@STaillePolian) <a href=\"https:\/\/twitter.com\/STaillePolian\/status\/1932463240644121057?ref_src=twsrc%5Etfw\" target=\"_blank\" rel=\"noopener\">June 10, 2025<\/a><\/p><\/blockquote>\n<p class=\"mb-m@xs text-l@xs\">En cliquant sur\u00ab J\u2019accepte \u00bb, vous acceptez le d\u00e9p\u00f4t de cookies par des services externes et aurez ainsi acc\u00e8s aux contenus de nos partenaires.<\/p>\n<p class=\"mb-xl@xs text-s@xs\">Plus d\u2019informations sur la page<a href=\"https:\/\/www.20minutes.fr\/gestion-cookies\" class=\"mx-xxs@xs color-ultramarine\" target=\"_blank\" rel=\"noopener\">Politique de gestion des cookies<\/a><\/p>\n<p>J\u2019accepte<\/p>\n<p>Une interruption qui n\u2019a pas plu au cr\u00e9ateur de contenus. Apr\u00e8s plusieurs amorces de phrases et de \u00ab\u00a0laissez-moi finir\u00a0\u00bb, <a href=\"https:\/\/www.20minutes.fr\/arts-stars\/web\/influenceur\/\" class=\"color-ultramarine c-link\" target=\"_blank\" rel=\"noopener\">l\u2019influenceur,<\/a> suivi par plus de 650.000 personnes sur TikTok, a fini par craquer. \u00ab\u00a0Au revoir monsieur, bonne journ\u00e9e\u00a0\u00bb, a-t-il conclu, avant de se d\u00e9connecter. \u00ab\u00a0Il est 16h24, l\u2019audience est suspendue. Le temps de recontacter M. Hitchens pour l\u2019informer qu\u2019on ne peut pas quitter une audition sans qu\u2019on lui ait sugg\u00e9r\u00e9\u00a0\u00bb, annonce alors Arthur Delaporte.<\/p>\n<p>Des relances rest\u00e9es sans r\u00e9ponse de la part d\u2019Hitchens, au pseudonyme inspir\u00e9 du personnage de Will Smith dans <a href=\"https:\/\/www.20minutes.fr\/arts-stars\/people\/4138826-20250216-realisateur-hitch-deplore-comportement-peu-reluisant-will-smith-tournage\" class=\"color-ultramarine c-link\" target=\"_blank\" rel=\"noopener\">le film Hitch, expert en s\u00e9duction<\/a>. Sauf sur son site Internet. \u00ab\u00a0Aujourd\u2019hui, j\u2019ai r\u00e9pondu \u00e0 une commission parlementaire en direct. Ils pensaient me pi\u00e9ger, ils ont eu un cours gratuit de rh\u00e9torique, de droit, et de r\u00e9partie. R\u00e9sultat\u00a0: j\u2019ai retourn\u00e9 leur s\u00e9ance comme un d\u00e9bat d\u2019\u00e9cole de commerce\u00a0\u00bb, peut-on lire dans un message, assorti d\u2019une promotion sp\u00e9ciale \u00ab\u00a0<a href=\"https:\/\/www.20minutes.fr\/dossier\/assemblee_nationale\" class=\"color-ultramarine c-link\" target=\"_blank\" rel=\"noopener\">Assembl\u00e9e nationale<\/a>\u00a0\u00bb qui pr\u00e9voit une formation achet\u00e9e, une offerte.<\/p>\n<p><script async src=\"https:\/\/platform.twitter.com\/widgets.js\" charset=\"utf-8\"><\/script><\/p>\n","protected":false},"excerpt":{"rendered":"Le \u00ab\u00a0m\u00e2le alpha\u00a0\u00bb a quitt\u00e9 la conversation. Mardi, le cr\u00e9ateur de contenus, coutumier des discours masculinistes et coach&hellip;\n","protected":false},"author":2,"featured_media":169138,"comment_status":"","ping_status":"","sticky":false,"template":"","format":"standard","meta":{"footnotes":""},"categories":[4],"tags":[47,11,416,7904,422,1011,27,2438,3851,1123,30301,12,25,938,104,2439],"class_list":{"0":"post-169137","1":"post","2":"type-post","3":"status-publish","4":"format-standard","5":"has-post-thumbnail","7":"category-france","8":"tag-actualite","9":"tag-actualites","10":"tag-assemblee-nationale","11":"tag-by-the-web","12":"tag-depute","13":"tag-fr","14":"tag-france","15":"tag-influenceur","16":"tag-masculinisme","17":"tag-mineur","18":"tag-misogynie","19":"tag-news","20":"tag-republique-francaise","21":"tag-reseaux-sociaux","22":"tag-societe","23":"tag-tiktok"},"share_on_mastodon":{"url":"https:\/\/pubeurope.com\/@fr\/114666720710239773","error":""},"_links":{"self":[{"href":"https:\/\/www.europesays.com\/fr\/wp-json\/wp\/v2\/posts\/169137","targetHints":{"allow":["GET"]}}],"collection":[{"href":"https:\/\/www.europesays.com\/fr\/wp-json\/wp\/v2\/posts"}],"about":[{"href":"https:\/\/www.europesays.com\/fr\/wp-json\/wp\/v2\/types\/post"}],"author":[{"embeddable":true,"href":"https:\/\/www.europesays.com\/fr\/wp-json\/wp\/v2\/users\/2"}],"replies":[{"embeddable":true,"href":"https:\/\/www.europesays.com\/fr\/wp-json\/wp\/v2\/comments?post=169137"}],"version-history":[{"count":0,"href":"https:\/\/www.europesays.com\/fr\/wp-json\/wp\/v2\/posts\/169137\/revisions"}],"wp:featuredmedia":[{"embeddable":true,"href":"https:\/\/www.europesays.com\/fr\/wp-json\/wp\/v2\/media\/169138"}],"wp:attachment":[{"href":"https:\/\/www.europesays.com\/fr\/wp-json\/wp\/v2\/media?parent=169137"}],"wp:term":[{"taxonomy":"category","embeddable":true,"href":"https:\/\/www.europesays.com\/fr\/wp-json\/wp\/v2\/categories?post=169137"},{"taxonomy":"post_tag","embeddable":true,"href":"https:\/\/www.europesays.com\/fr\/wp-json\/wp\/v2\/tags?post=169137"}],"curies":[{"name":"wp","href":"https:\/\/api.w.org\/{rel}","templated":true}]}}