{"id":169141,"date":"2025-06-11T20:55:38","date_gmt":"2025-06-11T20:55:38","guid":{"rendered":"https:\/\/www.europesays.com\/fr\/169141\/"},"modified":"2025-06-11T20:55:38","modified_gmt":"2025-06-11T20:55:38","slug":"loire-interpelle-avec-174-gramme-dalcool-et-une-arme-factice-a-saint-etienne","status":"publish","type":"post","link":"https:\/\/www.europesays.com\/fr\/169141\/","title":{"rendered":"Loire. Interpell\u00e9 avec 1,74 gramme d\u2019alcool et une arme factice \u00e0 Saint-Etienne"},"content":{"rendered":"<p>Un l\u00e9ger vent de panique a agit\u00e9 le centre-ville st\u00e9phanois lundi 9\u00a0juin en d\u00e9but de soir\u00e9e. Il \u00e9tait environ 21 heures quand des riverains ont signal\u00e9 la pr\u00e9sence d\u2019un homme arm\u00e9 \u00e0 proximit\u00e9 de la rue Rouget-de-L\u2019Isle, \u00e0 quelques encablures de la place Jean-Jaur\u00e8s dans l\u2019hypercentre st\u00e9phanois.<\/p>\n<p>  \u00c9galement en possession d\u2019un couteau<\/p>\n<p>Rapidement sur place, un \u00e9quipage de la Brigade anticriminalit\u00e9 de la police nationale parvient \u00e0 rep\u00e9rer l\u2019individu gr\u00e2ce aux signalements donn\u00e9s par les t\u00e9moins. Les fonctionnaires proc\u00e8dent alors au contr\u00f4le de s\u00e9curit\u00e9 et \u00e0 des palpations au cours desquelles ils vont retrouver, sous son t-shirt, une arme de type air-soft. Ils vont \u00e9galement mettre la main sur un couteau positionn\u00e9 dans l\u2019une de ses poches.<\/p>\n<p>Le d\u00e9pistage alcoolique va, de plus, se r\u00e9v\u00e9ler positif puisqu\u2019apr\u00e8s qu\u2019il a souffl\u00e9 dans l\u2019\u00e9thylom\u00e8tre, l\u2019homme \u00e2g\u00e9 de 44 ans et habitant de Saint-Etienne, a pr\u00e9sent\u00e9 un taux de 1,74 gramme d\u2019alcool par litre de sang. Interpell\u00e9 et plac\u00e9 en garde \u00e0 vue, le quadrag\u00e9naire s\u2019est vu notifier \u00e0 l\u2019issue une convocation devant le tribunal correctionnel de Saint-Etienne au cours des prochaines semaines.<\/p>\n","protected":false},"excerpt":{"rendered":"Un l\u00e9ger vent de panique a agit\u00e9 le centre-ville st\u00e9phanois lundi 9\u00a0juin en d\u00e9but de soir\u00e9e. Il \u00e9tait&hellip;\n","protected":false},"author":2,"featured_media":169142,"comment_status":"","ping_status":"","sticky":false,"template":"","format":"standard","meta":{"footnotes":""},"categories":[9653],"tags":[1111,11,2430,271,272,7539,1777,674,274,1011,27,3367,12,25,4001,7538,104],"class_list":{"0":"post-169141","1":"post","2":"type-post","3":"status-publish","4":"format-standard","5":"has-post-thumbnail","7":"category-saint-etienne","8":"tag-actu","9":"tag-actualites","10":"tag-auvergne-rhone-alpes","11":"tag-crime","12":"tag-delit-et-contravention","13":"tag-edition-loire-sud","14":"tag-eu","15":"tag-europe","16":"tag-faits-divers-justice","17":"tag-fr","18":"tag-france","19":"tag-loire","20":"tag-news","21":"tag-republique-francaise","22":"tag-saint-etienne","23":"tag-saint-etienne-ville","24":"tag-societe"},"share_on_mastodon":{"url":"https:\/\/pubeurope.com\/@fr\/114666728554863839","error":""},"_links":{"self":[{"href":"https:\/\/www.europesays.com\/fr\/wp-json\/wp\/v2\/posts\/169141","targetHints":{"allow":["GET"]}}],"collection":[{"href":"https:\/\/www.europesays.com\/fr\/wp-json\/wp\/v2\/posts"}],"about":[{"href":"https:\/\/www.europesays.com\/fr\/wp-json\/wp\/v2\/types\/post"}],"author":[{"embeddable":true,"href":"https:\/\/www.europesays.com\/fr\/wp-json\/wp\/v2\/users\/2"}],"replies":[{"embeddable":true,"href":"https:\/\/www.europesays.com\/fr\/wp-json\/wp\/v2\/comments?post=169141"}],"version-history":[{"count":0,"href":"https:\/\/www.europesays.com\/fr\/wp-json\/wp\/v2\/posts\/169141\/revisions"}],"wp:featuredmedia":[{"embeddable":true,"href":"https:\/\/www.europesays.com\/fr\/wp-json\/wp\/v2\/media\/169142"}],"wp:attachment":[{"href":"https:\/\/www.europesays.com\/fr\/wp-json\/wp\/v2\/media?parent=169141"}],"wp:term":[{"taxonomy":"category","embeddable":true,"href":"https:\/\/www.europesays.com\/fr\/wp-json\/wp\/v2\/categories?post=169141"},{"taxonomy":"post_tag","embeddable":true,"href":"https:\/\/www.europesays.com\/fr\/wp-json\/wp\/v2\/tags?post=169141"}],"curies":[{"name":"wp","href":"https:\/\/api.w.org\/{rel}","templated":true}]}}