{"id":169145,"date":"2025-06-11T20:57:18","date_gmt":"2025-06-11T20:57:18","guid":{"rendered":"https:\/\/www.europesays.com\/fr\/169145\/"},"modified":"2025-06-11T20:57:18","modified_gmt":"2025-06-11T20:57:18","slug":"photos-le-phallus-de-titan-pret-a-faire-son-grand-retour-au-jardin-botanique-jean-marie-pelt","status":"publish","type":"post","link":"https:\/\/www.europesays.com\/fr\/169145\/","title":{"rendered":"Photos . Le phallus de titan pr\u00eat \u00e0 faire son grand retour au jardin botanique Jean-Marie-Pelt"},"content":{"rendered":"<p>Deux ans apr\u00e8s une premi\u00e8re floraison spectaculaire, le\u00a0Jardin botanique Jean-Marie-Pelt de Villers-l\u00e8s-Nancy se pr\u00e9pare \u00e0 revivre l&rsquo;\u00e9closion rare et \u00e9ph\u00e9m\u00e8re du phallus de titan, la plus grande plante du monde au parfum redout\u00e9.\u00a0Annonc\u00e9e initialement entre les 15 et 25 juin, la floraison pourrait finalement survenir d\u00e8s le 17 juin.\u00a0\u00c0 quelques jours de l&rsquo;\u00e9closion, la curiosit\u00e9 monte en fl\u00e8che autour de cet arum titan pr\u00eat \u00e0 d\u00e9voiler sa majest\u00e9 \u00e9ph\u00e9m\u00e8re. Immersion en images dans l&rsquo;attente d&rsquo;un ph\u00e9nom\u00e8ne v\u00e9g\u00e9tal hors norme.\u00a0<\/p>\n","protected":false},"excerpt":{"rendered":"Deux ans apr\u00e8s une premi\u00e8re floraison spectaculaire, le\u00a0Jardin botanique Jean-Marie-Pelt de Villers-l\u00e8s-Nancy se pr\u00e9pare \u00e0 revivre l&rsquo;\u00e9closion rare&hellip;\n","protected":false},"author":2,"featured_media":169146,"comment_status":"","ping_status":"","sticky":false,"template":"","format":"standard","meta":{"footnotes":""},"categories":[9635],"tags":[1111,11,1687,1704,436,1777,674,1011,27,2798,775,3354,3457,1702,12,3456,25,273,10261],"class_list":{"0":"post-169145","1":"post","2":"type-post","3":"status-publish","4":"format-standard","5":"has-post-thumbnail","7":"category-nancy","8":"tag-actu","9":"tag-actualites","10":"tag-culture-loisirs","11":"tag-edition-nancy-et-agglomeration","12":"tag-environnement","13":"tag-eu","14":"tag-europe","15":"tag-fr","16":"tag-france","17":"tag-galerie-photo","18":"tag-grand-est","19":"tag-jardin","20":"tag-meurthe-et-moselle","21":"tag-nancy","22":"tag-news","23":"tag-region-lorraine","24":"tag-republique-francaise","25":"tag-selection-de-la-redaction","26":"tag-villers-les-nancy"},"share_on_mastodon":{"url":"https:\/\/pubeurope.com\/@fr\/114666736515051681","error":""},"_links":{"self":[{"href":"https:\/\/www.europesays.com\/fr\/wp-json\/wp\/v2\/posts\/169145","targetHints":{"allow":["GET"]}}],"collection":[{"href":"https:\/\/www.europesays.com\/fr\/wp-json\/wp\/v2\/posts"}],"about":[{"href":"https:\/\/www.europesays.com\/fr\/wp-json\/wp\/v2\/types\/post"}],"author":[{"embeddable":true,"href":"https:\/\/www.europesays.com\/fr\/wp-json\/wp\/v2\/users\/2"}],"replies":[{"embeddable":true,"href":"https:\/\/www.europesays.com\/fr\/wp-json\/wp\/v2\/comments?post=169145"}],"version-history":[{"count":0,"href":"https:\/\/www.europesays.com\/fr\/wp-json\/wp\/v2\/posts\/169145\/revisions"}],"wp:featuredmedia":[{"embeddable":true,"href":"https:\/\/www.europesays.com\/fr\/wp-json\/wp\/v2\/media\/169146"}],"wp:attachment":[{"href":"https:\/\/www.europesays.com\/fr\/wp-json\/wp\/v2\/media?parent=169145"}],"wp:term":[{"taxonomy":"category","embeddable":true,"href":"https:\/\/www.europesays.com\/fr\/wp-json\/wp\/v2\/categories?post=169145"},{"taxonomy":"post_tag","embeddable":true,"href":"https:\/\/www.europesays.com\/fr\/wp-json\/wp\/v2\/tags?post=169145"}],"curies":[{"name":"wp","href":"https:\/\/api.w.org\/{rel}","templated":true}]}}