{"id":169149,"date":"2025-06-11T20:59:10","date_gmt":"2025-06-11T20:59:10","guid":{"rendered":"https:\/\/www.europesays.com\/fr\/169149\/"},"modified":"2025-06-11T20:59:10","modified_gmt":"2025-06-11T20:59:10","slug":"a-six-fours-hommage-a-jean-philippe-toujas-lancien-proviseur-du-lycee-de-la-coudouliere-brutalement-decede","status":"publish","type":"post","link":"https:\/\/www.europesays.com\/fr\/169149\/","title":{"rendered":"A Six-Fours, hommage \u00e0 Jean-Philippe Toujas, l&rsquo;ancien proviseur du lyc\u00e9e de la Coudouli\u00e8re brutalement d\u00e9c\u00e9d\u00e9"},"content":{"rendered":"<p>Mercredi, la municipalit\u00e9 a d\u00e9voil\u00e9 la plaque du parvis du lyc\u00e9e professionnel de la Coudouli\u00e8re, d\u00e9sormais rebaptis\u00e9 en hommage \u00e0 Jean-Philippe Toujas, proviseur de l\u2019\u00e9tablissement de 2017 jusqu\u2019\u00e0 son d\u00e9c\u00e8s brutal dans un accident en mai 2024. Un moment charg\u00e9 d\u2019\u00e9motion, tant pour sa famille que pour les lyc\u00e9ens, parents d\u2019\u00e9l\u00e8ves et enseignants venus saluer la m\u00e9moire d\u2019un homme unanimement d\u00e9crit comme d\u00e9termin\u00e9, humain et profond\u00e9ment engag\u00e9. \u00ab\u00a0Il faisait tout pour les \u00e9l\u00e8ves. Il les portait \u00e0 bout de bras, a souffl\u00e9 un parent d\u2019\u00e9l\u00e8ve. Il laisse un grand vide.\u00a0\u00bb<\/p>\n<p>Un proviseur qui croyait en chaque \u00e9l\u00e8ve<\/p>\n<p>De l\u2019avis de tous, Jean-Philippe Toujas n\u2019\u00e9tait pas un chef d\u2019\u00e9tablissement comme les autres. Ceux qui l\u2019ont connu \u00e9voquent un homme de terrain, pr\u00eat \u00e0 d\u00e9marcher lui-m\u00eame les entreprises pour placer certains de ses \u00e9l\u00e8ves en stage, de crainte de les voir rater leur chance. Sous sa direction, le lyc\u00e9e s\u2019est transform\u00e9: mise en place d\u2019un jardin p\u00e9dagogique, partenariats actifs avec la SNSM, et surtout, la cr\u00e9ation d\u2019un BTS M\u00e9catronique navale en lien avec la Marine nationale. Des projets concrets pour pr\u00e9parer les jeunes au monde professionnel.<\/p>\n<p>Figure respect\u00e9e de la SNSM<\/p>\n<p>Au-del\u00e0 de son r\u00f4le de proviseur, Jean-Philippe Toujas \u00e9tait un b\u00e9n\u00e9vole actif de la station SNSM de Bandol. Il a fortement contribu\u00e9 \u00e0 rapprocher les mondes de l\u2019\u00e9ducation et du sauvetage en mer, impliquant les \u00e9l\u00e8ves dans l\u2019entretien des vedettes et la sensibilisation \u00e0 la s\u00e9curit\u00e9 maritime.<\/p>\n<p>Jean-Luc Cercio, pr\u00e9sident de la station, a pris la parole pour raconter comment, le jour de l\u2019anniversaire de sa disparition, l\u2019\u00e9quipage s\u2019est rendu en mer, exactement l\u00e0 o\u00f9 les cendres de leur camarade avaient \u00e9t\u00e9 dispers\u00e9es, pour lui rendre hommage. \u00ab\u00a0L\u2019\u00e9motion \u00e9tait terrible.\u00a0\u00bb Son fils, visiblement \u00e9mu, a lui aussi pris la parole, remerciant les nombreux \u00e9l\u00e8ves, coll\u00e8gues et habitants venus lui rendre hommage. \u00ab\u00a0Ce lyc\u00e9e, c\u2019\u00e9tait plus qu\u2019un lieu de travail pour mon p\u00e8re. Il croyait profond\u00e9ment que chaque jeune m\u00e9ritait une chance. Merci aux \u00e9l\u00e8ves qui nous ont fait part de leur tristesse apr\u00e8s sa perte et aux membres de la SNSM qui ont \u00e9t\u00e9 pr\u00e9sents dans tous les instants pour notre famille. Merci \u00e0 ceux qui continuent de faire vivre son engagement.\u00a0\u00bb<\/p>\n<p>Une plaque et un symbole<\/p>\n<p>La c\u00e9r\u00e9monie s\u2019est conclue sur les mots appuy\u00e9s du maire, Jean-S\u00e9bastien Vialatte, en lien avec l\u2019actualit\u00e9 tragique survenue cette semaine devant un \u00e9tablissement scolaire: \u00ab\u00a0Cet hommage prend une r\u00e9sonance particuli\u00e8re aujourd\u2019hui. Ce sont des hommes et des femmes comme les autres, qui s\u2019occupent de nos enfants. La soci\u00e9t\u00e9 serait bien inspir\u00e9e de faire en sorte qu\u2019ils ne se retrouvent plus confront\u00e9s \u00e0 de tels ph\u00e9nom\u00e8nes.\u00a0\u00bb<\/p>\n<p>              <img ci-src=\"https:\/\/www.varmatin.com\/vie-locale\/protec\/DATA_ART_15698911-izwD8OhX.png?vh=867949&amp;ci_seal=84a8a8ff6f\" alt=\"\"\/><br \/>\n        Jean-Philippe Toujas.  <strong>Photos C. Go..<\/strong> <\/p>\n","protected":false},"excerpt":{"rendered":"Mercredi, la municipalit\u00e9 a d\u00e9voil\u00e9 la plaque du parvis du lyc\u00e9e professionnel de la Coudouli\u00e8re, d\u00e9sormais rebaptis\u00e9 en&hellip;\n","protected":false},"author":2,"featured_media":169150,"comment_status":"","ping_status":"","sticky":false,"template":"","format":"standard","meta":{"footnotes":""},"categories":[9619],"tags":[1111,11,1777,674,1011,27,12,882,25,2310,3366],"class_list":{"0":"post-169149","1":"post","2":"type-post","3":"status-publish","4":"format-standard","5":"has-post-thumbnail","7":"category-toulon","8":"tag-actu","9":"tag-actualites","10":"tag-eu","11":"tag-europe","12":"tag-fr","13":"tag-france","14":"tag-news","15":"tag-provence-alpes-cote-dazur","16":"tag-republique-francaise","17":"tag-toulon","18":"tag-vie-locale"},"share_on_mastodon":{"url":"https:\/\/pubeurope.com\/@fr\/114666744320368424","error":""},"_links":{"self":[{"href":"https:\/\/www.europesays.com\/fr\/wp-json\/wp\/v2\/posts\/169149","targetHints":{"allow":["GET"]}}],"collection":[{"href":"https:\/\/www.europesays.com\/fr\/wp-json\/wp\/v2\/posts"}],"about":[{"href":"https:\/\/www.europesays.com\/fr\/wp-json\/wp\/v2\/types\/post"}],"author":[{"embeddable":true,"href":"https:\/\/www.europesays.com\/fr\/wp-json\/wp\/v2\/users\/2"}],"replies":[{"embeddable":true,"href":"https:\/\/www.europesays.com\/fr\/wp-json\/wp\/v2\/comments?post=169149"}],"version-history":[{"count":0,"href":"https:\/\/www.europesays.com\/fr\/wp-json\/wp\/v2\/posts\/169149\/revisions"}],"wp:featuredmedia":[{"embeddable":true,"href":"https:\/\/www.europesays.com\/fr\/wp-json\/wp\/v2\/media\/169150"}],"wp:attachment":[{"href":"https:\/\/www.europesays.com\/fr\/wp-json\/wp\/v2\/media?parent=169149"}],"wp:term":[{"taxonomy":"category","embeddable":true,"href":"https:\/\/www.europesays.com\/fr\/wp-json\/wp\/v2\/categories?post=169149"},{"taxonomy":"post_tag","embeddable":true,"href":"https:\/\/www.europesays.com\/fr\/wp-json\/wp\/v2\/tags?post=169149"}],"curies":[{"name":"wp","href":"https:\/\/api.w.org\/{rel}","templated":true}]}}