{"id":169159,"date":"2025-06-11T21:05:11","date_gmt":"2025-06-11T21:05:11","guid":{"rendered":"https:\/\/www.europesays.com\/fr\/169159\/"},"modified":"2025-06-11T21:05:11","modified_gmt":"2025-06-11T21:05:11","slug":"metropole-de-grenoble-un-homme-de-22-ans-arrete-en-possession-dun-pistolet-automatique","status":"publish","type":"post","link":"https:\/\/www.europesays.com\/fr\/169159\/","title":{"rendered":"M\u00e9tropole de Grenoble. Un homme de 22 ans arr\u00eat\u00e9 en possession d\u2019un pistolet automatique"},"content":{"rendered":"<p>Les policiers grenoblois ont proc\u00e9d\u00e9 au contr\u00f4le de plusieurs individus, ce mercredi 11\u00a0juin en d\u00e9but d\u2019apr\u00e8s-midi \u00e0 Saint-Martin-d\u2019H\u00e8res.<\/p>\n<p>C\u2019est ainsi qu\u2019un homme de 22 ans, trouv\u00e9 porteur d\u2019une bombe lacrymog\u00e8ne mais aussi d\u2019une arme de poing, en l\u2019occurrence un pistolet automatique de calibre 22 Long Rifle (non approvisionn\u00e9), a \u00e9t\u00e9 interpell\u00e9 rue de la Poste et plac\u00e9 en garde \u00e0 vue.<\/p>\n<p>Ce contenu est bloqu\u00e9 car vous n&rsquo;avez pas accept\u00e9 les cookies et autres traceurs.<\/p>\n<p>En cliquant sur \u00ab J\u2019accepte \u00bb, les cookies et autres traceurs seront d\u00e9pos\u00e9s et vous pourrez visualiser les contenus  (<a href=\"\" class=\"consentModule_policy\" target=\"_blank\" title=\"Consulter la politique de protection des donn\u00e9es du fournisseur\">plus d&rsquo;informations<\/a>).<\/p>\n<p>En cliquant sur \u00ab J\u2019accepte tous les cookies \u00bb, vous autorisez des d\u00e9p\u00f4ts de cookies et autres traceurs pour le stockage de vos donn\u00e9es sur nos sites et applications \u00e0 des fins de personnalisation et de ciblage publicitaire.<\/p>\n<p class=\"consentModule_secondaryText\">Vous gardez la possibilit\u00e9 de retirer votre consentement \u00e0 tout moment en consultant notre <a href=\"https:\/\/www.ledauphine.com\/protection-des-donnees\" target=\"_blank\" title=\"Consulter notre politique de protection des donn\u00e9es\" rel=\"nofollow noopener\">politique de protection des donn\u00e9es<\/a>. <br \/>&#13;<br \/>\n            <a href=\"https:\/\/www.ledauphine.com\/faits-divers-justice\/2025\/06\/11\/javascript:Didomi.notice.show()\" class=\"consentModule_cmp\" rel=\"nofollow noopener\" target=\"_blank\">G\u00e9rer mes choix<\/a>&#13;\n        <\/p>\n<p>&#13;<br \/>\n                        J&rsquo;accepte&#13;<br \/>\n            J&rsquo;accepte tous les cookies&#13;\n        <\/p>\n","protected":false},"excerpt":{"rendered":"Les policiers grenoblois ont proc\u00e9d\u00e9 au contr\u00f4le de plusieurs individus, ce mercredi 11\u00a0juin en d\u00e9but d\u2019apr\u00e8s-midi \u00e0 Saint-Martin-d\u2019H\u00e8res.&hellip;\n","protected":false},"author":2,"featured_media":169160,"comment_status":"","ping_status":"","sticky":false,"template":"","format":"standard","meta":{"footnotes":""},"categories":[9566],"tags":[1111,11,2430,271,272,112,1777,674,274,1011,27,2731,108,12,25,9448,11264],"class_list":{"0":"post-169159","1":"post","2":"type-post","3":"status-publish","4":"format-standard","5":"has-post-thumbnail","7":"category-grenoble","8":"tag-actu","9":"tag-actualites","10":"tag-auvergne-rhone-alpes","11":"tag-crime","12":"tag-delit-et-contravention","13":"tag-edition-grenoble-agglomeration","14":"tag-eu","15":"tag-europe","16":"tag-faits-divers-justice","17":"tag-fr","18":"tag-france","19":"tag-grenoble","20":"tag-isere","21":"tag-news","22":"tag-republique-francaise","23":"tag-saint-martin-dheres","24":"tag-saint-martin-dheres-bassin"},"share_on_mastodon":{"url":"https:\/\/pubeurope.com\/@fr\/114666767931343949","error":""},"_links":{"self":[{"href":"https:\/\/www.europesays.com\/fr\/wp-json\/wp\/v2\/posts\/169159","targetHints":{"allow":["GET"]}}],"collection":[{"href":"https:\/\/www.europesays.com\/fr\/wp-json\/wp\/v2\/posts"}],"about":[{"href":"https:\/\/www.europesays.com\/fr\/wp-json\/wp\/v2\/types\/post"}],"author":[{"embeddable":true,"href":"https:\/\/www.europesays.com\/fr\/wp-json\/wp\/v2\/users\/2"}],"replies":[{"embeddable":true,"href":"https:\/\/www.europesays.com\/fr\/wp-json\/wp\/v2\/comments?post=169159"}],"version-history":[{"count":0,"href":"https:\/\/www.europesays.com\/fr\/wp-json\/wp\/v2\/posts\/169159\/revisions"}],"wp:featuredmedia":[{"embeddable":true,"href":"https:\/\/www.europesays.com\/fr\/wp-json\/wp\/v2\/media\/169160"}],"wp:attachment":[{"href":"https:\/\/www.europesays.com\/fr\/wp-json\/wp\/v2\/media?parent=169159"}],"wp:term":[{"taxonomy":"category","embeddable":true,"href":"https:\/\/www.europesays.com\/fr\/wp-json\/wp\/v2\/categories?post=169159"},{"taxonomy":"post_tag","embeddable":true,"href":"https:\/\/www.europesays.com\/fr\/wp-json\/wp\/v2\/tags?post=169159"}],"curies":[{"name":"wp","href":"https:\/\/api.w.org\/{rel}","templated":true}]}}