{"id":16916,"date":"2025-04-11T09:17:15","date_gmt":"2025-04-11T09:17:15","guid":{"rendered":"https:\/\/www.europesays.com\/fr\/16916\/"},"modified":"2025-04-11T09:17:15","modified_gmt":"2025-04-11T09:17:15","slug":"que-faire-a-rennes-ce-week-end-du-12-avril-au-13-avril-2025","status":"publish","type":"post","link":"https:\/\/www.europesays.com\/fr\/16916\/","title":{"rendered":"Que faire \u00e0 Rennes ce week-end du 12 avril au 13 avril 2025 ?"},"content":{"rendered":"<p>\n        C\u2019est le branle-bas de combat dans la chambre de Billy ! Sa famille tout enti\u00e8re semble avoir un probl\u00e8me avec les \u00e9motions : ses parents n\u2019utilisent jamais la bonne ou en font n\u2019importe quoi et sa grande soeur, semble ne m\u00eame plus les ressentir\u2026 Et si c\u2019\u00e9tait un coup de Growenta, l\u2019inf\u00e2me aspirateur de sentiments ? Aid\u00e9e de son ami Tsing, qui exprime ses \u00e9motions en musique, Billy va mener l\u2019enqu\u00eate, car elle seule peut sauver sa famille\u2026\n        <\/p>\n<p><a href=\"https:\/\/www.letelegramme.fr\/api\/gotourl\/bevt\/2728731\/\" target=\"_blank\" rel=\"noopener\"><br \/>\n        Concert\u00a0: \u00ab\u00a0Fun\u00a0! Fun\u00a0! Fun\u00a0! #3\u00a0\u00bb<br \/>\n        <\/a><\/p>\n<p>\n        Entre trance, bass music et breaks rebondissants. Une parenth\u00e8se solaire \u00e0 l\u2019identit\u00e9 plurielle, v\u00e9ritable cocon festif centr\u00e9 sur le respect des personnes, qui appartient aux amoureux et amoureuses du dancefloor.\n        <\/p>\n<p><a href=\"https:\/\/www.letelegramme.fr\/api\/gotourl\/bevt\/2733753\/\" target=\"_blank\" rel=\"noopener\"><br \/>\n        Soir\u00e9e-concert \u00ab\u00a0Mammouth vs Rennes\u00a0#1\u00a0\u00bb<br \/>\n        <\/a><\/p>\n<p>\n        Organis\u00e9 par l\u2019association Mammouth. Avec Sidi Wacho + TAiwan MC + Alee. R\u00e9servation en ligne via la page HelloAsso de Mammouth. Sur place sera d\u00e9voil\u00e9e la programmation du festival annuel Mammouth fest du 15 au 17 ao\u00fbt.\n        <\/p>\n<p><a href=\"https:\/\/www.letelegramme.fr\/api\/gotourl\/bevt\/2743888\/\" target=\"_blank\" rel=\"noopener\"><br \/>\n        Week-end des m\u00e9tiers d\u2019art\u00a0: gravure et gaufrage<br \/>\n        <\/a><\/p>\n<p>\n        Accessible aux personnes \u00e0 mobilit\u00e9 r\u00e9duite. D\u00e9couverte des m\u00e9tiers d\u2019art et de leurs techniques, visite de l\u2019atelier et exposition de travaux, matrices, mat\u00e9riaux et outils qui, combin\u00e9s au savoir-faire, aboutissent \u00e0 la r\u00e9alisation des \u0153uvres. Sessions d\u00e9couverte \u00e0 prix libre d\u2019une dur\u00e9e de 90 minutes environ, en gaufrage (samedi) et gravure sur carton (dimanche) sur inscription.\n        <\/p>\n<p>L&rsquo;agenda des loisirs<\/p>\n<p class=\"moveInBrittany__text\" style=\"color:#fff\">\n            Festivals, expositions, visites, conf\u00e9rences, &#8230;\n          <\/p>\n<p>Sortir \u00e0 Rennes le dimanche 13 avril<a href=\"https:\/\/www.letelegramme.fr\/api\/gotourl\/bevt\/2534161\/\" target=\"_blank\" rel=\"noopener\"><br \/>\n        Exposition\u00a0: \u00ab\u00a0Fleurs, au-del\u00e0 des apparences\u00a0\u00bb<br \/>\n        <\/a><\/p>\n<p>\n        Ornements du deuil, accessoires de mariage, \u0153uvres artistiques, sujets de contemplation et de connaissances scientifiques, les fleurs sont li\u00e9es aux cycles des existences. Elles ornent les int\u00e9rieurs, parent les v\u00eatements et mobiliers, accompagnent les rituels. Au-del\u00e0 des apparences, l\u2019exposition r\u00e9v\u00e8le et r\u00e9interroge les relations aux fleurs.\n        <\/p>\n<p><a href=\"https:\/\/www.letelegramme.fr\/api\/gotourl\/bevt\/2649962\/\" target=\"_blank\" rel=\"noopener\"><br \/>\n        Exposition\u00a0: \u00ab\u00a0Pri\u00e8re de toucher &#8211; L\u2019art et la mati\u00e8re\u00a0\u00bb<br \/>\n        <\/a><\/p>\n<p>\n        Aux antipodes des pratiques de visite habituelles dans les mus\u00e9es, cette exposition invite les visiteurs \u00e0 vivre une nouvelle exp\u00e9rience sensorielle avec des reproductions de sculptures et d\u2019\u0153uvres pour offrir une d\u00e9couverte tactile de chefs-d\u2019\u0153uvre traitant principalement de la figure humaine, de l\u2019Antiquit\u00e9 au XXe si\u00e8cle.\n        <\/p>\n<p><a href=\"https:\/\/www.letelegramme.fr\/api\/gotourl\/bevt\/2661935\/\" target=\"_blank\" rel=\"noopener\"><br \/>\n        Exposition \u00ab\u00a0Chelsea Girl\u00a0\u00bb, de Nicola L.<br \/>\n        <\/a><\/p>\n<p>\n        Cette exposition d\u2019envergure, con\u00e7ue en partenariat avec le Camden Art Center de&#13;<br \/>\nLondres (Royaume-Uni), la Kunsthalle de Vienne (Autriche) et le Museion de Bolzano (Italie), retrace le parcours fantastique de l\u2019artiste Nicola L. (1932-2018) et l\u2019associe \u00e0 des \u0153uvres d\u2019autres figures des sc\u00e8nes artistiques qu\u2019elle a travers\u00e9es.\n        <\/p>\n<p><a href=\"https:\/\/www.letelegramme.fr\/api\/gotourl\/bevt\/2728773\/\" target=\"_blank\" rel=\"noopener\"><br \/>\n        Exposition \u00ab\u00a0Radiosth\u00e9sie\u00a0\u00bb<br \/>\n        <\/a><\/p>\n<p>\n        Un nouveau lieu au sein des Prairies Saint-Martin o\u00f9 l\u2019\u00e9trange, le myst\u00e8re et l\u2019imaginaire s\u2019entrelacent. Un v\u00e9ritable cabinet de curiosit\u00e9s moderne, avec des oeuvres qui puisent dans la culture musicale pour explorer de nouveaux horizons artistiques. La premi\u00e8re exposition \u00ab Radiosth\u00e9sie, univers myst\u00e9rieux de la radio\u00e9lectricit\u00e9 \u00bb fait se rencontrer la science et le spiritisme. Fermeture les jours f\u00e9ri\u00e9s.\n        <\/p>\n<p><a href=\"https:\/\/www.letelegramme.fr\/api\/gotourl\/bevt\/2740970\/\" target=\"_blank\" rel=\"noopener\"><br \/>\n        Exposition d&rsquo;I. Malmezat<br \/>\n        <\/a><\/p>\n<p>\n        I. Malmezat parle d\u2019humain et d\u2019universalit\u00e9, de fragilit\u00e9s et de r\u00e9silience, de douceur et de po\u00e9sie. Artiste permanente de la galerie. \u0152uvres in\u00e9dites\n        <\/p>\n<p><\/p>\n","protected":false},"excerpt":{"rendered":"C\u2019est le branle-bas de combat dans la chambre de Billy ! Sa famille tout enti\u00e8re semble avoir un&hellip;\n","protected":false},"author":2,"featured_media":6963,"comment_status":"","ping_status":"","sticky":false,"template":"","format":"standard","meta":{"footnotes":""},"categories":[2821],"tags":[1111,11,829,1777,674,1011,27,12,3907,584,25],"class_list":{"0":"post-16916","1":"post","2":"type-post","3":"status-publish","4":"format-standard","5":"has-post-thumbnail","7":"category-rennes","8":"tag-actu","9":"tag-actualites","10":"tag-bretagne","11":"tag-eu","12":"tag-europe","13":"tag-fr","14":"tag-france","15":"tag-news","16":"tag-que-faire","17":"tag-rennes","18":"tag-republique-francaise"},"share_on_mastodon":{"url":"https:\/\/pubeurope.com\/@fr\/114318582977401057","error":""},"_links":{"self":[{"href":"https:\/\/www.europesays.com\/fr\/wp-json\/wp\/v2\/posts\/16916","targetHints":{"allow":["GET"]}}],"collection":[{"href":"https:\/\/www.europesays.com\/fr\/wp-json\/wp\/v2\/posts"}],"about":[{"href":"https:\/\/www.europesays.com\/fr\/wp-json\/wp\/v2\/types\/post"}],"author":[{"embeddable":true,"href":"https:\/\/www.europesays.com\/fr\/wp-json\/wp\/v2\/users\/2"}],"replies":[{"embeddable":true,"href":"https:\/\/www.europesays.com\/fr\/wp-json\/wp\/v2\/comments?post=16916"}],"version-history":[{"count":0,"href":"https:\/\/www.europesays.com\/fr\/wp-json\/wp\/v2\/posts\/16916\/revisions"}],"wp:featuredmedia":[{"embeddable":true,"href":"https:\/\/www.europesays.com\/fr\/wp-json\/wp\/v2\/media\/6963"}],"wp:attachment":[{"href":"https:\/\/www.europesays.com\/fr\/wp-json\/wp\/v2\/media?parent=16916"}],"wp:term":[{"taxonomy":"category","embeddable":true,"href":"https:\/\/www.europesays.com\/fr\/wp-json\/wp\/v2\/categories?post=16916"},{"taxonomy":"post_tag","embeddable":true,"href":"https:\/\/www.europesays.com\/fr\/wp-json\/wp\/v2\/tags?post=16916"}],"curies":[{"name":"wp","href":"https:\/\/api.w.org\/{rel}","templated":true}]}}