{"id":169163,"date":"2025-06-11T21:07:20","date_gmt":"2025-06-11T21:07:20","guid":{"rendered":"https:\/\/www.europesays.com\/fr\/169163\/"},"modified":"2025-06-11T21:07:20","modified_gmt":"2025-06-11T21:07:20","slug":"a-rennes-un-festival-met-en-lumiere-les-femmes-et-les-minorites-dans-la-musique","status":"publish","type":"post","link":"https:\/\/www.europesays.com\/fr\/169163\/","title":{"rendered":"\u00c0\u00a0Rennes, un festival \u00ab\u00a0met en lumi\u00e8re les femmes et les minorit\u00e9s dans la musique\u00a0\u00bb"},"content":{"rendered":"<p>Du 12 au 15\u00a0juin 2025, le festival Musicienne. s se d\u00e9roule entre le bar l\u2019Autruche, la ferme de Quinc\u00e9 et le village d\u2019Alfonse \u00e0 Rennes (Ille-et-Vilaine). Pr\u00e9sentant une programmation 100\u00a0% f\u00e9minine et queer, les organisatrices de l\u2019\u00e9v\u00e8nement souhaitent mettre la lumi\u00e8re sur les artistes rennais et rennaises appartenant \u00e0 cette cat\u00e9gorie.\u00a0Nolwenn David, organisatrice aux c\u00f4t\u00e9s de Marion Desmartin et Jule Aumeunier, pr\u00e9sente la troisi\u00e8me\u00a0\u00e9dition de l\u2019\u00e9v\u00e9nement.<\/p>\n<p>Comment est venue l\u2019id\u00e9e d\u2019organiser un festival avec une programmation mettant en avant les femmes et les minorit\u00e9s de genre\u00a0?<\/p>\n<p>Je ne suis arriv\u00e9e qu\u2019en d\u00e9cembre dernier au sein de l\u2019organisation. Avec Marion et Jule, les premiers organisateurs, nous avons \u00e0 c\u0153ur de montrer que les artistes femmes et queer existent.<\/p>\n<p>Lors de la cr\u00e9ation du festival, il nous a \u00e9t\u00e9 dit que \u00e7a serait compliqu\u00e9 de renouveler une programmation chaque ann\u00e9e en se tenant \u00e0 ce crit\u00e8re. Avec Musicienne. s, nous voulons montrer que c\u2019est bel et bien possible. Au moment de faire la programmation, nous avons m\u00eame d\u00fb faire des choix.<\/p>\n<p>Malgr\u00e9 la baisse des subventions dans le secteur culturel, vous continuez de proposer un festival \u00e0 prix libre, pourquoi\u00a0?<\/p>\n<p>L\u2019id\u00e9e est de rester accessible. C\u2019est aussi int\u00e9ressant de voir \u00e0 combien les gens nous estiment. Mais oui, \u00e9videmment, le prix libre inclut la gratuit\u00e9 pour les personnes les plus d\u00e9munies.<\/p>\n<p>\t<img decoding=\"async\" src=\"https:\/\/www.europesays.com\/fr\/wp-content\/uploads\/2025\/06\/P35284858D6849325G_px_640_.jpg\" alt=\"photo r\u00e9cemment arriv\u00e9e au sein de l\u2019organisation du festival musicienne. s, nolwenn david assure la communication de l\u2019\u00e9v\u00e8nement rennais qui f\u00eatera sa troisi\u00e8me \u00e9dition dans trois lieux diff\u00e9rents de la capitale bretonne.  \u00a9  ouest-france\" width=\"640\" title=\" R\u00e9cemment arriv\u00e9e au sein de l\u2019organisation du festival Musicienne. s, Nolwenn David assure la communication de l\u2019\u00e9v\u00e8nement rennais qui f\u00eatera sa troisi\u00e8me \u00e9dition dans trois lieux diff\u00e9rents de la capitale bretonne.   Ouest-France \"\/><\/p>\n<p class=\"elmt-legende\"> R\u00e9cemment arriv\u00e9e au sein de l\u2019organisation du festival Musicienne. s, Nolwenn David assure la communication de l\u2019\u00e9v\u00e8nement rennais qui f\u00eatera sa troisi\u00e8me \u00e9dition dans trois lieux diff\u00e9rents de la capitale bretonne.   Ouest-France <\/p>\n<p>Qui peut-on retrouver sur la programmation de cette 3e\u00a0\u00e9dition\u00a0?<\/p>\n<p>Le samedi\u00a014, Elay\u00efs se produira au village d\u2019Alfonse. C\u2019est clairement notre t\u00eate d\u2019affiche\u00a0! La soir\u00e9e du jeudi lance le festival avec <a href=\"https:\/\/youtu.be\/UBC2E-bDZZE\" target=\"_blank\" rel=\"noopener\">la pop synth\u00e9tique de Marie-Laure Picard, alias bip3,<\/a> et le son hypnotisant aux accents traditionnels du <a href=\"https:\/\/youtu.be\/PN-KqmDV92U\" target=\"_blank\" rel=\"noopener\">quatuor de chanteuses ZeWitches<\/a>.<\/p>\n<p>Le lendemain, Musicienne. s migre \u00e0 la ferme de Quinc\u00e9 o\u00f9 le projet hip-hop d\u2019Odoneila se croisera avec celui du groupe Hallebarde. L\u2019\u00e9v\u00e8nement se cl\u00f4turera samedi et dimanche au village d\u2019Alphonse avec un blindtest et une ambiance de kermesse.<\/p>\n<p><strong>Du 12 au 15\u00a0juin, <\/strong>entre le bar l\u2019Autruche, la ferme de Quinc\u00e9 et le village d\u2019Alfonse. Prix libre. Programmation \u00e0 retrouver sur le profil Instagram @musicienne.s<\/p>\n<p>\u00a0<\/p>\n","protected":false},"excerpt":{"rendered":"Du 12 au 15\u00a0juin 2025, le festival Musicienne. s se d\u00e9roule entre le bar l\u2019Autruche, la ferme de&hellip;\n","protected":false},"author":2,"featured_media":169164,"comment_status":"","ping_status":"","sticky":false,"template":"","format":"standard","meta":{"footnotes":""},"categories":[2821],"tags":[1111,11,829,1777,674,4651,849,1011,27,15926,3736,30302,873,12,3086,584,25],"class_list":{"0":"post-169163","1":"post","2":"type-post","3":"status-publish","4":"format-standard","5":"has-post-thumbnail","7":"category-rennes","8":"tag-actu","9":"tag-actualites","10":"tag-bretagne","11":"tag-eu","12":"tag-europe","13":"tag-femmes","14":"tag-festival","15":"tag-fr","16":"tag-france","17":"tag-lumiere","18":"tag-met","19":"tag-minorites","20":"tag-musique","21":"tag-news","22":"tag-redon","23":"tag-rennes","24":"tag-republique-francaise"},"share_on_mastodon":{"url":"https:\/\/pubeurope.com\/@fr\/114666775710186669","error":""},"_links":{"self":[{"href":"https:\/\/www.europesays.com\/fr\/wp-json\/wp\/v2\/posts\/169163","targetHints":{"allow":["GET"]}}],"collection":[{"href":"https:\/\/www.europesays.com\/fr\/wp-json\/wp\/v2\/posts"}],"about":[{"href":"https:\/\/www.europesays.com\/fr\/wp-json\/wp\/v2\/types\/post"}],"author":[{"embeddable":true,"href":"https:\/\/www.europesays.com\/fr\/wp-json\/wp\/v2\/users\/2"}],"replies":[{"embeddable":true,"href":"https:\/\/www.europesays.com\/fr\/wp-json\/wp\/v2\/comments?post=169163"}],"version-history":[{"count":0,"href":"https:\/\/www.europesays.com\/fr\/wp-json\/wp\/v2\/posts\/169163\/revisions"}],"wp:featuredmedia":[{"embeddable":true,"href":"https:\/\/www.europesays.com\/fr\/wp-json\/wp\/v2\/media\/169164"}],"wp:attachment":[{"href":"https:\/\/www.europesays.com\/fr\/wp-json\/wp\/v2\/media?parent=169163"}],"wp:term":[{"taxonomy":"category","embeddable":true,"href":"https:\/\/www.europesays.com\/fr\/wp-json\/wp\/v2\/categories?post=169163"},{"taxonomy":"post_tag","embeddable":true,"href":"https:\/\/www.europesays.com\/fr\/wp-json\/wp\/v2\/tags?post=169163"}],"curies":[{"name":"wp","href":"https:\/\/api.w.org\/{rel}","templated":true}]}}