{"id":169167,"date":"2025-06-11T21:09:37","date_gmt":"2025-06-11T21:09:37","guid":{"rendered":"https:\/\/www.europesays.com\/fr\/169167\/"},"modified":"2025-06-11T21:09:37","modified_gmt":"2025-06-11T21:09:37","slug":"on-en-sait-plus-sur-le-bowling-de-lorangerie-qui-ouvre-ses-portes-dans-6-mois","status":"publish","type":"post","link":"https:\/\/www.europesays.com\/fr\/169167\/","title":{"rendered":"on en sait plus sur le bowling de l\u2019Orangerie, qui ouvre ses portes dans 6 mois !"},"content":{"rendered":"<p>    <img loading=\"lazy\" width=\"1800\" height=\"900\" src=\"https:\/\/www.europesays.com\/fr\/wp-content\/uploads\/2025\/04\/jeanne-callthepolice.jpg\" class=\"attachment-full size-full\" alt=\"\" id=\"imageLove\" decoding=\"async\"  \/><\/p>\n<p id=\"breadcrumbs\"><a href=\"https:\/\/pokaa.fr\/\" target=\"_blank\" rel=\"noopener\">Accueil<\/a> \/ <a href=\"https:\/\/pokaa.fr\/categories\/actu\/\" target=\"_blank\" rel=\"noopener\">Info locale<\/a> \/ Strasbourg : on en sait plus sur le bowling de l\u2019Orangerie, qui ouvre ses portes dans 6 mois !<\/p>\n<p>                    Info locale<\/p>\n<p class=\"p1\"><b>Alors que la date d\u2019ouverture est programm\u00e9e au 1er d\u00e9cembre, l\u2019immense chantier du bowling de l\u2019Orangerie continue d\u2019avancer. L\u2019occasion de refaire le point sur un projet ambitieux qui s\u2019\u00e9tend sur 4 700 m2, alors que les dalles du rez-de-chauss\u00e9e sont en train d\u2019\u00eatre pos\u00e9es.<\/b><\/p>\n<p>Pour les habitu\u00e9(e)s du parc de l\u2019Orangerie, chaque jour qui passe est synonyme de nouveaut\u00e9 visuelle sur le chantier du bowling.<b> Depuis le mois de mars et le coulage de la dalle, le projet de la SARL RIMEA prend doucement forme<\/b>, plusieurs mois apr\u00e8s la destruction totale de l\u2019ancien b\u00e2timent.<\/p>\n<p>                <a href=\"https:\/\/pokaa.fr\/2024\/10\/15\/on-ne-strike-plus-a-strasbourg-le-bowling-de-lorangerie-est-en-train-detre-demoli\/\" target=\"_blank\" rel=\"noopener\"><br \/>\n                    <img width=\"450\" height=\"270\" src=\"https:\/\/www.europesays.com\/fr\/wp-content\/uploads\/2025\/06\/bowling-450x270.png\" class=\"attachment-card-horizontal--same-subject size-card-horizontal--same-subject wp-post-image\" alt=\"\" decoding=\"async\" loading=\"lazy\"\/>                <\/a><\/p>\n<p>D\u00e9sormais, les travaux s\u2019activent pour pr\u00e9parer l\u2019ouverture, pr\u00e9vue au 1er d\u00e9cembre, un peu moins de 3 ans apr\u00e8s une fermeture qui avait attrist\u00e9 plus d\u2019un(e) Strasbourgeois(e). <b>Une immense grue a pris possession des lieux, pour faire prendre de la hauteur au chantier<\/b>. L\u2019occasion de faire un point sur ce qui va arriver prochainement dans les 4 700 m2 du futur bowling.<\/p>\n<p>                <img width=\"667\" height=\"500\" src=\"https:\/\/www.europesays.com\/fr\/wp-content\/uploads\/2025\/06\/img-9527-2-grande-667x500.jpeg\" class=\"attachment-gallery size-gallery\" alt=\"bowling orangerie travaux\" data-full-url=\"https:\/\/pokaa.fr\/wp-content\/uploads\/2025\/06\/10\/img-9527-2-grande.jpeg\" decoding=\"async\" loading=\"lazy\"  \/>            <\/p>\n<p>                <img width=\"667\" height=\"500\" src=\"https:\/\/www.europesays.com\/fr\/wp-content\/uploads\/2025\/06\/img-9528-2-grande-667x500.jpeg\" class=\"attachment-gallery size-gallery\" alt=\"bowling orangerie travaux\" data-full-url=\"https:\/\/pokaa.fr\/wp-content\/uploads\/2025\/06\/10\/img-9528-2-grande.jpeg\" decoding=\"async\" loading=\"lazy\"  \/>            <\/p>\n<p>                    \u00a9 Nicolas Kaspar \/ Pokaa<\/p>\n<p>Un b\u00e2timent plus \u00e9cologique<\/p>\n<p class=\"p1\">Si l\u2019ancien bowling \u00e9tait une v\u00e9ritable passoire thermique, ce ne sera pas le cas du nouveau. Avec la collaboration du groupe Fehr, les murs ext\u00e9rieurs du b\u00e2timent seront r\u00e9alis\u00e9s en b\u00e9ton pr\u00e9coffr\u00e9, \u00e0 base d\u2019argile non calcin\u00e9e produit par l\u2019entreprise Materrup. Pour le dire autrement : <b>on met de l\u2019argile sur des pans de murs thermiques, qui sont eux d\u00e9j\u00e0 isol\u00e9s<\/b>.<\/p>\n<p class=\"p1\">Selon le groupe Fehr, cette innovation permet d\u2019obtenir un b\u00e2timent bien moins consommateur en CO2 et en \u00e9nergie. <b>L\u2019entreprise juge la baisse de consommation \u00e0 -50 %, que ce soit pour le CO2 ou l\u2019\u00e9nergie<\/b>. De plus, le restaurant b\u00e9n\u00e9ficiera de murs v\u00e9g\u00e9talis\u00e9s, tandis que des panneaux photovolta\u00efques feront leur apparition et qu\u2019une charpente bois sera pos\u00e9e entre juillet et ao\u00fbt, le temps que les murs du restaurant soient pos\u00e9s.<\/p>\n<p>                <img width=\"667\" height=\"500\" src=\"https:\/\/www.europesays.com\/fr\/wp-content\/uploads\/2025\/06\/img-9530-2-grande-667x500.jpeg\" class=\"attachment-gallery size-gallery\" alt=\"bowling orangerie travaux\" data-full-url=\"https:\/\/pokaa.fr\/wp-content\/uploads\/2025\/06\/10\/img-9530-2-grande.jpeg\" decoding=\"async\" loading=\"lazy\"  \/>            <\/p>\n<p>                <img width=\"667\" height=\"500\" src=\"https:\/\/www.europesays.com\/fr\/wp-content\/uploads\/2025\/06\/img-9531-2-grande-667x500.jpeg\" class=\"attachment-gallery size-gallery\" alt=\"bowling orangerie travaux\" data-full-url=\"https:\/\/pokaa.fr\/wp-content\/uploads\/2025\/06\/10\/img-9531-2-grande.jpeg\" decoding=\"async\" loading=\"lazy\"  \/>            <\/p>\n<p>                <img width=\"667\" height=\"500\" src=\"https:\/\/www.europesays.com\/fr\/wp-content\/uploads\/2025\/06\/img-9534-2-grande-667x500.jpeg\" class=\"attachment-gallery size-gallery\" alt=\"bowling orangerie travaux\" data-full-url=\"https:\/\/pokaa.fr\/wp-content\/uploads\/2025\/06\/10\/img-9534-2-grande.jpeg\" decoding=\"async\" loading=\"lazy\"  \/>            <\/p>\n<p>                    \u00a9 Nicolas Kaspar \/ Pokaa<\/p>\n<p>Restaurant, billard, toilettes, salon de th\u00e9 et 32 pistes : petit rappel sur le projet<\/p>\n<p class=\"p2\">\u00c0 terme, au 1er d\u00e9cembre, ce chantier donnera naissance au bowling de l\u2019Orangerie 2.0. Un b\u00e2timent qui accueillera notamment<b> 32 pistes, contre 24 pr\u00e9c\u00e9demment, avec en plus des machines modernes et homologu\u00e9es<\/b>. L\u2019occasion d\u2019accueillir de futures comp\u00e9titions internationales.\u00a0<b>On pourra \u00e9galement y retrouver des bornes d\u2019arcade et des jeux de fl\u00e9chettes<\/b>.<\/p>\n<p class=\"p2\">Niveau restauration, on retrouvera<b> un restaurant de 330 m2 pour 189 couverts, avec \u00e0 sa t\u00eate Gr\u00e9gory Reich, l\u2019ancien chef de La Cuiller \u00e0 Pot \u00e0 la Petite France<\/b>. Une brasserie de 177 m2 avec des tables de billard accueillera elle 73 personnes, tandis qu\u2019un salon de th\u00e9 proposera des petites collations pour 45 personnes sur 96 m2. Trois salles de s\u00e9minaires seront disponibles \u00e0 l\u2019\u00e9tage et donneront sur le parc.<\/p>\n<p>    <img width=\"800\" height=\"600\" src=\"https:\/\/www.europesays.com\/fr\/wp-content\/uploads\/2025\/06\/img-9534-2-grande-800x600.jpeg\" class=\"attachment-image-size-L size-image-size-L\" alt=\"bowling orangerie travaux\" decoding=\"async\" loading=\"lazy\"  \/>         \u00a9 Nicolas Kaspar \/ Pokaa <\/p>\n<p class=\"p2\">Enfin, derni\u00e8re nouvelle mais non la moindre, <b>deux toilettes publiques, accessibles gratuitement depuis le parc et g\u00e9r\u00e9es par la Ville de Strasbourg, font \u00e9galement partie du projet<\/b>. Si elles n\u2019ouvriront dans leur forme finale que le 1er d\u00e9cembre, la Ville a pour l\u2019instant install\u00e9 des toilettes s\u00e8ches, accessibles depuis le 1er mars et jusqu\u2019au 31 octobre, 7j\/7 et 24h\/24.<\/p>\n<p class=\"p2\"><b>On n\u2019a jamais \u00e9t\u00e9 aussi proche de pouvoir striker \u00e0 nouveau \u00e0 l\u2019Orangerie, un parc en pleine transformation.<\/b><\/p>\n<p>                <a href=\"https:\/\/pokaa.fr\/2025\/03\/04\/ils-sont-6-ces-grands-projets-qui-vont-transformer-le-parc-de-lorangerie-en-2025\/\" target=\"_blank\" rel=\"noopener\"><br \/>\n                    <img width=\"450\" height=\"270\" src=\"https:\/\/www.europesays.com\/fr\/wp-content\/uploads\/2025\/06\/1-3-450x270.png\" class=\"attachment-card-horizontal--same-subject size-card-horizontal--same-subject wp-post-image\" alt=\"\" decoding=\"async\" loading=\"lazy\"\/>                <\/a><\/p>\n<p>    <img width=\"800\" height=\"600\" src=\"https:\/\/www.europesays.com\/fr\/wp-content\/uploads\/2025\/06\/img-9535-2-grande-800x600.jpeg\" class=\"attachment-image-size-L size-image-size-L\" alt=\"toilettes orangerie\" decoding=\"async\" loading=\"lazy\"  \/>         \u00a9 Nicolas Kaspar \/ Pokaa <\/p>\n","protected":false},"excerpt":{"rendered":"Accueil \/ Info locale \/ Strasbourg : on en sait plus sur le bowling de l\u2019Orangerie, qui ouvre&hellip;\n","protected":false},"author":2,"featured_media":169168,"comment_status":"","ping_status":"","sticky":false,"template":"","format":"standard","meta":{"footnotes":""},"categories":[2820],"tags":[1111,11,30306,1777,674,1011,27,775,12,25967,25,640],"class_list":{"0":"post-169167","1":"post","2":"type-post","3":"status-publish","4":"format-standard","5":"has-post-thumbnail","7":"category-strasbourg","8":"tag-actu","9":"tag-actualites","10":"tag-bowling-orangerie","11":"tag-eu","12":"tag-europe","13":"tag-fr","14":"tag-france","15":"tag-grand-est","16":"tag-news","17":"tag-parc-de-lorangerie","18":"tag-republique-francaise","19":"tag-strasbourg"},"share_on_mastodon":{"url":"https:\/\/pubeurope.com\/@fr\/114666784184445753","error":""},"_links":{"self":[{"href":"https:\/\/www.europesays.com\/fr\/wp-json\/wp\/v2\/posts\/169167","targetHints":{"allow":["GET"]}}],"collection":[{"href":"https:\/\/www.europesays.com\/fr\/wp-json\/wp\/v2\/posts"}],"about":[{"href":"https:\/\/www.europesays.com\/fr\/wp-json\/wp\/v2\/types\/post"}],"author":[{"embeddable":true,"href":"https:\/\/www.europesays.com\/fr\/wp-json\/wp\/v2\/users\/2"}],"replies":[{"embeddable":true,"href":"https:\/\/www.europesays.com\/fr\/wp-json\/wp\/v2\/comments?post=169167"}],"version-history":[{"count":0,"href":"https:\/\/www.europesays.com\/fr\/wp-json\/wp\/v2\/posts\/169167\/revisions"}],"wp:featuredmedia":[{"embeddable":true,"href":"https:\/\/www.europesays.com\/fr\/wp-json\/wp\/v2\/media\/169168"}],"wp:attachment":[{"href":"https:\/\/www.europesays.com\/fr\/wp-json\/wp\/v2\/media?parent=169167"}],"wp:term":[{"taxonomy":"category","embeddable":true,"href":"https:\/\/www.europesays.com\/fr\/wp-json\/wp\/v2\/categories?post=169167"},{"taxonomy":"post_tag","embeddable":true,"href":"https:\/\/www.europesays.com\/fr\/wp-json\/wp\/v2\/tags?post=169167"}],"curies":[{"name":"wp","href":"https:\/\/api.w.org\/{rel}","templated":true}]}}