{"id":169173,"date":"2025-06-11T21:12:15","date_gmt":"2025-06-11T21:12:15","guid":{"rendered":"https:\/\/www.europesays.com\/fr\/169173\/"},"modified":"2025-06-11T21:12:15","modified_gmt":"2025-06-11T21:12:15","slug":"ce-documentaire-inedit-vous-aidera-a-comprendre-tous-les-enjeux","status":"publish","type":"post","link":"https:\/\/www.europesays.com\/fr\/169173\/","title":{"rendered":"Ce documentaire in\u00e9dit vous aidera \u00e0 comprendre tous les enjeux"},"content":{"rendered":"<p>La troisi\u00e8me Conf\u00e9rence des Nations unies sur l&rsquo;Oc\u00e9an a actuellement lieu \u00e0 Nice. Pour l&rsquo;occasion, Disney+ a d\u00e9voil\u00e9 le documentaire in\u00e9dit David Attenborough : l&rsquo;appel de l&rsquo;oc\u00e9an, qui aide \u00e0 comprendre tous les enjeux.<\/p>\n<p>Du 9 au 13 juin 2025, \u00e0 Nice, se tient la troisi\u00e8me Conf\u00e9rence des Nations unies sur l&rsquo;Oc\u00e9an (UNOC 3) co-organis\u00e9e par les gouvernements de la France et du Costa Rica. <a href=\"https:\/\/www.programme-tv.net\/news\/tv\/380800-c-est-nul-ce-que-vous-faites-vives-tensions-entre-hugo-clement-et-emmanuel-macron-sur-france-2-video\/\" data-api-deeplink=\"teleloisirs:\/\/news\/380800\" target=\"_blank\" rel=\"noopener\">Emmanuel Macron \u00e9tait bien s\u00fbr pr\u00e9sent<\/a> \u00e0 cette conf\u00e9rence et il s&rsquo;est f\u00e9licit\u00e9 que \u00ab\u00a0plus de 60 pays se sont engag\u00e9s\u00a0\u00bb \u00e0 ratifier le trait\u00e9 de protection de la haute mer \u00ab\u00a0avant septembre\u00a0\u00bb. 95 \u00c9tats du monde entier, dont la France, ont sign\u00e9 un appel pour \u00ab\u00a0un trait\u00e9 ambitieux\u00a0\u00bb contre la pollution plastique. Agn\u00e8s Pannier-Runacher, la ministre de la Transition \u00e9cologique fran\u00e7aise, a annonc\u00e9 : \u00ab\u00a0Ce trait\u00e9 doit comprendre des mesures concr\u00e8tes couvrant toute la dur\u00e9e de vie du plastique. (&#8230;) Nous devons r\u00e9duire notre consommation et notre production de plastique.\u00a0\u00bb<\/p>\n<p>L&rsquo;appel de l&rsquo;oc\u00e9an sur Disney+ d\u00e9voile \u00ab\u00a0des images cauchemardesques\u00a0\u00bb de la vie sous l&rsquo;eau<\/p>\n<p>\u00c0 la veille de la Conf\u00e9rence des Nations unies sur l&rsquo;Oc\u00e9an, <a href=\"https:\/\/www.programme-tv.net\/news\/evenement\/disney-plus-streaming\/351483-journee-de-la-terre-5-documentaires-nature-a-regarder-sur-disney\/\" data-api-deeplink=\"teleloisirs:\/\/news\/351483\" target=\"_blank\" rel=\"noopener\">Disney+ a mis en ligne un nouveau documentaire<\/a> plus d&rsquo;<a href=\"https:\/\/www.programme-tv.net\/news\/societe\/342149-maud-fontenoy-sans-les-oceans-cest-lavenir-des-hommes-qui-est-menace\/\" data-api-deeplink=\"teleloisirs:\/\/news\/342149\" target=\"_blank\" rel=\"noopener\">un an apr\u00e8s celui de Maud Fontenoy<\/a>. <b>Il s&rsquo;agit de <\/b><b>L&rsquo;appel de l&rsquo;oc\u00e9an<\/b><b> dans lequel le naturaliste David Attenborough alerte sur les ravages de la p\u00eache industrielle.<\/b> \u00ab\u00a0Apr\u00e8s avoir v\u00e9cu pr\u00e8s de cent ans sur cette plan\u00e8te, je comprends maintenant que l&rsquo;endroit qui compte le plus ne se trouve pas sur la terre ferme, mais en mer\u00a0\u00bb, d\u00e9clare-t-il en pr\u00e9ambule de ce documentaire. Lors de l&rsquo;avant-premi\u00e8re \u00e0 Londres, le biologiste franco-canadien Daniel Pauly a dress\u00e9 un constat terrifiant en annon\u00e7ant : \u00ab\u00a0Je m&rsquo;attendais comme d&rsquo;habitude \u00e0 de belles images de r\u00e9cifs coralliens, de poissons color\u00e9s. Mais ce que ce film nous montre aussi, ce sont des images cauchemardesques.\u00a0\u00bb<\/p>\n<p>                        L&rsquo;appel de l&rsquo;oc\u00e9an sur Disney+, un documentaire qui va faire l&rsquo;effet d&rsquo;un \u00e9lectrochoc<\/p>\n<p>Voil\u00e0 des ann\u00e9es que Daniel Pauly d\u00e9nonce le chalutage de fond dans les aires marines prot\u00e9g\u00e9es et, pour lui, le film de Disney+ va faire un \u00e9lectrochoc. \u00ab\u00a0Quand le grand public verra ce film, cela va \u00eatre de plus en plus difficile \u00e0 d\u00e9fendre\u00a0\u00bb, a-t-il d\u00e9clar\u00e9 avant que le directeur scientifique du documentaire, Enric Sala, indique que \u00ab\u00a0chacun peut constater les effets de cette pratique et se faire une opinion\u00a0\u00bb, dans des propos relay\u00e9s par <a href=\"https:\/\/www.franceinfo.fr\/environnement\/biodiversite\/protection-des-oceans\/unoc-conference-sur-l-ocean\/dans-le-documentaire-l-appel-de-l-ocean-le-naturaliste-david-attenborough-alerte-sur-les-ravages-de-la-peche-industrielle_7265535.html\" target=\"_blank\" rel=\"noopener\">France Info.<\/a><\/p>\n<p>  <a class=\"cta\" href=\"https:\/\/fliz.ly\/WPQ71_w\" rel=\"nofollow noopener\" target=\"_blank\"><br \/>\n    Abonnez-vous \u00e0 Disney+ pour d\u00e9couvrir ce programme<br \/>\n  <\/a><\/p>\n<p>Article \u00e9crit avec la collaboration de 6m\u00e9dias.<\/p>\n","protected":false},"excerpt":{"rendered":"La troisi\u00e8me Conf\u00e9rence des Nations unies sur l&rsquo;Oc\u00e9an a actuellement lieu \u00e0 Nice. Pour l&rsquo;occasion, Disney+ a d\u00e9voil\u00e9&hellip;\n","protected":false},"author":2,"featured_media":169174,"comment_status":"","ping_status":"","sticky":false,"template":"","format":"standard","meta":{"footnotes":""},"categories":[2819],"tags":[1111,11,244,30307,10451,1777,674,1011,27,12,2401,882,10450,25,129],"class_list":{"0":"post-169173","1":"post","2":"type-post","3":"status-publish","4":"format-standard","5":"has-post-thumbnail","7":"category-nice","8":"tag-actu","9":"tag-actualites","10":"tag-commentaire","11":"tag-david-attenborough-lappel-de-locu00e9an","12":"tag-disney-plus","13":"tag-eu","14":"tag-europe","15":"tag-fr","16":"tag-france","17":"tag-news","18":"tag-nice","19":"tag-provence-alpes-cote-dazur","20":"tag-pub-streaming-disney-plus","21":"tag-republique-francaise","22":"tag-svod"},"share_on_mastodon":{"url":"https:\/\/pubeurope.com\/@fr\/114666795432684350","error":""},"_links":{"self":[{"href":"https:\/\/www.europesays.com\/fr\/wp-json\/wp\/v2\/posts\/169173","targetHints":{"allow":["GET"]}}],"collection":[{"href":"https:\/\/www.europesays.com\/fr\/wp-json\/wp\/v2\/posts"}],"about":[{"href":"https:\/\/www.europesays.com\/fr\/wp-json\/wp\/v2\/types\/post"}],"author":[{"embeddable":true,"href":"https:\/\/www.europesays.com\/fr\/wp-json\/wp\/v2\/users\/2"}],"replies":[{"embeddable":true,"href":"https:\/\/www.europesays.com\/fr\/wp-json\/wp\/v2\/comments?post=169173"}],"version-history":[{"count":0,"href":"https:\/\/www.europesays.com\/fr\/wp-json\/wp\/v2\/posts\/169173\/revisions"}],"wp:featuredmedia":[{"embeddable":true,"href":"https:\/\/www.europesays.com\/fr\/wp-json\/wp\/v2\/media\/169174"}],"wp:attachment":[{"href":"https:\/\/www.europesays.com\/fr\/wp-json\/wp\/v2\/media?parent=169173"}],"wp:term":[{"taxonomy":"category","embeddable":true,"href":"https:\/\/www.europesays.com\/fr\/wp-json\/wp\/v2\/categories?post=169173"},{"taxonomy":"post_tag","embeddable":true,"href":"https:\/\/www.europesays.com\/fr\/wp-json\/wp\/v2\/tags?post=169173"}],"curies":[{"name":"wp","href":"https:\/\/api.w.org\/{rel}","templated":true}]}}