{"id":169184,"date":"2025-06-11T21:18:17","date_gmt":"2025-06-11T21:18:17","guid":{"rendered":"https:\/\/www.europesays.com\/fr\/169184\/"},"modified":"2025-06-11T21:18:17","modified_gmt":"2025-06-11T21:18:17","slug":"ils-geraient-un-reseau-de-trafic-de-drogue-entre-toulouse-et-aurillac-trois-freres-condamnes-a-de-la-prison-ferme","status":"publish","type":"post","link":"https:\/\/www.europesays.com\/fr\/169184\/","title":{"rendered":"Ils g\u00e9raient un r\u00e9seau de trafic de drogue entre Toulouse et Aurillac\u00a0: trois fr\u00e8res condamn\u00e9s \u00e0 de la prison ferme"},"content":{"rendered":"<p class=\"paragraph text_align_left\">Ils pilotaient un syst\u00e8me bien organis\u00e9. Trois fr\u00e8res, identifi\u00e9s comme les t\u00eates d\u2019un r\u00e9seau de trafic de stup\u00e9fiants <a href=\"https:\/\/www.leparisien.fr\/haute-garonne-31\/bagarres-et-trafic-de-drogue-quotidiens-a-toulouse-les-dealers-ont-eu-la-peau-du-mcdo-19-10-2023-RJBBLS54PJF2HDNOZWSD6J2PMY.php\" target=\"_blank\" rel=\"noreferrer nofollow noopener\">entre Toulouse<\/a> et le Cantal ont \u00e9t\u00e9 condamn\u00e9s \u00e0 Aurillac \u00e0 des peines de cinq \u00e0 sept ans de prison ferme.<\/p>\n<p class=\"paragraph text_align_left\">Dix personnes \u00e9taient convoqu\u00e9es mardi devant le tribunal correctionnel d\u2019Aurillac pour r\u00e9pondre de faits survenus entre d\u00e9cembre 2020 et septembre 2023. Seuls six pr\u00e9venus se sont pr\u00e9sent\u00e9s \u00e0 l\u2019ouverture de l\u2019audience et des mandats d\u2019arr\u00eats ont \u00e9t\u00e9 \u00e9mis pour les absents.<\/p>\n<p class=\"paragraph text_align_left\">L\u2019enqu\u00eate, d\u00e9clench\u00e9e apr\u00e8s un contr\u00f4le routier dans le Lot, avait permis de mettre au jour un trafic structur\u00e9 impliquant au moins 76 trajets de transport de drogue entre la Haute-Garonne et le Cantal.<\/p>\n<p>Des millions d\u2019euros de coca\u00efne et de cannabis<\/p>\n<p class=\"paragraph text_align_left\">Selon les estimations pr\u00e9sent\u00e9es par le procureur \u00e0 l\u2019audience, pr\u00e8s de 50 kg de coca\u00efne et plus de 150 kg de cannabis, pour une valeur de trois millions d\u2019euros, ont ainsi circul\u00e9 entre les deux d\u00e9partements.<\/p>\n<p class=\"lp-card-podcast-highlighting__title  lp-f-subtitle-05\">Roberto Succo : sept meurtres, trois pays, une chasse \u00e0 l\u2019homme (2\/2)<\/p>\n<p class=\"lp-card-podcast-highlighting__description lp-f-ui-05\">Crime story raconte chaque semaine les grandes affaires criminelles.<\/p>\n<p><a class=\"lp-card-podcast-highlighting__call-to-action\" data-page-type=\"HP\" data-block-name=\"podcast-highlight\">\u00c9couter<\/a><\/p>\n<p class=\"paragraph text_align_left\">Les trois t\u00eates du r\u00e9seau, deux fr\u00e8res jumeaux et leur demi-fr\u00e8re, ont \u00e9cop\u00e9 de peines s\u2019\u00e9chelonnant entre cinq et sept ans de prison. Des peines allant jusqu\u2019\u00e0 quatre ans de prison ont \u00e9galement \u00e9t\u00e9 prononc\u00e9es \u00e0 l\u2019encontre des autres membres du r\u00e9seau.<\/p>\n","protected":false},"excerpt":{"rendered":"Ils pilotaient un syst\u00e8me bien organis\u00e9. Trois fr\u00e8res, identifi\u00e9s comme les t\u00eates d\u2019un r\u00e9seau de trafic de stup\u00e9fiants&hellip;\n","protected":false},"author":2,"featured_media":169185,"comment_status":"","ping_status":"","sticky":false,"template":"","format":"standard","meta":{"footnotes":""},"categories":[2816],"tags":[1111,11,459,1777,674,118,1011,27,12,2680,25,2312],"class_list":{"0":"post-169184","1":"post","2":"type-post","3":"status-publish","4":"format-standard","5":"has-post-thumbnail","7":"category-toulouse","8":"tag-actu","9":"tag-actualites","10":"tag-departements-horsidfo","11":"tag-eu","12":"tag-europe","13":"tag-faits-divers","14":"tag-fr","15":"tag-france","16":"tag-news","17":"tag-occitanie","18":"tag-republique-francaise","19":"tag-toulouse"},"share_on_mastodon":{"url":"https:\/\/pubeurope.com\/@fr\/114666819041431761","error":""},"_links":{"self":[{"href":"https:\/\/www.europesays.com\/fr\/wp-json\/wp\/v2\/posts\/169184","targetHints":{"allow":["GET"]}}],"collection":[{"href":"https:\/\/www.europesays.com\/fr\/wp-json\/wp\/v2\/posts"}],"about":[{"href":"https:\/\/www.europesays.com\/fr\/wp-json\/wp\/v2\/types\/post"}],"author":[{"embeddable":true,"href":"https:\/\/www.europesays.com\/fr\/wp-json\/wp\/v2\/users\/2"}],"replies":[{"embeddable":true,"href":"https:\/\/www.europesays.com\/fr\/wp-json\/wp\/v2\/comments?post=169184"}],"version-history":[{"count":0,"href":"https:\/\/www.europesays.com\/fr\/wp-json\/wp\/v2\/posts\/169184\/revisions"}],"wp:featuredmedia":[{"embeddable":true,"href":"https:\/\/www.europesays.com\/fr\/wp-json\/wp\/v2\/media\/169185"}],"wp:attachment":[{"href":"https:\/\/www.europesays.com\/fr\/wp-json\/wp\/v2\/media?parent=169184"}],"wp:term":[{"taxonomy":"category","embeddable":true,"href":"https:\/\/www.europesays.com\/fr\/wp-json\/wp\/v2\/categories?post=169184"},{"taxonomy":"post_tag","embeddable":true,"href":"https:\/\/www.europesays.com\/fr\/wp-json\/wp\/v2\/tags?post=169184"}],"curies":[{"name":"wp","href":"https:\/\/api.w.org\/{rel}","templated":true}]}}