{"id":169194,"date":"2025-06-11T21:23:14","date_gmt":"2025-06-11T21:23:14","guid":{"rendered":"https:\/\/www.europesays.com\/fr\/169194\/"},"modified":"2025-06-11T21:23:14","modified_gmt":"2025-06-11T21:23:14","slug":"passerelle-notre-mission-est-de-recevoir-les-invisibles","status":"publish","type":"post","link":"https:\/\/www.europesays.com\/fr\/169194\/","title":{"rendered":"Passerelle : \u00ab\u00a0Notre mission est de recevoir les invisibles\u00a0\u00bb"},"content":{"rendered":"<p>\u00c0 l\u2019\u00e8re du tout num\u00e9rique, une fracture silencieuse mais profonde divise la soci\u00e9t\u00e9 : celle de l\u2019acc\u00e8s et de la ma\u00eetrise des outils digitaux. Face \u00e0 ce d\u00e9fi majeur, l\u2019association Passerelle, bas\u00e9e \u00e0 Lyon, se positionne comme un acteur essentiel de l\u2019inclusion num\u00e9rique, \u0153uvrant sans rel\u00e2che pour que personne ne soit laiss\u00e9 pour compte.<\/p>\n<p>Depuis pr\u00e8s de vingt ans, <strong>Passerelle<\/strong> accompagne les habitants de la M\u00e9tropole de Lyon, en particulier les plus fragiles, dans leurs <strong>d\u00e9marches administratives<\/strong> et leur<strong> appropriation du num\u00e9rique<\/strong>. L\u2019<a href=\"https:\/\/www.passerelle-administration.com\/\" target=\"_blank\" rel=\"noreferrer noopener\">association<\/a>, dont la directrice est <strong>Mich\u00e8le Poulenard<\/strong>, a bien compris que si le num\u00e9rique est devenu indispensable, il n\u2019est pas adapt\u00e9 \u00e0 toutes les situations ni \u00e0 tout le monde. C\u2019est pourquoi elle propose des solutions concr\u00e8tes pour combattre la \u00ab\u00a0<strong>fragilit\u00e9 num\u00e9rique<\/strong>\u00ab\u00a0.<\/p>\n<p>Ecoutez aussi :<a href=\"https:\/\/www.lyondemain.fr\/ordinateurs-reconditionnes-collegiens-de-rillieux\/\" target=\"_blank\" rel=\"noreferrer noopener\"> Inclusion num\u00e9rique : 19 ordinateurs pour des coll\u00e9giens de Rillieux<\/a><\/p>\n<p>Des ateliers informatiques et un accompagnement personnalis\u00e9<\/p>\n<p>La mission de <strong>Passerelle<\/strong> s\u2019articule autour de plusieurs axes. L\u2019association offre un <strong>accompagnement personnalis\u00e9<\/strong> pour aider les personnes \u00e0 r\u00e9aliser leurs d\u00e9marches administratives en ligne (CAF, RSA, etc.). Elle propose \u00e9galement des <strong>ateliers informatiques<\/strong> pour initier les seniors et les personnes \u00e9loign\u00e9es du num\u00e9rique aux usages de base, leur permettant ainsi de gagner en autonomie et de briser l\u2019isolement.<\/p>\n<p><img fetchpriority=\"high\" decoding=\"async\" width=\"1200\" height=\"675\" src=\"https:\/\/www.europesays.com\/fr\/wp-content\/uploads\/2025\/06\/Passerelle-Michele-Poulenard.jpg\" alt=\"Michele Poulenard\" class=\"wp-image-249936\"  \/> Michele Poulenard<\/p>\n<p>\u00ab\u00a0On vient en aide \u00e0 toute personne via un <strong>camping-car connect\u00e9<\/strong>\u2026 Au plus pr\u00e8s des habitants dans les <strong>quartiers prioritaires<\/strong>. Et on fait de l\u2019acc\u00e8s au droit. On aide les personnes avec des assistantes sociales, des conseill\u00e8res sociales. Et on va jusqu\u2019au bout de la d\u00e9marche. C\u2019est-\u00e0-dire qu\u2019on ne laisse personne sur le bord du chemin. On les accompagne dans la dur\u00e9e. Et on fait des <strong>bilans 360 des droits<\/strong>, autant publics que priv\u00e9s\u00a0\u00bb explique <strong>Mich\u00e8le Poulenard<\/strong>.<\/p>\n<p>Ecoutez aussi : <a href=\"https:\/\/www.lyondemain.fr\/pole-bert-urbanisme-transitoire\/\" target=\"_blank\" rel=\"noreferrer noopener\">Le P\u00f4le Bert : un tiers-lieu autour du prendre soin<\/a><\/p>\n<p>Fracture num\u00e9rique : des causes multiples<\/p>\n<p>Sant\u00e9, logement, emploi, retraite, maladies, accidents de la vie, d\u00e9c\u00e8s\u2026 Toutes les th\u00e9matiques sont prises en compte. \u00ab\u00a0La <strong>fracture num\u00e9rique<\/strong>, les causes sont multiples, vari\u00e9es. Souvent ce sont des gens qui ne voient plus d\u2019humains. On les appelle les <strong>invisibles<\/strong>. 72% des gens que l\u2019on voit ne sont suivis par aucune structure. Et c\u2019est souvent des <strong>personnes \u00e2g\u00e9es <\/strong>qui ont peur des institutions. C\u2019est pas dans leur culture de demander de l\u2019aide. Donc ils viennent nous voir parce qu\u2019on n\u2019est pas du social, on est en bas de chez eux\u00a0\u00bb esplique Mich\u00e8le Poulenard. <\/p>\n<p><img loading=\"lazy\" decoding=\"async\" width=\"1200\" height=\"675\" src=\"https:\/\/www.europesays.com\/fr\/wp-content\/uploads\/2025\/06\/Passerelle-accompagnement-numerique.jpg\" alt=\"Passerelle\" class=\"wp-image-249937\"  \/><\/p>\n<p>\u00ab\u00a0Il y a aussi des <strong>familles monoparentales<\/strong> qui ont peur qu\u2019on leur enl\u00e8ve leurs enfants s\u2019ils vont voir une assistante sociale. Il y a des <strong>jeunes<\/strong> qui se sentent\u2026 pas trop concern\u00e9s par les d\u00e9marches administratives, mais malgr\u00e9 tout, il faut en faire. Tous ces publics-l\u00e0 sont sous les radars. Et ils ne recourent pas \u00e0 leurs droits. Il y a quand m\u00eame 30% des gens qui auraient droit \u00e0 des <strong>aides sociales<\/strong>, qui ne les per\u00e7oivent pas. Il y a 40% des gens qui auraient droit \u00e0 la <strong>minimum vieillesse<\/strong>, qui ne le per\u00e7oivent pas. Le<strong> ch\u00e8que \u00e9nergie<\/strong> n\u2019est pas utilis\u00e9s pour 25%\u2026\u00a0\u00bb<\/p>\n<p>Ecoutez aussi : <a href=\"https:\/\/www.lyondemain.fr\/femmes-de-la-tech-orange\/\" target=\"_blank\" rel=\"noreferrer noopener\">Orange soutient les femmes de la tech engag\u00e9es<\/a><\/p>\n<p>\u00a0\u00bb Sant\u00e9, logement\u2026 On d\u00e9bloque de nombreuses aides\u00a0\u00bb<\/p>\n<p><strong>Passerelle<\/strong> permet de r\u00e9soudre des blocages li\u00e9es \u00e0 la <strong>fracture num\u00e9rique<\/strong>. \u00ab\u00a0Les gens souvent viennent nous voir pour un petit probl\u00e8me. Un courrier \u00e0 expliquer, une simple d\u00e9marche \u00e0 faire, ou un courrier qu\u2019ils ne comprennent pas\u2026 Parce que les<strong> courriers administratifs<\/strong> sont souvent tr\u00e8s tr\u00e8s complexes \u00e0 comprendre. Et de fil en aiguille, on essaye d\u2019y r\u00e9pondre. Apr\u00e8s, on essaie de faire un bilan 360 dans tous les domaines, la sant\u00e9, le logement, etc. Et on d\u00e9bloque beaucoup d\u2019aides\u00a0\u00bb s\u2019enthousiasme <strong>Mich\u00e8le Poulenard<\/strong>.<\/p>\n<p>Le <strong>camping-car Passerelle<\/strong> s\u2019installe au c\u0153ur des quartiers de la M\u00e9tropole de Lyon pour offrir un accompagnement humain, gratuit, confidentiel et sans rendez-vous. Les principaux points de stationnement sont sur le site <strong>Passerelle<\/strong>..<\/p>\n<p>Ecoutez aussi : <a href=\"https:\/\/www.lyondemain.fr\/ateliers-numeriques-orange-cco\/\" target=\"_blank\" rel=\"noreferrer noopener\">Des ateliers num\u00e9riques pour les coll\u00e9giens au CCO La Rayonne<\/a><\/p>\n<p><img loading=\"lazy\" decoding=\"async\" width=\"1200\" height=\"675\" src=\"https:\/\/www.europesays.com\/fr\/wp-content\/uploads\/2025\/06\/Passerelle-camping-car.jpg\" alt=\"camping car\" class=\"wp-image-249935\"  \/><br \/>\nJ\u2019aime \u00e7a\u00a0:<\/p>\n<p>J\u2019aime chargement\u2026<\/p>\n<p><a class=\"sd-link-color\"\/><\/p>\n<p>\n\tArticles similaires\n<\/p>\n<p>\t\t\t\t<img decoding=\"async\" src=\"https:\/\/www.europesays.com\/fr\/wp-content\/uploads\/2025\/06\/1749676994_518_7866158698e17e8ed633c05e8f8e7fe5d9e057ad78661c4dc34e413abb6b9f19\" alt=\"G\u00e9rald Bouchon\"\/><\/p>\n<p>Pionnier des radios libres, passionn\u00e9 de radio, journaliste et dirigeant de m\u00e9dias \u00e9co-responsables..<\/p>\n","protected":false},"excerpt":{"rendered":"\u00c0 l\u2019\u00e8re du tout num\u00e9rique, une fracture silencieuse mais profonde divise la soci\u00e9t\u00e9 : celle de l\u2019acc\u00e8s et&hellip;\n","protected":false},"author":2,"featured_media":169195,"comment_status":"","ping_status":"","sticky":false,"template":"","format":"standard","meta":{"footnotes":""},"categories":[1889],"tags":[30309,1111,11,2430,25681,341,1777,674,1011,30310,27,1908,2428,30311,12,26301,25,71],"class_list":{"0":"post-169194","1":"post","2":"type-post","3":"status-publish","4":"format-standard","5":"has-post-thumbnail","7":"category-lyon","8":"tag-accompagnement-social","9":"tag-actu","10":"tag-actualites","11":"tag-auvergne-rhone-alpes","12":"tag-demarches-administratives","13":"tag-emploi","14":"tag-eu","15":"tag-europe","16":"tag-fr","17":"tag-fracture-numerique","18":"tag-france","19":"tag-logement","20":"tag-lyon","21":"tag-michele-poulenard","22":"tag-news","23":"tag-passerelle","24":"tag-republique-francaise","25":"tag-sante"},"share_on_mastodon":{"url":"https:\/\/pubeurope.com\/@fr\/114666838914320602","error":""},"_links":{"self":[{"href":"https:\/\/www.europesays.com\/fr\/wp-json\/wp\/v2\/posts\/169194","targetHints":{"allow":["GET"]}}],"collection":[{"href":"https:\/\/www.europesays.com\/fr\/wp-json\/wp\/v2\/posts"}],"about":[{"href":"https:\/\/www.europesays.com\/fr\/wp-json\/wp\/v2\/types\/post"}],"author":[{"embeddable":true,"href":"https:\/\/www.europesays.com\/fr\/wp-json\/wp\/v2\/users\/2"}],"replies":[{"embeddable":true,"href":"https:\/\/www.europesays.com\/fr\/wp-json\/wp\/v2\/comments?post=169194"}],"version-history":[{"count":0,"href":"https:\/\/www.europesays.com\/fr\/wp-json\/wp\/v2\/posts\/169194\/revisions"}],"wp:featuredmedia":[{"embeddable":true,"href":"https:\/\/www.europesays.com\/fr\/wp-json\/wp\/v2\/media\/169195"}],"wp:attachment":[{"href":"https:\/\/www.europesays.com\/fr\/wp-json\/wp\/v2\/media?parent=169194"}],"wp:term":[{"taxonomy":"category","embeddable":true,"href":"https:\/\/www.europesays.com\/fr\/wp-json\/wp\/v2\/categories?post=169194"},{"taxonomy":"post_tag","embeddable":true,"href":"https:\/\/www.europesays.com\/fr\/wp-json\/wp\/v2\/tags?post=169194"}],"curies":[{"name":"wp","href":"https:\/\/api.w.org\/{rel}","templated":true}]}}