{"id":169200,"date":"2025-06-11T21:27:09","date_gmt":"2025-06-11T21:27:09","guid":{"rendered":"https:\/\/www.europesays.com\/fr\/169200\/"},"modified":"2025-06-11T21:27:09","modified_gmt":"2025-06-11T21:27:09","slug":"des-familles-sans-logement-sinstallent-devant-la-mairie-du-11e-pour-reclamer-un-toit","status":"publish","type":"post","link":"https:\/\/www.europesays.com\/fr\/169200\/","title":{"rendered":"Des familles sans logement s\u2019installent devant la mairie du 11e pour r\u00e9clamer un toit"},"content":{"rendered":"<p>\u00c0 l\u2019initiative de l\u2019association d\u2019aide aux migrants Utopia 56, quelque 250 personnes, toutes sans abri, ont d\u00e9cid\u00e9 de rester sur le parvis de la mairie jusqu\u2019\u00e0 ce qu\u2019une proposition d\u2019h\u00e9bergement leur soit faite.<\/p>\n<p class=\"fig-paragraph\">Quelque 250 personnes, toutes sans abri, se sont rassembl\u00e9es mercredi soir \u00e0 Paris devant la mairie du 11e pour demander un toit, ont constat\u00e9 des journalistes de l&rsquo;AFP. \u00c0 l&rsquo;initiative\u00a0<a href=\"http:\/\/www.lefigaro.fr\/vox\/societe\/hotel-de-ville-de-paris-comment-l-association-d-extreme-gauche-utopia-56-instrumentalise-les-migrants-20230822\" target=\"_blank\" data-fig-type=\"Article\" rel=\"noopener\" data-gtm-custom-categorie=\"navigation\" data-gtm-custom-action=\"crossclick\" data-gtm-custom-label=\"Contextuel\" data-gtm-event=\"customEventSPE\" data-fig-domain=\"LEFIGARO\">de l&rsquo;association d&rsquo;aide aux migrants Utopia 56<\/a>, ces personnes ont choisi de rester devant le parvis de la mairie jusqu&rsquo;\u00e0 ce qu&rsquo;une proposition d&rsquo;h\u00e9bergement leur soit faite.<\/p>\n<p class=\"fig-paragraph\">\u00abCes familles sont ballott\u00e9es d&rsquo;h\u00e9bergement d&rsquo;urgence en h\u00e9bergement d&rsquo;urgence, voire de la rue \u00e0 la rue\u00bb, a expliqu\u00e9 \u00e0 l&rsquo;AFP Nathan Lequeux, coordinateur de l&rsquo;antenne d&rsquo;Utopia 56 Paris. \u00abElles sont ici 250, il y a 17 mineurs isol\u00e9s et 80 enfants\u00bb, a-t-il pr\u00e9cis\u00e9. \u00abOn les h\u00e9berge depuis plusieurs mois. Sauf qu&rsquo;en fait on est arriv\u00e9 au bout de nos capacit\u00e9s, et que ce n&rsquo;est pas notre r\u00f4le. C&rsquo;est \u00e0 l&rsquo;\u00c9tat et aux pouvoirs publics de remplir ces fonctions\u00bb, a-t-il estim\u00e9.<\/p>\n<p class=\"fig-paragraph\">\u00abDonc l\u00e0, les familles ont demand\u00e9 un h\u00e9bergement d&rsquo;urgence p\u00e9renne, durable en \u00cele-de-France, puisque les enfants pour la plupart sont scolaris\u00e9s ici autour de Paris et que les gens ont un travail ici. Et elles ne partiront d&rsquo;ici que lorsqu&rsquo;on leur proposera une solution d&rsquo;h\u00e9bergement durable\u00bb, a ajout\u00e9 Nathan Lequeux. Parmi ces personnes, Safi (pr\u00e9nom modifi\u00e9) a expliqu\u00e9 \u00e0 l&rsquo;AFP \u00abdormir dehors, n&rsquo;avoir nulle part o\u00f9 aller\u00bb. \u00abOn a besoin de l&rsquo;aide de l&rsquo;\u00c9tat, pour qu&rsquo;on puisse se sortir de cette condition terrible\u00bb, a-t-elle dit.<\/p>\n<p>\u00abDeux cars ont \u00e9t\u00e9 mis \u00e0 disposition\u00bb<\/p>\n<p class=\"fig-paragraph\">Dans la matin\u00e9e, plus d&rsquo;une centaine de tentes, occup\u00e9es principalement par des hommes migrants le long du canal Saint-Denis dans le nord de Paris, ont \u00e9t\u00e9 \u00e9vacu\u00e9es par les forces de l&rsquo;ordre, a constat\u00e9 une journaliste de l&rsquo;AFP. Des jeunes migrants en recours pour faire reconna\u00eetre leur minorit\u00e9, mais aussi des usagers de drogue ont pli\u00e9 au petit matin leurs quelques affaires dans des sacs-poubelle sigl\u00e9s de la mairie de Paris.<\/p>\n<p class=\"fig-paragraph\">\u00abDeux cars ont \u00e9t\u00e9 mis \u00e0 disposition pour \u00e9vacuer les personnes qui le souhaitent vers des accueils en r\u00e9gion\u00bb, a indiqu\u00e9 sur place le pr\u00e9fet de la r\u00e9gion d&rsquo;\u00cele-de-France Baptiste Rolland. Quelques places dans des \u00e9tablissements sp\u00e9cialis\u00e9s pour les usagers de drogues sont \u00e9galement propos\u00e9es, a-t-il ajout\u00e9. Mahibelal, un Afghan r\u00e9fugi\u00e9 en France depuis 2018, a quitt\u00e9 l&rsquo;abri de fortune qu&rsquo;il occupait depuis six mois le long du canal. L&rsquo;homme qui n&rsquo;a pas d&rsquo;autre logement promet de revenir ce soir. \u00abIl y a toujours des camps ici, les autorit\u00e9s ont une obstination \u00e0 d\u00e9placer le probl\u00e8me\u00bb, a r\u00e9agi Paul Alauzy, porte-parole de M\u00e9decins du Monde (MDM). \u00abIl faut r\u00e9former le syst\u00e8me d&rsquo;accueil: d\u00e9placer des personnes ne les fera pas dispara\u00eetre\u00bb.<\/p>\n","protected":false},"excerpt":{"rendered":"\u00c0 l\u2019initiative de l\u2019association d\u2019aide aux migrants Utopia 56, quelque 250 personnes, toutes sans abri, ont d\u00e9cid\u00e9 de&hellip;\n","protected":false},"author":2,"featured_media":169201,"comment_status":"","ping_status":"","sticky":false,"template":"","format":"standard","meta":{"footnotes":""},"categories":[1888],"tags":[1111,1928,47,11,1927,1109,1112,1777,674,118,1108,107,1106,1107,1011,27,1110,1114,14,12,1926,1113,626,1925,316,25,15317],"class_list":{"0":"post-169200","1":"post","2":"type-post","3":"status-publish","4":"format-standard","5":"has-post-thumbnail","7":"category-paris","8":"tag-actu","9":"tag-actu-paris","10":"tag-actualite","11":"tag-actualites","12":"tag-actualites-paris","13":"tag-breves","14":"tag-depeches","15":"tag-eu","16":"tag-europe","17":"tag-faits-divers","18":"tag-fil","19":"tag-fil-info","20":"tag-flash","21":"tag-flash-actu","22":"tag-fr","23":"tag-france","24":"tag-informations","25":"tag-infos","26":"tag-international","27":"tag-news","28":"tag-news-paris","29":"tag-nouvelles","30":"tag-paris","31":"tag-paris-news","32":"tag-politique","33":"tag-republique-francaise","34":"tag-sans-abri"},"share_on_mastodon":{"url":"https:\/\/pubeurope.com\/@fr\/114666854544260583","error":""},"_links":{"self":[{"href":"https:\/\/www.europesays.com\/fr\/wp-json\/wp\/v2\/posts\/169200","targetHints":{"allow":["GET"]}}],"collection":[{"href":"https:\/\/www.europesays.com\/fr\/wp-json\/wp\/v2\/posts"}],"about":[{"href":"https:\/\/www.europesays.com\/fr\/wp-json\/wp\/v2\/types\/post"}],"author":[{"embeddable":true,"href":"https:\/\/www.europesays.com\/fr\/wp-json\/wp\/v2\/users\/2"}],"replies":[{"embeddable":true,"href":"https:\/\/www.europesays.com\/fr\/wp-json\/wp\/v2\/comments?post=169200"}],"version-history":[{"count":0,"href":"https:\/\/www.europesays.com\/fr\/wp-json\/wp\/v2\/posts\/169200\/revisions"}],"wp:featuredmedia":[{"embeddable":true,"href":"https:\/\/www.europesays.com\/fr\/wp-json\/wp\/v2\/media\/169201"}],"wp:attachment":[{"href":"https:\/\/www.europesays.com\/fr\/wp-json\/wp\/v2\/media?parent=169200"}],"wp:term":[{"taxonomy":"category","embeddable":true,"href":"https:\/\/www.europesays.com\/fr\/wp-json\/wp\/v2\/categories?post=169200"},{"taxonomy":"post_tag","embeddable":true,"href":"https:\/\/www.europesays.com\/fr\/wp-json\/wp\/v2\/tags?post=169200"}],"curies":[{"name":"wp","href":"https:\/\/api.w.org\/{rel}","templated":true}]}}