{"id":169204,"date":"2025-06-11T21:29:11","date_gmt":"2025-06-11T21:29:11","guid":{"rendered":"https:\/\/www.europesays.com\/fr\/169204\/"},"modified":"2025-06-11T21:29:11","modified_gmt":"2025-06-11T21:29:11","slug":"quinte-du-jeudi-12-juin-2025-en-nocturne-a-longchamp-les-pronostics","status":"publish","type":"post","link":"https:\/\/www.europesays.com\/fr\/169204\/","title":{"rendered":"Quint\u00e9 du jeudi 12 juin 2025 en nocturne \u00e0 Longchamp : les pronostics"},"content":{"rendered":"<p class=\"article-p mdl\">Retrouvez les pronostics de Dominique Cordier pour le Quint\u00e9 du jeudi 12 juin 2025 en nocturne \u00e0 Longchamp, le Prix de la Ville du Touquet \u2013 Paris-Plage. <strong>D\u00e9part \u00e0 20h15. 13 partants (le 12 Prince of Clouds est non partant). <\/strong>Plat. Handicap. 1.400 m\u00e8tres. Nouvelle piste. Arriv\u00e9e au 2e poteau. Bon terrain. Pur-sang de 4 ans et plus.\n<\/p>\n<p class=\"article-p mdl\">Le <strong>8 Speedster <\/strong>pr\u00e9sente un profil int\u00e9ressant. Il dispute son premier handicap \u00e0 une valeur que l\u2019on peut qualifier d\u2019avantageuse. La distance, o\u00f9 il a gagn\u00e9 \u00e0 Chantilly l\u2019an pass\u00e9, ne lui pose pas de probl\u00e8me. Confi\u00e9 \u00e0 Maxime Guyon, il peut frapper un grand coup dans ce quint\u00e9.\n<\/p>\n<p class=\"article-p mdl\">Restant sur deux succ\u00e8s de rang, le <strong>1 Centenario <\/strong>doit \u00eatre conserv\u00e9, ses limites actuelles n\u2019\u00e9tant connues de personne, tandis que le<strong> 4 Tortisambert<\/strong> peut en th\u00e9orie prendre sa revanche sur lui, mais en th\u00e9orie seulement.\n<\/p>\n<p class=\"article-p mdl\">L\u2019outsider de RTL, le <strong>10 Alabama Moon<\/strong>, reste sur deux performances de choix \u00e0 ce niveau, l\u2019avant-derni\u00e8re, o\u00f9 il a failli gagn\u00e9 un Quint\u00e9 sur ce parcours particulier, surtout. Il peut viser la victoire ici.\n<\/p>\n<p class=\"article-p mdl\">Le <strong>14 Big Log <\/strong>ayant consid\u00e9rablement baiss\u00e9 sur l\u2019\u00e9chelle des valeurs, il refera parler de lui t\u00f4t ou tard. D\u00e8s ce Quint\u00e9, pourquoi pas, o\u00f9 le terrain et sa position au d\u00e9part sont des atouts dont il peut profiter.<\/p>\n<p>            Les pronostics<\/p>\n<p class=\"article-p mdl\">\n<p>8. Speedster&#13;<br \/>1. Centenario&#13;<br \/>4. Tortisambert&#13;<br \/>10. Alabama Moon&#13;<br \/>14. Big Log&#13;<br \/>9. Forchester&#13;<br \/>7. Megarry<\/p>\n<p>            L&rsquo;outsider de RTL<\/p>\n<p class=\"article-p mdl\">10. Alabama Moon<\/p>\n<p>            R\u00e9sultats du mardi 10 juin 2025 \u00e0 Saint-Cloud<\/p>\n<p class=\"article-p mdl\">Le favori de RTL a trop de terrain \u00e0 refaire pour esp\u00e9rer mieux qu\u2019une 5e place. L\u2019outsider de RTL termine 12e. <\/p>\n<p>    La r\u00e9daction vous recommande<\/p>\n<p class=\"s-newsletter__title\">\n                L\u2019actualit\u00e9 par la r\u00e9daction de RTL dans votre bo\u00eete mail.\n            <\/p>\n<p class=\"s-newsletter__subtitle\">\n                Gr\u00e2ce \u00e0 votre compte RTL abonnez-vous \u00e0 la newsletter RTL info pour suivre toute l&rsquo;actualit\u00e9 au quotidien\n            <\/p>\n<p>\n                                    Lire la suite\n                                <\/p>\n","protected":false},"excerpt":{"rendered":"Retrouvez les pronostics de Dominique Cordier pour le Quint\u00e9 du jeudi 12 juin 2025 en nocturne \u00e0 Longchamp,&hellip;\n","protected":false},"author":2,"featured_media":3836,"comment_status":"","ping_status":"","sticky":false,"template":"","format":"standard","meta":{"footnotes":""},"categories":[1888],"tags":[11,2621,2622,2620,1777,674,107,2619,1011,27,12,626,2623,25],"class_list":{"0":"post-169204","1":"post","2":"type-post","3":"status-publish","4":"format-standard","5":"has-post-thumbnail","7":"category-paris","8":"tag-actualites","9":"tag-chevaux","10":"tag-courses","11":"tag-courses-de-trot","12":"tag-eu","13":"tag-europe","14":"tag-fil-info","15":"tag-fil-sport","16":"tag-fr","17":"tag-france","18":"tag-news","19":"tag-paris","20":"tag-quinte","21":"tag-republique-francaise"},"share_on_mastodon":{"url":"https:\/\/pubeurope.com\/@fr\/114666862253668185","error":""},"_links":{"self":[{"href":"https:\/\/www.europesays.com\/fr\/wp-json\/wp\/v2\/posts\/169204","targetHints":{"allow":["GET"]}}],"collection":[{"href":"https:\/\/www.europesays.com\/fr\/wp-json\/wp\/v2\/posts"}],"about":[{"href":"https:\/\/www.europesays.com\/fr\/wp-json\/wp\/v2\/types\/post"}],"author":[{"embeddable":true,"href":"https:\/\/www.europesays.com\/fr\/wp-json\/wp\/v2\/users\/2"}],"replies":[{"embeddable":true,"href":"https:\/\/www.europesays.com\/fr\/wp-json\/wp\/v2\/comments?post=169204"}],"version-history":[{"count":0,"href":"https:\/\/www.europesays.com\/fr\/wp-json\/wp\/v2\/posts\/169204\/revisions"}],"wp:featuredmedia":[{"embeddable":true,"href":"https:\/\/www.europesays.com\/fr\/wp-json\/wp\/v2\/media\/3836"}],"wp:attachment":[{"href":"https:\/\/www.europesays.com\/fr\/wp-json\/wp\/v2\/media?parent=169204"}],"wp:term":[{"taxonomy":"category","embeddable":true,"href":"https:\/\/www.europesays.com\/fr\/wp-json\/wp\/v2\/categories?post=169204"},{"taxonomy":"post_tag","embeddable":true,"href":"https:\/\/www.europesays.com\/fr\/wp-json\/wp\/v2\/tags?post=169204"}],"curies":[{"name":"wp","href":"https:\/\/api.w.org\/{rel}","templated":true}]}}