{"id":169209,"date":"2025-06-11T21:32:18","date_gmt":"2025-06-11T21:32:18","guid":{"rendered":"https:\/\/www.europesays.com\/fr\/169209\/"},"modified":"2025-06-11T21:32:18","modified_gmt":"2025-06-11T21:32:18","slug":"morgue-ambulante-et-avion-russe-suspect-2","status":"publish","type":"post","link":"https:\/\/www.europesays.com\/fr\/169209\/","title":{"rendered":"Morgue ambulante et avion russe suspect"},"content":{"rendered":"<p><strong>R\u00e9cap &#8211; \u00ab 20 Minutes \u00bb fait le point pour vous tous les soirs sur le conflit en Ukraine. Ce mercredi, l\u2019Ukraine a r\u00e9cup\u00e9r\u00e9 les corps de ses soldats morts sur le front et la Russie a d\u00fb s\u2019expliquer sur un possible avion espion<\/strong><\/p>\n<p>Vous avez rat\u00e9 les derniers \u00e9v\u00e9nements sur la <a href=\"https:\/\/www.20minutes.fr\/monde\/ukraine\/?at_medium=RSS%20feed&amp;at_campaign=ynews&amp;utm_source=yahoo&amp;utm_medium=rss&amp;utm_campaign=news_feed&amp;utm_content=in_article_link\" rel=\"nofollow noopener\" target=\"_blank\" data-ylk=\"slk:guerre en Ukraine;elm:context_link;itc:0;sec:content-canvas\" class=\"link \">guerre en Ukraine<\/a> ? 20 Minutes fait le point pour vous tous les soirs. Voici l\u2019essentiel de ce mercredi 11 juin 2025, 1.204e jour du conflit.<\/p>\n<p>Le fait du jour<\/p>\n<p>Un intrus dans le ciel de <a href=\"https:\/\/www.20minutes.fr\/dossier\/finlande?at_medium=RSS%20feed&amp;at_campaign=ynews&amp;utm_source=yahoo&amp;utm_medium=rss&amp;utm_campaign=news_feed&amp;utm_content=in_article_link\" rel=\"nofollow noopener\" target=\"_blank\" data-ylk=\"slk:Finlande;elm:context_link;itc:0;sec:content-canvas\" class=\"link \">Finlande<\/a> ? Le pays scandinave, qui partage une fronti\u00e8re de 1.340 kilom\u00e8tres avec la <a href=\"https:\/\/www.20minutes.fr\/monde\/russie\/?at_medium=RSS%20feed&amp;at_campaign=ynews&amp;utm_source=yahoo&amp;utm_medium=rss&amp;utm_campaign=news_feed&amp;utm_content=in_article_link\" rel=\"nofollow noopener\" target=\"_blank\" data-ylk=\"slk:Russie;elm:context_link;itc:0;sec:content-canvas\" class=\"link \">Russie<\/a> a convoqu\u00e9 ce mercredi le charg\u00e9 d\u2019affaires de Moscou pour obtenir des explications sur une possible violation de son espace a\u00e9rien par un avion militaire russe mardi. Le minist\u00e8re finlandais de la D\u00e9fense pr\u00e9cise que l\u2019appareil suspect a \u00e9t\u00e9 d\u00e9tect\u00e9 au large de la c\u00f4te de Porvoo, \u00e0 l\u2019est de la capitale Helsinki. Cet incident survient seulement quelques semaines apr\u00e8s un \u00e9pisode similaire, qui avait \u00e9galement conduit \u00e0 la convocation d\u2019un repr\u00e9sentant de la diplomatie russe.<\/p>\n<p>La Finlande a rejoint l\u2019<a href=\"https:\/\/www.20minutes.fr\/monde\/otan\/?at_medium=RSS%20feed&amp;at_campaign=ynews&amp;utm_source=yahoo&amp;utm_medium=rss&amp;utm_campaign=news_feed&amp;utm_content=in_article_link\" rel=\"nofollow noopener\" target=\"_blank\" data-ylk=\"slk:Otan;elm:context_link;itc:0;sec:content-canvas\" class=\"link \">Otan<\/a> en 2023, par cons\u00e9quent apr\u00e8s l\u2019invasion de l\u2019Ukraine. Depuis, Moscou a \u00e0 plusieurs reprises mis en garde son voisin contre d\u2019\u00e9ventuelles r\u00e9percussions li\u00e9es \u00e0 cette adh\u00e9sion, dans un contexte de tensions accrues. Par ailleurs, le New York Times a publi\u00e9 mi-mai des images satellitaires semblant montrer une expansion des infrastructures militaires russes pr\u00e8s de la fronti\u00e8re avec la Finlande.<\/p>\n<p>La d\u00e9claration du jour<\/p>\n<blockquote class=\"caas-blockquote\">\n<p>Tous ceux qui ont appel\u00e9 \u00e0 la fin des massacres et \u00e0 la diplomatie doivent agir \u00bb<\/p>\n<\/blockquote>\n<p>Apr\u00e8s de nouvelles frappes nocturnes russes (lire ci-dessous), Volodymyr Zelensky s\u2019est exprim\u00e9 sur Telegram, mettant la pression sur ses alli\u00e9s occidentaux. \u00ab La Russie(&#8230;)<\/p>\n<p><a href=\"https:\/\/www.20minutes.fr\/monde\/ukraine\/4157996-20250611-guerre-ukraine-morgue-ambulante-avion-russe-suspect?at_medium=RSS%20feed&amp;at_campaign=ynews&amp;utm_source=yahoo&amp;utm_medium=rss&amp;utm_campaign=news_feed&amp;utm_content=read_more_link\" rel=\"nofollow noopener\" target=\"_blank\" data-ylk=\"slk:Lire la suite sur 20minutes;elm:context_link;itc:0;sec:content-canvas\" class=\"link \">Lire la suite sur 20minutes<\/a><\/p>\n<p>\u00c0 lire aussi :<br \/><a href=\"https:\/\/www.20minutes.fr\/monde\/ukraine\/4157750-20250610-guerre-ukraine-dj-devenu-ennemi-public-numero-1-kremlin?at_medium=RSS%20feed&amp;at_campaign=ynews&amp;utm_source=yahoo&amp;utm_medium=rss&amp;utm_campaign=news_feed&amp;utm_content=related_content_link\" rel=\"nofollow noopener\" target=\"_blank\" data-ylk=\"slk:Guerre en Ukraine : Qui est ce DJ devenu ennemi public num\u00e9ro 1 du Kremlin ?;elm:context_link;itc:0;sec:content-canvas\" class=\"link \">Guerre en Ukraine : Qui est ce DJ devenu ennemi public num\u00e9ro 1 du Kremlin ?<\/a><br \/><a href=\"https:\/\/www.20minutes.fr\/monde\/russie\/4154897-20250522-arrivee-blindes-pieces-artillerie-bases-renforcees-quoi-joue-russie-frontiere-finlandaise?at_medium=RSS%20feed&amp;at_campaign=ynews&amp;utm_source=yahoo&amp;utm_medium=rss&amp;utm_campaign=news_feed&amp;utm_content=related_content_link\" rel=\"nofollow noopener\" target=\"_blank\" data-ylk=\"slk:Arriv\u00e9e de blind\u00e9s et de pi\u00e8ces d\u2019artillerie, bases renforc\u00e9es\u2026 A quoi joue la Russie \u00e0 la fronti\u00e8re finlandaise ?;elm:context_link;itc:0;sec:content-canvas\" class=\"link \">Arriv\u00e9e de blind\u00e9s et de pi\u00e8ces d\u2019artillerie, bases renforc\u00e9es\u2026 A quoi joue la Russie \u00e0 la fronti\u00e8re finlandaise ?<\/a><\/p>\n","protected":false},"excerpt":{"rendered":"R\u00e9cap &#8211; \u00ab 20 Minutes \u00bb fait le point pour vous tous les soirs sur le conflit en&hellip;\n","protected":false},"author":2,"featured_media":169210,"comment_status":"","ping_status":"","sticky":false,"template":"","format":"standard","meta":{"footnotes":""},"categories":[1590],"tags":[642,11,1777,674,5493,8514,2489,12,220],"class_list":{"0":"post-169209","1":"post","2":"type-post","3":"status-publish","4":"format-standard","5":"has-post-thumbnail","7":"category-ukraine","8":"tag-20-minutes","9":"tag-actualites","10":"tag-eu","11":"tag-europe","12":"tag-lukraine","13":"tag-la-frontiere","14":"tag-la-russie","15":"tag-news","16":"tag-ukraine"},"share_on_mastodon":{"url":"https:\/\/pubeurope.com\/@fr\/114666874065743124","error":""},"_links":{"self":[{"href":"https:\/\/www.europesays.com\/fr\/wp-json\/wp\/v2\/posts\/169209","targetHints":{"allow":["GET"]}}],"collection":[{"href":"https:\/\/www.europesays.com\/fr\/wp-json\/wp\/v2\/posts"}],"about":[{"href":"https:\/\/www.europesays.com\/fr\/wp-json\/wp\/v2\/types\/post"}],"author":[{"embeddable":true,"href":"https:\/\/www.europesays.com\/fr\/wp-json\/wp\/v2\/users\/2"}],"replies":[{"embeddable":true,"href":"https:\/\/www.europesays.com\/fr\/wp-json\/wp\/v2\/comments?post=169209"}],"version-history":[{"count":0,"href":"https:\/\/www.europesays.com\/fr\/wp-json\/wp\/v2\/posts\/169209\/revisions"}],"wp:featuredmedia":[{"embeddable":true,"href":"https:\/\/www.europesays.com\/fr\/wp-json\/wp\/v2\/media\/169210"}],"wp:attachment":[{"href":"https:\/\/www.europesays.com\/fr\/wp-json\/wp\/v2\/media?parent=169209"}],"wp:term":[{"taxonomy":"category","embeddable":true,"href":"https:\/\/www.europesays.com\/fr\/wp-json\/wp\/v2\/categories?post=169209"},{"taxonomy":"post_tag","embeddable":true,"href":"https:\/\/www.europesays.com\/fr\/wp-json\/wp\/v2\/tags?post=169209"}],"curies":[{"name":"wp","href":"https:\/\/api.w.org\/{rel}","templated":true}]}}