{"id":169217,"date":"2025-06-11T21:36:24","date_gmt":"2025-06-11T21:36:24","guid":{"rendered":"https:\/\/www.europesays.com\/fr\/169217\/"},"modified":"2025-06-11T21:36:24","modified_gmt":"2025-06-11T21:36:24","slug":"apple-tire-la-sonnette-dalarme-liphone-est-menace-en-europe","status":"publish","type":"post","link":"https:\/\/www.europesays.com\/fr\/169217\/","title":{"rendered":"Apple tire la sonnette d\u2019alarme :\u00a0l\u2019iPhone est menac\u00e9 en Europe"},"content":{"rendered":"<p>Un peu plus d\u2019un an apr\u00e8s l\u2019entr\u00e9e en vigueur du DMA (un r\u00e8glement concurrentiel sur le num\u00e9rique), Apple profite de son \u00e9v\u00e9nement WWDC pour faire un point sur la situation de ses produits en Europe. La marque regrette une politique punitive qui s\u2019attaque fondamentalement \u00e0 ses produits, sans prendre en compte l\u2019aspect technologique.  <\/p>\n<p>Apple a-t-il \u00e9t\u00e9 trop gentil avec l\u2019Europe, malgr\u00e9 <a href=\"https:\/\/www.numerama.com\/tech\/1929515-leurope-exige-des-changements-sur-liphone-apple-menace-de-repousser-ses-futures-fonctions.html\" data-type=\"post\" data-id=\"1929515\" rel=\"nofollow noopener\" target=\"_blank\">ses attaques r\u00e9p\u00e9t\u00e9es depuis le 6 mars 2024<\/a> ? Un peu plus d\u2019un an apr\u00e8s <a href=\"https:\/\/www.numerama.com\/politique\/1643136-tous-les-changements-quapple-google-et-facebook-craignent-avec-le-dma.html\" rel=\"nofollow noopener\" target=\"_blank\">l\u2019entr\u00e9e en vigueur du DMA<\/a>, la situation ne cesse de se d\u00e9t\u00e9riorer (l\u2019Europe veut d\u00e9sormais la forcer \u00e0 d\u00e9chiffrer des donn\u00e9es <a href=\"https:\/\/www.numerama.com\/tech\/1979563-leurope-somme-apple-de-faire-evoluer-son-app-store-ses-regles-ne-sont-toujours-pas-respectees.html\" data-type=\"post\" data-id=\"1979563\" rel=\"nofollow noopener\" target=\"_blank\">pour les partager \u00e0 ses concurrents<\/a>). Apple, qui a jusqu\u2019\u00e0 maintenant <a href=\"https:\/\/www.numerama.com\/tech\/1643546-ios-17-4-est-disponible-voici-ses-nombreuses-nouveautes-sur-iphone.html\" data-type=\"post\" data-id=\"1643546\" rel=\"nofollow noopener\" target=\"_blank\">r\u00e9pondu aux exigeances<\/a>, parfois \u00e0 contre-c\u0153ur, pense qu\u2019il doit d\u00e9sormais \u00eatre plus f\u00e9roce. Ses communications sur la probl\u00e9matique europ\u00e9enne vont s\u2019intensifier dans les prochains mois. <\/p>\n<p>\u00c0 Cupertino pendant la <a href=\"https:\/\/www.numerama.com\/tag\/wwdc-2025\/\" rel=\"nofollow noopener\" target=\"_blank\">WWDC 2025<\/a>, Apple a d\u00e9cid\u00e9 d\u2019adresser plusieurs probl\u00e9matiques importantes dans l\u2019UE. L\u2019occasion d\u2019enfin comprendre pourquoi certaines fonctions sont bloqu\u00e9es et quelle trajectoire pourrait prendre l\u2019iPhone en Europe. <\/p>\n<\/p>\n<p>            Ce contenu est bloqu\u00e9 car vous n\u2019avez pas accept\u00e9 les cookies et autres traceurs. Ce contenu est fourni par YouTube.<br \/>Pour pouvoir le visualiser, vous devez accepter l\u2019usage \u00e9tant op\u00e9r\u00e9 par YouTube avec vos donn\u00e9es qui pourront \u00eatre utilis\u00e9es pour les finalit\u00e9s suivantes : vous permettre de visualiser et de partager des contenus avec des m\u00e9dias sociaux, favoriser le d\u00e9veloppement et l\u2019am\u00e9lioration des produits d\u2019Humanoid et de ses partenaires, vous afficher des publicit\u00e9s personnalis\u00e9es par rapport \u00e0 votre profil et activit\u00e9, vous d\u00e9finir un profil publicitaire personnalis\u00e9, mesurer la performance des publicit\u00e9s et du contenu de ce site et mesurer l\u2019audience de ce site <a href=\"#\" class=\"js-privacy\" target=\"_blank\">(en savoir plus)<\/a>        <\/p>\n<p>            En cliquant sur \u00ab J\u2019accepte tout \u00bb, vous consentez aux finalit\u00e9s susmentionn\u00e9es pour l\u2019ensemble des cookies et autres traceurs d\u00e9pos\u00e9s par Humanoid et <a class=\"embed-consent-overlay-vendors-link\" href=\"#preferences-vendeurs\">ses partenaires<\/a>.        <\/p>\n<p>            Vous gardez la possibilit\u00e9 de retirer votre consentement \u00e0 tout moment. Pour plus d\u2019informations, nous vous invitons \u00e0 prendre connaissance de notre <a href=\"https:\/\/www.numerama.com\/politique-cookies\" rel=\"nofollow noopener\" target=\"_blank\">Politique cookies<\/a>.        <\/p>\n<p>        J\u2019accepte tout    <\/p>\n<p class=\"embed-consent-overlay-manage-choices\">        <a href=\"#preferences-publicitaires\">G\u00e9rer mes choix<\/a>    <\/p>\n<p>Apple explique enfin pourquoi iPhone Mirroring est bloqu\u00e9 en Europe <\/p>\n<p>En septembre 2024, Apple a lanc\u00e9 une fonction attendue depuis longtemps par ses utilisateurs multiplateformes : iPhone Mirroring, ou Recopie de l\u2019iPhone en fran\u00e7ais. Il s\u2019agit d\u2019une application pour contr\u00f4ler son iPhone depuis son Mac et recevoir ses notifications. Il y a n\u00e9anmoins un hic : le service n\u2019est <a href=\"https:\/\/www.numerama.com\/tech\/1929515-leurope-exige-des-changements-sur-liphone-apple-menace-de-repousser-ses-futures-fonctions.html\" rel=\"nofollow noopener\" target=\"_blank\">pas disponible depuis l\u2019Union europ\u00e9enne<\/a>. Une situation qui <a href=\"https:\/\/www.numerama.com\/tech\/1988271-mauvaise-nouvelle-iphone-mirroring-narrivera-pas-en-france-avec-ios-26.html\" rel=\"nofollow noopener\" target=\"_blank\">ne va pas changer avec iOS 26 en 2025<\/a> : le service va rester bloqu\u00e9, au m\u00eame titre que plusieurs nouveaut\u00e9s comme les Live Activities sur Mac et potentiellement d\u2019autres nouvelles fonctions (comme l\u2019application T\u00e9l\u00e9phone).<\/p>\n<p><a href=\"https:\/\/www.numerama.com\/wp-content\/uploads\/2024\/06\/wwdc-2024-june-10-apple-57-35-screenshot.jpg\" rel=\"nofollow noopener\" target=\"_blank\"><img decoding=\"async\" width=\"1024\" height=\"576\" loading=\"lazy\" alt=\"La fonction iPhone Mirroring de macOS Sequoia \/\/ Source : Capture d'\u00e9cran Numerama\" title=\"La fonction iPhone Mirroring de macOS Sequoia \/\/ Source : Capture d'\u00e9cran Numerama\" class=\"wp-image-1757510 placeholder-default wp-image\" src=\"https:\/\/www.europesays.com\/fr\/wp-content\/uploads\/2025\/06\/1749677776_919_wwdc-2024-june-10-apple-57-35-screenshot-1024x576.jpg\" \/><\/a>La fonction iPhone Mirroring de macOS Sequoia \/\/ Source : Capture d\u2019\u00e9cran Numerama<\/p>\n<p>            <img decoding=\"async\" width=\"1024\" height=\"396\" loading=\"lazy\" alt=\"BIT BOX 3\" title=\"BIT BOX 3\" class=\"is-block placeholder-default wp-image\" src=\"https:\/\/www.europesays.com\/fr\/wp-content\/uploads\/2025\/06\/bit-box-3-1024x396.jpg\" \/>        <\/p>\n<p>\n                Vos donn\u00e9es m\u00e9ritent d\u2019\u00eatre mieux prot\u00e9g\u00e9es.            <\/p>\n<p>\n                Les escroqueries, les virus et les ransomwares ne sont plus une fatalit\u00e9. Prot\u00e9gez votre vie priv\u00e9e et vos donn\u00e9es personnelles avec Bitdefender et profitez de votre vie num\u00e9rique en toute s\u00e9r\u00e9nit\u00e9.            <\/p>\n<p>Comment expliquer ce blocage ? <strong>Jusqu\u2019\u00e0 aujourd\u2019hui, Apple manquait de clart\u00e9.<\/strong> La marque \u00e9voquait un probl\u00e8me li\u00e9 au statut de \u00ab\u00a0gatekeeper \u00bb de l\u2019iPhone, une plateforme contr\u00f4l\u00e9e, versus le statut plus libre du Mac. La marque disait craindre que l\u2019Europe ajoute macOS sur sa liste des gatekeepers s\u2019il pouvait faire tourner des apps iOS.<\/p>\n<p><strong>\u00c0 la WWDC 2025, Apple a enfin clarifi\u00e9 sa position.<\/strong> Plusieurs raisons sont \u00e9voqu\u00e9es pour justifier le blocage du service en Europe :<\/p>\n<ul class=\"wp-block-list\">\n<li>La Commission europ\u00e9enne change tr\u00e8s souvent d\u2019avis et fait varier ses r\u00e8gles r\u00e9guli\u00e8rement, ce qui emp\u00eache Apple de jauger le risque avec un tel service. <\/li>\n<li>Techniquement parlant, iPhone Mirroring est une fonction et non pas un service. M\u00eame si l\u2019Europe ne demande rien aujourd\u2019hui, elle pourrait demander un Android Mirroring ou un iPhone Mirroring sur Windows sans comprendre les contraintes d\u2019ing\u00e9ni\u00e9rie, comme la consommation d\u2019\u00e9nergie, le chiffrement des donn\u00e9es, etc. <\/li>\n<li>Les personnes qui prennent les d\u00e9cisions en Europe manquent de compr\u00e9hension du fonctionnement des nouvelles technologies, ce qui emp\u00eache un dialogue clair sur le sujet. L\u2019application stricte du DMA passe avant tout. <\/li>\n<li>Apple souhaite publier iPhone Mirroring en Europe et affirme ne pas vouloir punir ses utilisateurs. Chaque lancement est accompagn\u00e9 d\u2019un risque de condamnation et Apple doit \u00e9valuer ce risque. Avec iPhone Mirroring, le probl\u00e8me est jug\u00e9 plus grand qu\u2019habituellement. <\/li>\n<\/ul>\n<p><a href=\"https:\/\/www.numerama.com\/wp-content\/uploads\/2025\/03\/europe-iphone-dma-apple.jpg\" rel=\"nofollow noopener\" target=\"_blank\"><img decoding=\"async\" width=\"1024\" height=\"576\" loading=\"lazy\" alt=\"Un iPhone 16e devant un drapeau de l'Union europ\u00e9enne. \/\/ Source : Numerama\" title=\"Un iPhone 16e devant un drapeau de l'Union europ\u00e9enne. \/\/ Source : Numerama\" class=\"wp-image-1929611 placeholder-default wp-image\" src=\"https:\/\/www.europesays.com\/fr\/wp-content\/uploads\/2025\/06\/europe-iphone-dma-apple-1024x576.jpg\" \/><\/a>En Europe, l\u2019iPhone dispose de fonctions modifi\u00e9es. \/\/ Source : Numerama<\/p>\n<p>Combien de temps faudra-t-il attendre pour voir ce service tant attendu en Europe ? C\u2019est difficile \u00e0 dire. L\u2019attente pourrait parfois d\u00e9passer deux ans au vu de l\u2019impossibilit\u00e9 de la marque d\u2019avoir un dialogue clair avec les autorit\u00e9s europ\u00e9ennes. Mais seul le temps dira vraiment ce qu\u2019il adviendra, avec en ultime recours l\u2019abandon total d\u2019un nouveau service sur le territoire europ\u00e9en. <\/p>\n<p>La Commission europ\u00e9enne ne comprend pas comment fonctionne la technologie et prend des d\u00e9cisions contre-productives<\/p>\n<p><strong>Depuis plusieurs mois, Apple r\u00e9p\u00e8te dans ses communications publiques que le DMA ne cible plus que l\u2019iPhone. <\/strong>Si cette d\u00e9claration est \u00e9videmment \u00e0 mod\u00e9rer (d\u2019autres entreprises sont concern\u00e9es), il est vrai que le statut ferm\u00e9 des plateformes de la marque en font une cible parfaite pour l\u2019Union europ\u00e9enne. Le DMA s\u2019attaquait initialement des domaines bien sp\u00e9cifiques (<a href=\"https:\/\/www.numerama.com\/tech\/1816574-la-fin-dapple-pay-se-rapproche-en-europe-les-banques-francaises-lancent-wero.html\" data-type=\"post\" data-id=\"1816574\" rel=\"nofollow noopener\" target=\"_blank\">comme le paiement mobile<\/a> ou les applications par d\u00e9faut), mais s\u2019\u00e9largit d\u00e9sormais \u00e0 de nouveaux sujets en fonction des envies des r\u00e9gulateurs. Un climat qui rend toute nouveaut\u00e9 compliqu\u00e9e pour les plateformes surveill\u00e9es.<\/p>\n<p><strong>La Commission exige par exemple qu\u2019Apple partage la liste des r\u00e9seaux Wi-Fi aux autres marques, qu\u2019elle communique les notifications sans filtre aux applications ou qu\u2019elle ouvre ses produits aux accessoires tiers, avec les acc\u00e8s aux m\u00eames technologies propri\u00e9taires<\/strong>. Un casse-t\u00eate architectural qui la pousse \u00e0 tout r\u00e9\u00e9crire et \u00e0 abaisser la s\u00e9curit\u00e9 de ses produits. ce qu\u2019elle ne souhaite pas faire. En l\u2019\u00e9tat, la situation ne peut que se d\u00e9grader, avec une Europe toujours plus convaincue qu\u2019elle doit casser Apple, quitte \u00e0 imposer des fonctions \u00e0 la marque. L\u2019autre probl\u00e8me est que l\u2019Europe favorise les concurrents d\u2019Apple avec ses d\u00e9cisions, alors qu\u2019Android est d\u00e9j\u00e0 majoritaire sur le vieux continent.<\/p>\n<p>    Pour aller plus loin<\/p>\n<p>                <img decoding=\"async\" width=\"87\" height=\"87\" loading=\"lazy\" alt=\"Les applications qui seront bient\u00f4t supprimables en Europe. \/\/ Source : Numerama\" title=\"Les applications qui seront bient\u00f4t supprimables en Europe. \/\/ Source : Numerama\" class=\"placeholder-default wp-image\" src=\"https:\/\/www.europesays.com\/fr\/wp-content\/uploads\/2025\/06\/eu-flag-dma-iphone-apps-120x120.jpg\" \/>            <\/p>\n<p>Aujourd\u2019hui, l\u2019Europe fait la distinction entre les services et les fonctions. iMessage ou FaceTime ne sont pas cibl\u00e9s par ses d\u00e9cisions, mais les applications pr\u00e9install\u00e9es sur iOS le sont. Apple indique qu\u2019il fera tout pour ne pas d\u00e9sactiver des fonctions existantes (<a href=\"https:\/\/www.numerama.com\/tech\/1983405-la-fin-dairdrop-en-france-apple-va-t-il-vraiment-retirer-des-fonctions-de-liphone.html\" data-type=\"post\" data-id=\"1983405\" rel=\"nofollow noopener\" target=\"_blank\">AirDrop ne devrait pas dispara\u00eetre contrairement aux rumeurs<\/a>, mais l\u2019Europe va forcer \u00e0 Apple \u00e0 autoriser des alternatives en remplacement). En revanche, les nouveaux services comme iPhone Mirroring ou Apple Intelligence sont dans son collimateur. Puisque l\u2019Europe change d\u2019avis souvent, tout nouveau lancement peut la condamner \u00e0 r\u00e9\u00e9crire tout son code. <\/p>\n<p><a href=\"https:\/\/www.numerama.com\/wp-content\/uploads\/2024\/10\/apple-intelligence-france.jpg\" rel=\"nofollow noopener\" target=\"_blank\"><img decoding=\"async\" width=\"1024\" height=\"576\" loading=\"lazy\" alt=\"Apple Intelligence sur un drapeau fran\u00e7ais. \/\/ Source : Numerama\" title=\"Apple Intelligence sur un drapeau fran\u00e7ais. \/\/ Source : Numerama\" class=\"wp-image-1833034 placeholder-default wp-image\" src=\"https:\/\/www.europesays.com\/fr\/wp-content\/uploads\/2025\/06\/apple-intelligence-france-1024x576.jpg\" \/><\/a>En France, Apple Intelligence a mis du temps \u00e0 arriver. \/\/ Source : Numerama<\/p>\n<p><strong>Si les AirPods devaient sortir aujourd\u2019hui, il est probable que le lancement aurait \u00e9t\u00e9 impossible en Europe<\/strong>, puisque la Commission imposerait \u00e0 Apple de partager ses fonctionnalit\u00e9s exclusives avec ses rivaux. Une situation intenable pour une entreprise aim\u00e9e <a href=\"https:\/\/www.numerama.com\/tech\/1795254-leurope-est-en-train-de-tuer-la-simplicite-de-liphone.html\" rel=\"nofollow noopener\" target=\"_blank\">pour sa simplicit\u00e9 et son \u00e9cosyst\u00e8me<\/a>. Apple jure qu\u2019il ne s\u2019agit pas de punir ses utilisateurs, mais de prot\u00e9ger ses plateformes. La situation actuelle la contraint \u00e0 freiner le lancement de nouveaut\u00e9s pour adapter l\u2019existant aux nouvelles r\u00e8gles europ\u00e9ennes.<\/p>\n<p>    Pour aller plus loin<\/p>\n<p>                <img decoding=\"async\" width=\"87\" height=\"87\" loading=\"lazy\" alt=\"Apple Pay utilise la puce NFC de l'iPhone, \u00e0 laquelle les autres d\u00e9veloppeurs n'ont pas droit. \/\/ Source : Apple\" title=\"Apple Pay utilise la puce NFC de l'iPhone, \u00e0 laquelle les autres d\u00e9veloppeurs n'ont pas droit. \/\/ Source : Apple\" class=\"placeholder-default wp-image\" src=\"https:\/\/www.europesays.com\/fr\/wp-content\/uploads\/2025\/06\/apple-pay-visa-100x100.jpg\" \/>            <\/p>\n<p>Sur le terrain juridique, Apple conteste plusieurs d\u00e9cisions europ\u00e9ennes. Mais la marque pourrait un jour se voir imposer de nouveaux changements, avec le risque de couper iOS en deux. L\u2019Europe pourrait un jour avoir une version d\u00e9grad\u00e9e de l\u2019iPhone, alors que les concurrents d\u2019Apple font pression sur les r\u00e9gulateurs pour imposer des changements. <\/p>\n<p>            <img decoding=\"async\" src=\"https:\/\/www.europesays.com\/fr\/wp-content\/uploads\/2025\/04\/iPhone-16-pro.png\" alt=\"Toute l'actu tech en un clien d'oeil\"\/><\/p>\n<p class=\"card-install-pwa__title\">Toute l&rsquo;actu tech en un clin d&rsquo;\u0153il<\/p>\n<p class=\"card-install-pwa__description\">Ajoutez Numerama \u00e0 votre \u00e9cran d&rsquo;accueil et restez connect\u00e9s au futur !<\/p>\n<p>            <img decoding=\"async\" src=\"https:\/\/www.numerama.com\/wp-content\/themes\/numerama-next\/assets\/images\/premium\/logo-card-pwa-coupe.svg\" alt=\"Logo PWA\"\/><\/p>\n<p>       Installer Numerama<\/p>\n","protected":false},"excerpt":{"rendered":"Un peu plus d\u2019un an apr\u00e8s l\u2019entr\u00e9e en vigueur du DMA (un r\u00e8glement concurrentiel sur le num\u00e9rique), Apple&hellip;\n","protected":false},"author":2,"featured_media":169218,"comment_status":"","ping_status":"","sticky":false,"template":"","format":"standard","meta":{"footnotes":""},"categories":[1586],"tags":[11,733,26054,4122,1777,674,1011,27,12,4454,25,364,26136],"class_list":{"0":"post-169217","1":"post","2":"type-post","3":"status-publish","4":"format-standard","5":"has-post-thumbnail","7":"category-europe","8":"tag-actualites","9":"tag-apple","10":"tag-apple-iphone","11":"tag-digital-markets-act-dma","12":"tag-eu","13":"tag-europe","14":"tag-fr","15":"tag-france","16":"tag-news","17":"tag-numerama-plus","18":"tag-republique-francaise","19":"tag-union-europeenne","20":"tag-wwdc-2025"},"share_on_mastodon":{"url":"https:\/\/pubeurope.com\/@fr\/114666890003057743","error":""},"_links":{"self":[{"href":"https:\/\/www.europesays.com\/fr\/wp-json\/wp\/v2\/posts\/169217","targetHints":{"allow":["GET"]}}],"collection":[{"href":"https:\/\/www.europesays.com\/fr\/wp-json\/wp\/v2\/posts"}],"about":[{"href":"https:\/\/www.europesays.com\/fr\/wp-json\/wp\/v2\/types\/post"}],"author":[{"embeddable":true,"href":"https:\/\/www.europesays.com\/fr\/wp-json\/wp\/v2\/users\/2"}],"replies":[{"embeddable":true,"href":"https:\/\/www.europesays.com\/fr\/wp-json\/wp\/v2\/comments?post=169217"}],"version-history":[{"count":0,"href":"https:\/\/www.europesays.com\/fr\/wp-json\/wp\/v2\/posts\/169217\/revisions"}],"wp:featuredmedia":[{"embeddable":true,"href":"https:\/\/www.europesays.com\/fr\/wp-json\/wp\/v2\/media\/169218"}],"wp:attachment":[{"href":"https:\/\/www.europesays.com\/fr\/wp-json\/wp\/v2\/media?parent=169217"}],"wp:term":[{"taxonomy":"category","embeddable":true,"href":"https:\/\/www.europesays.com\/fr\/wp-json\/wp\/v2\/categories?post=169217"},{"taxonomy":"post_tag","embeddable":true,"href":"https:\/\/www.europesays.com\/fr\/wp-json\/wp\/v2\/tags?post=169217"}],"curies":[{"name":"wp","href":"https:\/\/api.w.org\/{rel}","templated":true}]}}