{"id":169225,"date":"2025-06-11T21:40:13","date_gmt":"2025-06-11T21:40:13","guid":{"rendered":"https:\/\/www.europesays.com\/fr\/169225\/"},"modified":"2025-06-11T21:40:13","modified_gmt":"2025-06-11T21:40:13","slug":"la-france-debute-par-un-nul-heureux-face-au-portugal","status":"publish","type":"post","link":"https:\/\/www.europesays.com\/fr\/169225\/","title":{"rendered":"la France d\u00e9bute par un nul heureux face au Portugal"},"content":{"rendered":"<p>L&rsquo;\u00e9quipe de France\u00a0de G\u00e9rald Baticle a d\u00e9but\u00e9 son Euro-2025 Espoirs en Slovaquie par un match nul heureux (0-0) face au Portugal mercredi \u00e0 Trencin, et conserve toutes ses chances de qualification pour les quarts de finale.<\/p>\n<p>Priv\u00e9 de nombreux cadres retenus par leurs clubs ou bless\u00e9s pour la comp\u00e9tition disput\u00e9e hors des dates FIFA, le s\u00e9lectionneur fran\u00e7ais a d\u00fb reb\u00e2tir son groupe express\u00e9ment et s&rsquo;attendait \u00e0 souffrir pour l&rsquo;entr\u00e9e en lice de ses joueurs face au Portugal, autre favori du groupe C.<\/p>\n<p>En manque de rep\u00e8res communs, les Bleuets ont effectivement souffert en premi\u00e8re p\u00e9riode durant laquelle les Portugais ont largement domin\u00e9 les d\u00e9bats comme en t\u00e9moignent les trois \u00e9normes occasions qu&rsquo;ils se sont cr\u00e9\u00e9es en deux s\u00e9quences distinctes au quart d&rsquo;heure de jeu.<\/p>\n<p>A la 14e minute, Geovany Quenda, l&rsquo;ailier du Sporting Portugal, en partance pour Chelsea, a adress\u00e9 une magnifique passe pour son capitaine Paulo Bernardo qui a but\u00e9 sur son homologue fran\u00e7ais Chrislain Matsima. Le ballon est revenu dans les pieds de Roger Fernandes, mais la frappe de l&rsquo;attaquant de Braga a \u00e9t\u00e9 stopp\u00e9e miraculeusement sur sa ligne par Castello Lukeba. Premi\u00e8re sommation.<\/p>\n<p>Une minute plus tard, Tiago Tomas a profit\u00e9 d&rsquo;une d\u00e9fense trop laxiste de Matsima pour prendre le dessus sur le capitaine fran\u00e7ais mais sa frappe a cette fois \u00e9t\u00e9 repouss\u00e9e par Guillaume Restes, le portier de Toulouse. Deuxi\u00e8me sommation.<\/p>\n<p>-collectif portugais, individualit\u00e9s fran\u00e7aises-<\/p>\n<p>Face au collectif portugais et ses ailiers de feu, la France s&rsquo;en est remis \u00e0 ses individualit\u00e9s, la puissance du Lensois Andy Diouf, l&rsquo;activit\u00e9 de Wilson Odobert et la conduite de balle de Mathis Abline, l&rsquo;attaquant nantais convoit\u00e9 en cette p\u00e9riode de transferts.<\/p>\n<p>Contre le court du jeu, sur l&rsquo;une des rares offensives fran\u00e7aises, Abline s&rsquo;est infiltr\u00e9 dans la d\u00e9fense portugaise, avant d&rsquo;\u00eatre fauch\u00e9 par Rafael Rodrigues. Manfredas Lukjancukas, l&rsquo;arbitre lituanien de la rencontre, a siffl\u00e9 un p\u00e9nalty avant de le transformer en coup franc apr\u00e8s arbitrage vid\u00e9o, la faute ayant \u00e9t\u00e9 commise hors de la surface.<\/p>\n<p>Le coup franc (30e) n&rsquo;a rien donn\u00e9 si ce n&rsquo;est un contre annihil\u00e9 du Portugal.<\/p>\n<p>Le match, plut\u00f4t rythm\u00e9, a n\u00e9anmoins perdu en intensit\u00e9 lors de la seconde p\u00e9riode o\u00f9 la partie s&rsquo;est \u00e9quilibr\u00e9e, les Portugais se montrant un peu moins tranchants offensivement.<\/p>\n<p>Les deux \u00e9quipes ne se sont plus procur\u00e9 d&rsquo;occasion franche si ce n&rsquo;est une frappe de Mathys Tel (75e) juste avant qu&rsquo;il ne sorte du terrain, remplac\u00e9 par Loum Tchaouna, ou un mouvement de Johann Lepenant (90e+1), tous deux capt\u00e9s par Samuel Soares, le gardien portugais.<\/p>\n<p>L&rsquo;obstacle portugais pass\u00e9 sans prendre de but, G\u00e9rald Baticle s&rsquo;offre un peu de temps pour travailler. Un peu: La France disputera d\u00e8s samedi \u00e0 Zilina, la G\u00e9orgie, premi\u00e8re du groupe apr\u00e8s sa victoire 2-1 face \u00e0 la Pologne que les Bleuets affronteront mardi.<\/p>\n<p>bur-lh\/lle<\/p>\n","protected":false},"excerpt":{"rendered":"L&rsquo;\u00e9quipe de France\u00a0de G\u00e9rald Baticle a d\u00e9but\u00e9 son Euro-2025 Espoirs en Slovaquie par un match nul heureux (0-0)&hellip;\n","protected":false},"author":2,"featured_media":169226,"comment_status":"","ping_status":"","sticky":false,"template":"","format":"standard","meta":{"footnotes":""},"categories":[4],"tags":[28711,11,30324,30320,30327,1011,27,30319,8398,30326,30325,12,30318,6996,5573,25,30322,30323,30317,2312,30321],"class_list":{"0":"post-169225","1":"post","2":"type-post","3":"status-publish","4":"format-standard","5":"has-post-thumbnail","7":"category-france","8":"tag-abline","9":"tag-actualites","10":"tag-carlos-borges","11":"tag-castello-lukeba","12":"tag-chrislain-matsima","13":"tag-fr","14":"tag-france","15":"tag-geovany-quenda","16":"tag-guillaume-restes","17":"tag-loum-tchaouna","18":"tag-mathys-tel","19":"tag-news","20":"tag-portugais","21":"tag-portugal","22":"tag-quarts-de-finale","23":"tag-republique-francaise","24":"tag-roger-fernandes","25":"tag-samuel-soares","26":"tag-sporting-portugal","27":"tag-toulouse","28":"tag-wilson-odobert"},"share_on_mastodon":{"url":"https:\/\/pubeurope.com\/@fr\/114666905475728797","error":""},"_links":{"self":[{"href":"https:\/\/www.europesays.com\/fr\/wp-json\/wp\/v2\/posts\/169225","targetHints":{"allow":["GET"]}}],"collection":[{"href":"https:\/\/www.europesays.com\/fr\/wp-json\/wp\/v2\/posts"}],"about":[{"href":"https:\/\/www.europesays.com\/fr\/wp-json\/wp\/v2\/types\/post"}],"author":[{"embeddable":true,"href":"https:\/\/www.europesays.com\/fr\/wp-json\/wp\/v2\/users\/2"}],"replies":[{"embeddable":true,"href":"https:\/\/www.europesays.com\/fr\/wp-json\/wp\/v2\/comments?post=169225"}],"version-history":[{"count":0,"href":"https:\/\/www.europesays.com\/fr\/wp-json\/wp\/v2\/posts\/169225\/revisions"}],"wp:featuredmedia":[{"embeddable":true,"href":"https:\/\/www.europesays.com\/fr\/wp-json\/wp\/v2\/media\/169226"}],"wp:attachment":[{"href":"https:\/\/www.europesays.com\/fr\/wp-json\/wp\/v2\/media?parent=169225"}],"wp:term":[{"taxonomy":"category","embeddable":true,"href":"https:\/\/www.europesays.com\/fr\/wp-json\/wp\/v2\/categories?post=169225"},{"taxonomy":"post_tag","embeddable":true,"href":"https:\/\/www.europesays.com\/fr\/wp-json\/wp\/v2\/tags?post=169225"}],"curies":[{"name":"wp","href":"https:\/\/api.w.org\/{rel}","templated":true}]}}