{"id":169236,"date":"2025-06-11T21:49:10","date_gmt":"2025-06-11T21:49:10","guid":{"rendered":"https:\/\/www.europesays.com\/fr\/169236\/"},"modified":"2025-06-11T21:49:10","modified_gmt":"2025-06-11T21:49:10","slug":"petite-prise-de-risque-ou-clin-doeil-genial-a-la-tour-eiffel-le-nouveau-maillot-du-psg-fait-deja-causer","status":"publish","type":"post","link":"https:\/\/www.europesays.com\/fr\/169236\/","title":{"rendered":"\u00ab\u00a0Petite prise de risque\u00a0\u00bb ou clin d\u2019\u0153il \u00ab\u00a0g\u00e9nial\u00a0\u00bb \u00e0 la tour Eiffel\u00a0: le nouveau maillot du PSG fait d\u00e9j\u00e0 causer"},"content":{"rendered":"<p class=\"paragraph text_align_left\">Une liquette qui ne perdra pas les aficionados : du bleu nuit pour base, fendu en son centre par une large bande rouge aux contours blancs : <a href=\"https:\/\/www.leparisien.fr\/sports\/football\/psg\/cest-la-tenue-la-plus-symbolique-pourquoi-les-supporters-du-psg-tiennent-tant-au-maillot-hechter-20-05-2023-WHG67VKKMRDFLKNROAQTFW25CQ.php\" target=\"_blank\" rel=\"noreferrer nofollow noopener\">le design dit \u00ab Hechter \u00bb<\/a>, du nom de <a href=\"https:\/\/www.leparisien.fr\/sports\/football\/psg\/mon-psg-a-moi-un-club-a-part-enfante-dans-la-douleur-raconte-daniel-hechter-30-09-2020-8394138.php\" target=\"_blank\" rel=\"noreferrer nofollow noopener\">l\u2019ancien pr\u00e9sident du club<\/a>. La sp\u00e9cificit\u00e9 du maillot, en vente d\u00e8s ce jeudi matin, r\u00e9side dans un \u00ab graphisme en treillis \u00bb qui recouvre tout le tissu, \u00ab clin d\u2019\u0153il assum\u00e9 \u00bb \u00e0 la tour Eiffel. \u00ab Un hommage affirm\u00e9 \u00e0 l\u2019identit\u00e9 parisienne du club et son h\u00e9ritage \u00bb, \u00e9crit le champion d\u2019Europe dans son communiqu\u00e9.<\/p>\n","protected":false},"excerpt":{"rendered":"Une liquette qui ne perdra pas les aficionados : du bleu nuit pour base, fendu en son centre&hellip;\n","protected":false},"author":2,"featured_media":169237,"comment_status":"","ping_status":"","sticky":false,"template":"","format":"standard","meta":{"footnotes":""},"categories":[1410],"tags":[63,1011,27,93,60],"class_list":{"0":"post-169236","1":"post","2":"type-post","3":"status-publish","4":"format-standard","5":"has-post-thumbnail","7":"category-football","8":"tag-football","9":"tag-fr","10":"tag-france","11":"tag-psg","12":"tag-sports"},"share_on_mastodon":{"url":"https:\/\/pubeurope.com\/@fr\/114666940942532693","error":""},"_links":{"self":[{"href":"https:\/\/www.europesays.com\/fr\/wp-json\/wp\/v2\/posts\/169236","targetHints":{"allow":["GET"]}}],"collection":[{"href":"https:\/\/www.europesays.com\/fr\/wp-json\/wp\/v2\/posts"}],"about":[{"href":"https:\/\/www.europesays.com\/fr\/wp-json\/wp\/v2\/types\/post"}],"author":[{"embeddable":true,"href":"https:\/\/www.europesays.com\/fr\/wp-json\/wp\/v2\/users\/2"}],"replies":[{"embeddable":true,"href":"https:\/\/www.europesays.com\/fr\/wp-json\/wp\/v2\/comments?post=169236"}],"version-history":[{"count":0,"href":"https:\/\/www.europesays.com\/fr\/wp-json\/wp\/v2\/posts\/169236\/revisions"}],"wp:featuredmedia":[{"embeddable":true,"href":"https:\/\/www.europesays.com\/fr\/wp-json\/wp\/v2\/media\/169237"}],"wp:attachment":[{"href":"https:\/\/www.europesays.com\/fr\/wp-json\/wp\/v2\/media?parent=169236"}],"wp:term":[{"taxonomy":"category","embeddable":true,"href":"https:\/\/www.europesays.com\/fr\/wp-json\/wp\/v2\/categories?post=169236"},{"taxonomy":"post_tag","embeddable":true,"href":"https:\/\/www.europesays.com\/fr\/wp-json\/wp\/v2\/tags?post=169236"}],"curies":[{"name":"wp","href":"https:\/\/api.w.org\/{rel}","templated":true}]}}