{"id":169240,"date":"2025-06-11T21:52:11","date_gmt":"2025-06-11T21:52:11","guid":{"rendered":"https:\/\/www.europesays.com\/fr\/169240\/"},"modified":"2025-06-11T21:52:11","modified_gmt":"2025-06-11T21:52:11","slug":"un-livre-pour-redecouvrir-le-triple-europeen-du-rct","status":"publish","type":"post","link":"https:\/\/www.europesays.com\/fr\/169240\/","title":{"rendered":"Un livre pour red\u00e9couvrir le tripl\u00e9 europ\u00e9en du RCT"},"content":{"rendered":"<p>2013, 2014, 2015: l\u2019\u00e2ge d\u2019or du rugby toulonnais, \u00e0 jamais grav\u00e9 dans la m\u00e9moire de tout bon supporter. Pour revivre ces trois titres de champion d\u2019Europe, Guilhem Herbert (en collaboration avec le club) propose un livre de 160 pages, m\u00ealant interviews exclusives, anecdotes et souvenirs m\u00e9morables. \u00ab\u00a0C\u2019est sans aucun doute l\u2019un des plus gros projets professionnels de ma vie. J\u2019en suis immens\u00e9ment fier\u00a0\u00bb.<\/p>\n<p>Le livre, dans lequel l\u2019embl\u00e9matique pr\u00e9sident Mourad Boudjellal est \u00e9trangement occult\u00e9, s\u2019articule en quatre chapitres (les trois titres et l\u2019h\u00e9ritage en 2025). Dans la rubrique intitul\u00e9e \u00ab\u00a0L\u2019identit\u00e9 affirm\u00e9e\u00a0\u00bb, pr\u00e9sente dans chaque acte, le journaliste sp\u00e9cialis\u00e9 dans le rugby revient sur l\u2019origine du maillot rouge et noir, le mythique stade Mayol et l\u2019homme qui lui a laiss\u00e9 son nom, les supporters et leur place au sein du club, ainsi que sur la cr\u00e9ation du Campus RCT, en cl\u00f4ture de l\u2019ouvrage.<\/p>\n<p>\u00ab\u00a0Ce que j\u2019aime avec les livres, c\u2019est qu\u2019il y a ce rapport physique: c\u2019est un objet dont les supporters vont s\u2019emparer, et qui traverse les \u00e9poques. \u00c7a laisse une trace, t\u00e9moigne Guilhem Herbert. Maintenant, j\u2019esp\u00e8re que j\u2019aurai des retours de supporters qui me diront: &lsquo;Merci, tu m\u2019as fait revivre ce moment-l\u00e0&rsquo;, ce serait g\u00e9nial.\u00a0\u00bb<\/p>\n<p>                                \u00ab\u00a0Insides, anecdotes, coulisses\u2026 c\u2019est \u00e7a la plus value d\u2019un bouquin\u00a0\u00bb<\/p>\n<p>\u00ab\u00a0Je ne suis d\u2019ailleurs pas supporter du RCT, et je pense justement que c\u2019est une force, parce que j\u2019ai pu me d\u00e9tacher de l\u2019aspect \u00e9motionnel\u00a0\u00bb, explique le Landais de naissance.<\/p>\n<p>Et pourtant, sa premi\u00e8re r\u00e9action a \u00e9t\u00e9 de ne pas se sentir l\u00e9gitime vis-\u00e0-vis des supporters ou des journalistes locaux, avec notamment la crainte d\u2019oublier certains \u00e9l\u00e9ments. Mais l\u2019opportunit\u00e9 \u00e9tait bien trop belle pour \u00eatre d\u00e9clin\u00e9e. \u00ab\u00a0En tant que journaliste, interviewer Jonny Wilkinson, parler \u00e0 cet homme\u2026 C\u2019est incroyable. Le premier argument du projet, pour moi, c\u2019\u00e9tait celui-l\u00e0\u00a0\u00bb, confie ce passionn\u00e9 de ballon ovale. \u00ab\u00a0Puis se retrouver dans le bureau des coachs \u00e0 parler avec Sergio Parisse (entra\u00eeneur de la touche) et Andrea Masi (entra\u00eeneur des trois-quarts), c\u2019est lunaire! Les moments privil\u00e9gi\u00e9s que \u00e7a te fait vivre, en tant qu\u2019amateur de rugby, c\u2019est inestimable. Tous ces insides, ces anecdotes et ces coulisses, c\u2019est \u00e7a pour moi la vraie plus-value d\u2019un bouquin.\u00a0\u00bb \u00c0 d\u00e9vorer\u2026 sans mod\u00e9ration!<\/p>\n<p>Parce que Toulon, aux \u00e9ditions Amphora. 160 pages. 34,95 euros.<\/p>\n","protected":false},"excerpt":{"rendered":"2013, 2014, 2015: l\u2019\u00e2ge d\u2019or du rugby toulonnais, \u00e0 jamais grav\u00e9 dans la m\u00e9moire de tout bon supporter.&hellip;\n","protected":false},"author":2,"featured_media":169241,"comment_status":"","ping_status":"","sticky":false,"template":"","format":"standard","meta":{"footnotes":""},"categories":[1357],"tags":[1379,251,58,59,1011,27,937,1351,1380,479,60],"class_list":{"0":"post-169240","1":"post","2":"type-post","3":"status-publish","4":"format-standard","5":"has-post-thumbnail","7":"category-livres","8":"tag-books","9":"tag-culture","10":"tag-divertissement","11":"tag-entertainment","12":"tag-fr","13":"tag-france","14":"tag-histoire","15":"tag-litterature","16":"tag-livres","17":"tag-rugby","18":"tag-sports"},"share_on_mastodon":{"url":"https:\/\/pubeurope.com\/@fr\/114666952662925368","error":""},"_links":{"self":[{"href":"https:\/\/www.europesays.com\/fr\/wp-json\/wp\/v2\/posts\/169240","targetHints":{"allow":["GET"]}}],"collection":[{"href":"https:\/\/www.europesays.com\/fr\/wp-json\/wp\/v2\/posts"}],"about":[{"href":"https:\/\/www.europesays.com\/fr\/wp-json\/wp\/v2\/types\/post"}],"author":[{"embeddable":true,"href":"https:\/\/www.europesays.com\/fr\/wp-json\/wp\/v2\/users\/2"}],"replies":[{"embeddable":true,"href":"https:\/\/www.europesays.com\/fr\/wp-json\/wp\/v2\/comments?post=169240"}],"version-history":[{"count":0,"href":"https:\/\/www.europesays.com\/fr\/wp-json\/wp\/v2\/posts\/169240\/revisions"}],"wp:featuredmedia":[{"embeddable":true,"href":"https:\/\/www.europesays.com\/fr\/wp-json\/wp\/v2\/media\/169241"}],"wp:attachment":[{"href":"https:\/\/www.europesays.com\/fr\/wp-json\/wp\/v2\/media?parent=169240"}],"wp:term":[{"taxonomy":"category","embeddable":true,"href":"https:\/\/www.europesays.com\/fr\/wp-json\/wp\/v2\/categories?post=169240"},{"taxonomy":"post_tag","embeddable":true,"href":"https:\/\/www.europesays.com\/fr\/wp-json\/wp\/v2\/tags?post=169240"}],"curies":[{"name":"wp","href":"https:\/\/api.w.org\/{rel}","templated":true}]}}