{"id":169248,"date":"2025-06-11T21:56:23","date_gmt":"2025-06-11T21:56:23","guid":{"rendered":"https:\/\/www.europesays.com\/fr\/169248\/"},"modified":"2025-06-11T21:56:23","modified_gmt":"2025-06-11T21:56:23","slug":"chaque-gorgee-augmente-votre-risque-2","status":"publish","type":"post","link":"https:\/\/www.europesays.com\/fr\/169248\/","title":{"rendered":"Chaque gorg\u00e9e augmente votre risque"},"content":{"rendered":"<p>Ce n\u2019est plus un secret pour la science, ni pour les consommateurs : l&rsquo;alcool a des effets n\u00e9fastes sur la sant\u00e9. Pranoti Mandrekar, professeur de m\u00e9decine \u00e0 la facult\u00e9 de m\u00e9decine Chan de l&rsquo;UMass, \u00e9tudie les m\u00e9canismes biologiques expliquant comment l&rsquo;alcool augmente le risque de cancer. Il s\u2019est pench\u00e9 sur ce probl\u00e8me de sant\u00e9 publique, qu\u2019il d\u00e9taille dans un article publi\u00e9 par The Conversation. Il y indique que l&rsquo;alcool est la troisi\u00e8me cause \u00e9vitable de cancer aux \u00c9tats-Unis, responsable de 100 000 nouveaux cas et 20 000 d\u00e9c\u00e8s chaque ann\u00e9e. En France, les autorit\u00e9s de sant\u00e9 estiment le nombre de d\u00e9c\u00e8s \u00e0 49 000 par an. Les recommandations alimentaires am\u00e9ricaines soulignent que m\u00eame de petites quantit\u00e9s d&rsquo;alcool augmentent le risque de cancer. Pourtant, une enqu\u00eate men\u00e9e en 2019 a r\u00e9v\u00e9l\u00e9 que moins de 50 % des adultes am\u00e9ricains \u00e9taient conscients des dangers de l&rsquo;alcool en termes de cancer. \u00ab Avant la pand\u00e9mie de COVID-19, la consommation d&rsquo;alcool \u00e9tait d\u00e9j\u00e0 en augmentation, ce qui refl\u00e8te un probl\u00e8me de sant\u00e9 publique croissant \u00bb, indique le sp\u00e9cialiste.<\/p>\n<p>\u00ab\u00a0Le m\u00e9tabolisme de l&rsquo;alcool est l&rsquo;un des premiers processus impliqu\u00e9s\u00a0\u00bb<\/p>\n<p>Le cancer r\u00e9sulte d&rsquo;une multiplication incontr\u00f4l\u00e9e des cellules. L&rsquo;alcool joue un r\u00f4le crucial dans ce processus en endommageant l&rsquo;ADN, entra\u00eenant des mutations qui perturbent la division et la croissance des cellules. Plusieurs m\u00e9canismes expliquent cette relation entre l&rsquo;alcool et le cancer. (&#8230;)<\/p>\n<p><a href=\"https:\/\/www.topsante.com\/medecine\/cancers\/cette-boisson-que-lon-consomme-souvent-en-ete-accusee-detre-cancerogene-chaque-gorgee-augmente-votre-risque-912394?utm_campaign=partenariat&amp;utm_source=yahoo-articles&amp;utm_medium=flux\" rel=\"nofollow noopener\" target=\"_blank\" data-ylk=\"slk:Lire la suite sur Top Sant\u00e9;elm:context_link;itc:0;sec:content-canvas\" class=\"link \">Lire la suite sur Top Sant\u00e9<\/a><\/p>\n<p><a href=\"https:\/\/www.topsante.com\/minceur\/perdre_du_poids\/voici-les-3-heures-preferees-de-notre-horloge-interne-quand-on-veut-perdre-du-poids-917642?utm_campaign=partenariat&amp;utm_source=yahoo-articles&amp;utm_medium=flux\" rel=\"nofollow noopener\" target=\"_blank\" data-ylk=\"slk:Voici les 3 heures pr\u00e9f\u00e9r\u00e9es de notre horloge interne quand on veut perdre du poids;elm:context_link;itc:0;sec:content-canvas\" class=\"link \">Voici les 3 heures pr\u00e9f\u00e9r\u00e9es de notre horloge interne quand on veut perdre du poids<\/a><br \/><a href=\"https:\/\/www.topsante.com\/medecine\/rhumatologie\/ce-fruit-protege-vos-os-a-la-condition-den-manger-au-moins-4-par-jour-887740?utm_campaign=partenariat&amp;utm_source=yahoo-articles&amp;utm_medium=flux\" rel=\"nofollow noopener\" target=\"_blank\" data-ylk=\"slk:Ce fruit prot\u00e8ge vos os, \u00e0 la condition d&#039;en manger au moins 4 par jour;elm:context_link;itc:0;sec:content-canvas\" class=\"link \">Ce fruit prot\u00e8ge vos os, \u00e0 la condition d&rsquo;en manger au moins 4 par jour<\/a><br \/><a href=\"https:\/\/www.topsante.com\/senior\/a-95-ans-elle-revele-la-boisson-quelle-a-toujours-limitee-et-son-aliment-sucre-prefere-890791?utm_campaign=partenariat&amp;utm_source=yahoo-articles&amp;utm_medium=flux\" rel=\"nofollow noopener\" target=\"_blank\" data-ylk=\"slk:A 95 ans, elle r\u00e9v\u00e8le la boisson qu&#039;elle a toujours limit\u00e9e et son aliment sucr\u00e9 pr\u00e9f\u00e9r\u00e9;elm:context_link;itc:0;sec:content-canvas\" class=\"link \">A 95 ans, elle r\u00e9v\u00e8le la boisson qu&rsquo;elle a toujours limit\u00e9e et son aliment sucr\u00e9 pr\u00e9f\u00e9r\u00e9<\/a><br \/><a href=\"https:\/\/www.topsante.com\/medecine\/maladies_neurologiques\/alzheimer\/alzheimer-des-chercheurs-decouvrent-un-symptome-qui-survient-7-ans-avant-la-perte-de-memoire-917675?utm_campaign=partenariat&amp;utm_source=yahoo-articles&amp;utm_medium=flux\" rel=\"nofollow noopener\" target=\"_blank\" data-ylk=\"slk:Alzheimer : des chercheurs d\u00e9couvrent un sympt\u00f4me qui survient 7 ans avant la perte de m\u00e9moire;elm:context_link;itc:0;sec:content-canvas\" class=\"link \">Alzheimer : des chercheurs d\u00e9couvrent un sympt\u00f4me qui survient 7 ans avant la perte de m\u00e9moire<\/a><br \/><a href=\"https:\/\/www.topsante.com\/senior\/jai-102-ans-et-jai-survecu-au-cancer-voici-les-2-proteines-qui-me-maintiennent-en-bonne-sante-917662?utm_campaign=partenariat&amp;utm_source=yahoo-articles&amp;utm_medium=flux\" rel=\"nofollow noopener\" target=\"_blank\" data-ylk=\"slk:&quot;J&#039;ai 102 ans et j&#039;ai surv\u00e9cu au cancer : voici les 2 prot\u00e9ines qui me maintiennent en bonne sant\u00e9&quot;;elm:context_link;itc:0;sec:content-canvas\" class=\"link \">\u00ab\u00a0J&rsquo;ai 102 ans et j&rsquo;ai surv\u00e9cu au cancer : voici les 2 prot\u00e9ines qui me maintiennent en bonne sant\u00e9\u00a0\u00bb<\/a><\/p>\n","protected":false},"excerpt":{"rendered":"Ce n\u2019est plus un secret pour la science, ni pour les consommateurs : l&rsquo;alcool a des effets n\u00e9fastes&hellip;\n","protected":false},"author":2,"featured_media":15610,"comment_status":"","ping_status":"","sticky":false,"template":"","format":"standard","meta":{"footnotes":""},"categories":[10],"tags":[6548,1011,27,72,6547,6546,6549,71],"class_list":{"0":"post-169248","1":"post","2":"type-post","3":"status-publish","4":"format-standard","5":"has-post-thumbnail","7":"category-sante","8":"tag-faculte-de-medecine","9":"tag-fr","10":"tag-france","11":"tag-health","12":"tag-lalcool","13":"tag-mecanismes-biologiques","14":"tag-probleme-de-sante","15":"tag-sante"},"share_on_mastodon":{"url":"https:\/\/pubeurope.com\/@fr\/114666968398076744","error":""},"_links":{"self":[{"href":"https:\/\/www.europesays.com\/fr\/wp-json\/wp\/v2\/posts\/169248","targetHints":{"allow":["GET"]}}],"collection":[{"href":"https:\/\/www.europesays.com\/fr\/wp-json\/wp\/v2\/posts"}],"about":[{"href":"https:\/\/www.europesays.com\/fr\/wp-json\/wp\/v2\/types\/post"}],"author":[{"embeddable":true,"href":"https:\/\/www.europesays.com\/fr\/wp-json\/wp\/v2\/users\/2"}],"replies":[{"embeddable":true,"href":"https:\/\/www.europesays.com\/fr\/wp-json\/wp\/v2\/comments?post=169248"}],"version-history":[{"count":0,"href":"https:\/\/www.europesays.com\/fr\/wp-json\/wp\/v2\/posts\/169248\/revisions"}],"wp:featuredmedia":[{"embeddable":true,"href":"https:\/\/www.europesays.com\/fr\/wp-json\/wp\/v2\/media\/15610"}],"wp:attachment":[{"href":"https:\/\/www.europesays.com\/fr\/wp-json\/wp\/v2\/media?parent=169248"}],"wp:term":[{"taxonomy":"category","embeddable":true,"href":"https:\/\/www.europesays.com\/fr\/wp-json\/wp\/v2\/categories?post=169248"},{"taxonomy":"post_tag","embeddable":true,"href":"https:\/\/www.europesays.com\/fr\/wp-json\/wp\/v2\/tags?post=169248"}],"curies":[{"name":"wp","href":"https:\/\/api.w.org\/{rel}","templated":true}]}}