{"id":16925,"date":"2025-04-11T09:22:15","date_gmt":"2025-04-11T09:22:15","guid":{"rendered":"https:\/\/www.europesays.com\/fr\/16925\/"},"modified":"2025-04-11T09:22:15","modified_gmt":"2025-04-11T09:22:15","slug":"nice-un-jeune-homme-meurt-dans-un-tragique-accident-de-la-route","status":"publish","type":"post","link":"https:\/\/www.europesays.com\/fr\/16925\/","title":{"rendered":"Nice. Un jeune homme meurt dans un tragique accident de la route"},"content":{"rendered":"<p>            Par<br \/>\n        <strong><br \/>\n            <a href=\"https:\/\/actu.fr\/auteur\/ugo-maillard\" title=\"Consulter tous les articles de Ugo Maillard\" rel=\"nofollow noopener\" target=\"_blank\">Ugo Maillard<\/a><br \/>\n        <\/strong><\/p>\n<p>        Publi\u00e9 le<\/p>\n<p>            11 avr. 2025 \u00e0 9h17        <\/p>\n<p>Un violent accident de la route s\u2019est produit ce vendredi 11\u00a0avril 2025 sur le boulevard de Cessole, \u00e0 <a href=\"https:\/\/actu.fr\/nice\/\" rel=\"nofollow noopener\" target=\"_blank\">Nice<\/a> (Alpes-Maritimes).<\/p>\n<p>    <a href=\"https:\/\/www.google.com\/maps\/embed?pb=!1m18!1m12!1m3!1d6858.67302704239!2d7.253307743488504!3d43.71643453586983!2m3!1f0!2f0!3f0!3m2!1i1024!2i768!4f13.1!3m3!1m2!1s0x12cdcfe36e8c35df%3A0x18dbc8a3b148e9d1!2sBd%20de%20Cessole%2C%2006100%20Nice!5e0!3m2!1sfr!2sfr!4v1744355389340!5m2!1sfr!2sfr\" title=\"Ouvrie le lien\" rel=\"nofollow noopener\" target=\"_blank\">Cliquez ici pour visualiser le contenu<\/a><\/p>\n<p class=\" wall-content\">Une voiture et un deux-roues sont entr\u00e9s en collision, aux alentours de 7h. Le conducteur de la moto est d\u00e9c\u00e9d\u00e9.<strong> \u00c2g\u00e9 de 22\u00a0ans<\/strong>, il n\u2019a pas surv\u00e9cu au choc malgr\u00e9 la tentative de r\u00e9animation des sapeurs-pompiers.<\/p>\n<p>Un bless\u00e9 pris en charge<\/p>\n<p class=\" wall-content\">Les secours indiquent que le passager de la moto a \u00e9galement \u00e9t\u00e9 pris en charge. L\u2019homme de 35\u00a0ans est l\u00e9g\u00e8rement bless\u00e9 et souffre de <strong>blessures superficielles<\/strong>.<\/p>\n<p class=\" wall-content\">\u00c0 noter qu\u2019\u00e0 9h, le boulevard de Cessole reste ferm\u00e9 \u00e0 la circulation.<\/p>\n<p>Vid\u00e9os : en ce moment sur Actu<\/p>\n<p class=\" wall-content\">Les circonstances de l\u2019accident demeurent inconnues. La police est sur place et a ouvert une enqu\u00eate.<\/p>\n<p class=\" wall-content\">Suivez toute l\u2019actualit\u00e9 de vos villes et m\u00e9dias favoris en vous inscrivant \u00e0 <a href=\"https:\/\/moncompte.actu.fr\" title=\"D\u00e9couvez Mon Actu\" rel=\"nofollow noopener\" data-trk=\"{&quot;cta&quot;:{&quot;action&quot;:&quot;https:\\\/\\\/moncompte.actu.fr&quot;,&quot;category&quot;:&quot;mon compte&quot;,&quot;from&quot;:&quot;article footer&quot;,&quot;name&quot;:&quot;Mon actu&quot;,&quot;type&quot;:&quot;cta&quot;}}\" target=\"_blank\">Mon Actu<\/a>.<\/p>\n","protected":false},"excerpt":{"rendered":"Par Ugo Maillard Publi\u00e9 le 11 avr. 2025 \u00e0 9h17 Un violent accident de la route s\u2019est produit&hellip;\n","protected":false},"author":2,"featured_media":16926,"comment_status":"","ping_status":"","sticky":false,"template":"","format":"standard","meta":{"footnotes":""},"categories":[2819],"tags":[119,1111,11,1777,674,118,1011,27,12,2401,1311,882,25],"class_list":{"0":"post-16925","1":"post","2":"type-post","3":"status-publish","4":"format-standard","5":"has-post-thumbnail","7":"category-nice","8":"tag-accident","9":"tag-actu","10":"tag-actualites","11":"tag-eu","12":"tag-europe","13":"tag-faits-divers","14":"tag-fr","15":"tag-france","16":"tag-news","17":"tag-nice","18":"tag-pompiers","19":"tag-provence-alpes-cote-dazur","20":"tag-republique-francaise"},"share_on_mastodon":{"url":"https:\/\/pubeurope.com\/@fr\/114318602799387725","error":""},"_links":{"self":[{"href":"https:\/\/www.europesays.com\/fr\/wp-json\/wp\/v2\/posts\/16925","targetHints":{"allow":["GET"]}}],"collection":[{"href":"https:\/\/www.europesays.com\/fr\/wp-json\/wp\/v2\/posts"}],"about":[{"href":"https:\/\/www.europesays.com\/fr\/wp-json\/wp\/v2\/types\/post"}],"author":[{"embeddable":true,"href":"https:\/\/www.europesays.com\/fr\/wp-json\/wp\/v2\/users\/2"}],"replies":[{"embeddable":true,"href":"https:\/\/www.europesays.com\/fr\/wp-json\/wp\/v2\/comments?post=16925"}],"version-history":[{"count":0,"href":"https:\/\/www.europesays.com\/fr\/wp-json\/wp\/v2\/posts\/16925\/revisions"}],"wp:featuredmedia":[{"embeddable":true,"href":"https:\/\/www.europesays.com\/fr\/wp-json\/wp\/v2\/media\/16926"}],"wp:attachment":[{"href":"https:\/\/www.europesays.com\/fr\/wp-json\/wp\/v2\/media?parent=16925"}],"wp:term":[{"taxonomy":"category","embeddable":true,"href":"https:\/\/www.europesays.com\/fr\/wp-json\/wp\/v2\/categories?post=16925"},{"taxonomy":"post_tag","embeddable":true,"href":"https:\/\/www.europesays.com\/fr\/wp-json\/wp\/v2\/tags?post=16925"}],"curies":[{"name":"wp","href":"https:\/\/api.w.org\/{rel}","templated":true}]}}