{"id":169255,"date":"2025-06-11T22:00:19","date_gmt":"2025-06-11T22:00:19","guid":{"rendered":"https:\/\/www.europesays.com\/fr\/169255\/"},"modified":"2025-06-11T22:00:19","modified_gmt":"2025-06-11T22:00:19","slug":"vivatech-emmanuel-macron-salue-le-partenariat-historique-entre-mistral-ai-et-nvidia-11-06-2025-a-2141","status":"publish","type":"post","link":"https:\/\/www.europesays.com\/fr\/169255\/","title":{"rendered":"VivaTech: Emmanuel Macron salue le partenariat \u00ab\u00a0historique\u00a0\u00bb entre Mistral AI et Nvidia &#8211; 11\/06\/2025 \u00e0 21:41"},"content":{"rendered":"<p>        <img fetchpriority=\"high\" decoding=\"async\" src=\"https:\/\/www.europesays.com\/fr\/wp-content\/uploads\/2025\/06\/c2565242b20f45bb3bcdfdc8ab88a23e-760x507.jpg\" alt=\"Le pr\u00e9sident Emmanuel Macron regarde le robot humano\u00efde Ameca d'IVADO Labs lors de sa visite au salon VivaTech, le 11 juin 2025 \u00e0 Paris ( POOL \/ Sarah Meyssonnier )\" loading=\"eager\" width=\"760\" height=\"507\" style=\"max-width: 100%!important; height: auto;\"\/><\/p>\n<p class=\"c-image-news__legend\">Le pr\u00e9sident Emmanuel Macron regarde le robot humano\u00efde Ameca d&rsquo;IVADO Labs lors de sa visite au salon VivaTech, le 11 juin 2025 \u00e0 Paris ( POOL \/ Sarah Meyssonnier )<\/p>\n<p>\n Habitu\u00e9 de VivaTech, Emmanuel Macron a salu\u00e9 mercredi la conclusion d&rsquo;un partenariat \u00ab\u00a0historique\u00a0\u00bb entre le groupe fran\u00e7ais Mistral AI et le g\u00e9ant am\u00e9ricain des puces \u00e9lectroniques<br \/>\n <a href=\"https:\/\/www.boursorama.com\/cours\/NVDA\/\" rel=\"nofollow noopener\" target=\"_blank\"><br \/>\n  Nvidia<br \/>\n <\/a><br \/>\n , annonc\u00e9 le jour m\u00eame depuis le plus grand \u00e9v\u00e9nement d&rsquo;Europe consacr\u00e9 \u00e0 la tech qui se tient \u00e0 Paris.\n<\/p>\n<p>\n \u00ab\u00a0Le partenariat annonc\u00e9 aujourd&rsquo;hui (&#8230;) est, \u00e0 mes yeux, une alliance historique\u00a0\u00bb, a d\u00e9clar\u00e9 le pr\u00e9sident fran\u00e7ais sur la sc\u00e8ne principale de VivaTech en compagnie des patrons des deux entreprises, Arthur Mensch et Jensen Huang.\n<\/p>\n<p>\n Mistral AI, qui a con\u00e7u le chatbot Le Chat concurrent de ChatGPT, et Nvidia, qui produit des puces \u00e9lectroniques consid\u00e9r\u00e9es comme indispensables au d\u00e9veloppement de l&rsquo;intelligence artificielle (IA) g\u00e9n\u00e9rative, s&rsquo;allient ainsi pour concevoir une plateforme de cloud (informatique \u00e0 distance) o\u00f9 les mod\u00e8les de la start-up tricolore seront disponibles.\n<\/p>\n<p>        <img decoding=\"async\" src=\"https:\/\/www.europesays.com\/fr\/wp-content\/uploads\/2025\/06\/6081735a1eed8923074aec67502acfc1-760x507.jpg\" alt=\"Le fondateur et PDG de Mistral AI, Arthur Mensch (g), le PDG de Nvidia, Jensen Huang (c), et le pr\u00e9sident Emmanuel Macron (d) lors d'une table ronde au salon  VivaTech \u00e0 Paris, le 11 juin 2025 ( POOL \/ Sarah Meyssonnier )\" loading=\"eager\" width=\"760\" height=\"507\" style=\"max-width: 100%!important; height: auto;\"\/><\/p>\n<p class=\"c-image-news__legend\">Le fondateur et PDG de Mistral AI, Arthur Mensch (g), le PDG de Nvidia, Jensen Huang (c), et le pr\u00e9sident Emmanuel Macron (d) lors d&rsquo;une table ronde au salon  VivaTech \u00e0 Paris, le 11 juin 2025 ( POOL \/ Sarah Meyssonnier )<\/p>\n<p>\n Baptis\u00e9e \u00ab\u00a0Mistral Compute\u00a0\u00bb, elle sera dot\u00e9e de \u00ab\u00a018.000 superpuces Blackwell\u00a0\u00bb, parmi les plus avanc\u00e9es du g\u00e9ant am\u00e9ricain.\n<\/p>\n<p>\n M. Mensch a vant\u00e9 l&rsquo;av\u00e8nement d&rsquo;une plateforme \u00ab\u00a0compl\u00e9tement ind\u00e9pendante\u00a0\u00bb, qui permettra aux utilisateurs de \u00ab\u00a0ne plus s&rsquo;appuyer pour (leur) utilisation de l&rsquo;IA sur certains fournisseurs am\u00e9ricains\u00a0\u00bb.\n<\/p>\n<p>\n \u00ab\u00a0C&rsquo;est un changement de paradigme car cela augmentera notre souverainet\u00e9 et nous permettra d&rsquo;en faire bien davantage\u00a0\u00bb, a appuy\u00e9 Emmanuel Macron.\n<\/p>\n<p>\n Le pr\u00e9sident s&rsquo;est aussi livr\u00e9 \u00e0 une d\u00e9ambulation dans les all\u00e9es anim\u00e9es du salon, qui a ouvert ses portes mercredi matin pour une neuvi\u00e8me \u00e9dition avec 14.000 start-up pr\u00e9sentes et 165.000 visiteurs attendus.\n<\/p>\n<p> &#8211; \u00ab\u00a0Retard\u00a0\u00bb technologique &#8211;<\/p>\n<p>\n D\u00e9fenseur de la \u00ab\u00a0start-up nation\u00a0\u00bb, Emmanuel Macron a \u00e9chang\u00e9 pendant sa visite avec plusieurs jeunes entreprises europ\u00e9ennes et s&rsquo;est livr\u00e9 \u00e0 une d\u00e9fense de la souverainet\u00e9 technologique du continent.\n<\/p>\n<p>        <img decoding=\"async\" src=\"https:\/\/www.europesays.com\/fr\/wp-content\/uploads\/2025\/06\/9cca0bb779811b1abad61be81393d059-760x507.jpg\" alt=\"Des visiteurs sur le stand Mistral AI lors du salon VivaTech, le 11 juin 2025 \u00e0 Paris ( AFP \/ Thibaud MORITZ )\" loading=\"eager\" width=\"760\" height=\"507\" style=\"max-width: 100%!important; height: auto;\"\/><\/p>\n<p class=\"c-image-news__legend\">Des visiteurs sur le stand Mistral AI lors du salon VivaTech, le 11 juin 2025 \u00e0 Paris ( AFP \/ Thibaud MORITZ )<\/p>\n<p>\n L&rsquo;Europe \u00ab\u00a0a perdu son autonomie parce qu&rsquo;elle a mis en danger sa capacit\u00e9 \u00e0 produire. Elle est devenue de plus en plus d\u00e9pendante du reste du monde\u00a0\u00bb, s&rsquo;est inqui\u00e9t\u00e9 le pr\u00e9sident, qui a d\u00e9fendu un acc\u00e8s aux march\u00e9s publics pour les start-up fran\u00e7aises et europ\u00e9ennes.\n<\/p>\n<p>\n Quatre mois apr\u00e8s l&rsquo;organisation \u00e0 Paris du sommet sur l&rsquo;IA, qui avait vu affluer les promesses d&rsquo;investissements dans cette technologie en France, le chef de l\u2019\u00c9tat a r\u00e9p\u00e9t\u00e9 son souhait de voir aboutir \u00ab\u00a0une IA (&#8230;) soutenable, humaniste et s\u00e9curis\u00e9e\u00a0\u00bb.\n<\/p>\n<p>\n \u00ab\u00a0Il faut qu&rsquo;on se dote des capacit\u00e9s pour \u00eatre au c\u0153ur de ce combat\u00a0\u00bb, a-t-il martel\u00e9.\n<\/p>\n<p>\n Tandis que le pr\u00e9sident am\u00e9ricain Donald Trump souffle le chaud et le froid sur l&rsquo;\u00e9conomie mondiale au rythme de ses mesures sur les droits de douane, le d\u00e9bat sur la d\u00e9pendance aux outils num\u00e9riques am\u00e9ricains s&rsquo;est renforc\u00e9 dans de nombreux domaines, dont l&rsquo;IA.\n<\/p>\n<p>        <img decoding=\"async\" src=\"https:\/\/www.europesays.com\/fr\/wp-content\/uploads\/2025\/06\/5e746a1c807950ab1f79fce56b48965c-760x507.jpg\" alt=\"Des visiteurs au salon VivaTech, le 11 juin 2025 \u00e0 Paris ( AFP \/ Thibaud MORITZ )\" loading=\"eager\" width=\"760\" height=\"507\" style=\"max-width: 100%!important; height: auto;\"\/><\/p>\n<p class=\"c-image-news__legend\">Des visiteurs au salon VivaTech, le 11 juin 2025 \u00e0 Paris ( AFP \/ Thibaud MORITZ )<\/p>\n<p>\n \u00ab\u00a0Cette technologie n&rsquo;a jamais \u00e9t\u00e9 aussi politique qu&rsquo;aujourd&rsquo;hui\u00a0\u00bb, a assur\u00e9 la ministre fran\u00e7aise charg\u00e9e du num\u00e9rique et de l&rsquo;intelligence artificielle, Clara Chappaz, en ouverture du salon.\n<\/p>\n<p>\n \u00ab\u00a0Le sujet de la souverainet\u00e9, qui n&rsquo;\u00e9tait pas aussi important dans les discussions il y a encore un an ou deux ans, est devenu une priorit\u00e9 absolument strat\u00e9gique\u00a0\u00bb, selon Fran\u00e7ois Bitouzet, directeur g\u00e9n\u00e9ral de VivaTech interrog\u00e9 par l&rsquo;AFP.\n<\/p>\n<p> &#8211; Les \u00ab\u00a0milliards\u00a0\u00bb de Nvidia &#8211;<\/p>\n<p>\n Les annonces de Nvidia, qui organisait pour la premi\u00e8re fois sa propre conf\u00e9rence \u00e0 Paris \u00e0 l&rsquo;occasion de VivaTech, se sont multipli\u00e9es, alors que Jensen Huang a livr\u00e9 un discours inaugurale de plus d&rsquo;une heure.\n<\/p>\n<p>        <img decoding=\"async\" src=\"https:\/\/www.europesays.com\/fr\/wp-content\/uploads\/2025\/06\/b59fe93c0d46db4fc1934b630767cb50-760x470.jpg\" alt=\"Le PDG ta\u00efwanais de Nvidia, Jensen Huang, lors d'une conf\u00e9rence dans le cadre du salon Vivatech, le 11 juin 2025 \u00e0 Paris ( AFP \/ Thibaud MORITZ )\" loading=\"eager\" width=\"760\" height=\"470\" style=\"max-width: 100%!important; height: auto;\"\/><\/p>\n<p class=\"c-image-news__legend\">Le PDG ta\u00efwanais de Nvidia, Jensen Huang, lors d&rsquo;une conf\u00e9rence dans le cadre du salon Vivatech, le 11 juin 2025 \u00e0 Paris ( AFP \/ Thibaud MORITZ )<\/p>\n<p>\n \u00ab\u00a0En deux ans, nous allons multiplier la capacit\u00e9 de calcul d\u00e9di\u00e9e \u00e0 l&rsquo;intelligence artificielle en Europe par dix\u00a0\u00bb, a-t-il promis devant une salle comble.\n<\/p>\n<p>\n Il a \u00e9galement indiqu\u00e9 au cours d&rsquo;un \u00e9change avec la presse que son entreprise investirait \u00ab\u00a0des milliards\u00a0\u00bb de dollars sur le continent dans les ann\u00e9es \u00e0 venir.\n<\/p>\n<p>\n D&rsquo;autres partenariats avec des entreprises europ\u00e9ennes, comme le g\u00e9ant fran\u00e7ais des \u00e9quipements \u00e9lectriques<br \/>\n <a href=\"https:\/\/www.boursorama.com\/cours\/1rPSU\/\" rel=\"nofollow noopener\" target=\"_blank\"><br \/>\n  Schneider Electric<br \/>\n <\/a><br \/>\n et l&rsquo;industriel allemand Siemens, seront quant \u00e0 eux renforc\u00e9s, a-t-il aussi soulign\u00e9.\n<\/p>\n<p>\n Son entreprise pr\u00e9voit par ailleurs d&rsquo;aider au d\u00e9veloppement de centres technologiques dans plusieurs pays d&rsquo;Europe.<\/p>\n","protected":false},"excerpt":{"rendered":"Le pr\u00e9sident Emmanuel Macron regarde le robot humano\u00efde Ameca d&rsquo;IVADO Labs lors de sa visite au salon VivaTech,&hellip;\n","protected":false},"author":2,"featured_media":169256,"comment_status":"","ping_status":"","sticky":false,"template":"","format":"standard","meta":{"footnotes":""},"categories":[6],"tags":[400,398,408,35,405,33,34,1011,27,403,402,399,404,401,406,407],"class_list":{"0":"post-169255","1":"post","2":"type-post","3":"status-publish","4":"format-standard","5":"has-post-thumbnail","7":"category-economie","8":"tag-action-cac-40","9":"tag-bourse-de-paris","10":"tag-boursorama","11":"tag-business","12":"tag-cotations","13":"tag-economie","14":"tag-economy","15":"tag-fr","16":"tag-france","17":"tag-indices-devises","18":"tag-investir","19":"tag-investissement","20":"tag-marche-boursier","21":"tag-sicav","22":"tag-trackers","23":"tag-warrants"},"share_on_mastodon":{"url":"https:\/\/pubeurope.com\/@fr\/114666984256132632","error":""},"_links":{"self":[{"href":"https:\/\/www.europesays.com\/fr\/wp-json\/wp\/v2\/posts\/169255","targetHints":{"allow":["GET"]}}],"collection":[{"href":"https:\/\/www.europesays.com\/fr\/wp-json\/wp\/v2\/posts"}],"about":[{"href":"https:\/\/www.europesays.com\/fr\/wp-json\/wp\/v2\/types\/post"}],"author":[{"embeddable":true,"href":"https:\/\/www.europesays.com\/fr\/wp-json\/wp\/v2\/users\/2"}],"replies":[{"embeddable":true,"href":"https:\/\/www.europesays.com\/fr\/wp-json\/wp\/v2\/comments?post=169255"}],"version-history":[{"count":0,"href":"https:\/\/www.europesays.com\/fr\/wp-json\/wp\/v2\/posts\/169255\/revisions"}],"wp:featuredmedia":[{"embeddable":true,"href":"https:\/\/www.europesays.com\/fr\/wp-json\/wp\/v2\/media\/169256"}],"wp:attachment":[{"href":"https:\/\/www.europesays.com\/fr\/wp-json\/wp\/v2\/media?parent=169255"}],"wp:term":[{"taxonomy":"category","embeddable":true,"href":"https:\/\/www.europesays.com\/fr\/wp-json\/wp\/v2\/categories?post=169255"},{"taxonomy":"post_tag","embeddable":true,"href":"https:\/\/www.europesays.com\/fr\/wp-json\/wp\/v2\/tags?post=169255"}],"curies":[{"name":"wp","href":"https:\/\/api.w.org\/{rel}","templated":true}]}}