{"id":169265,"date":"2025-06-11T22:05:20","date_gmt":"2025-06-11T22:05:20","guid":{"rendered":"https:\/\/www.europesays.com\/fr\/169265\/"},"modified":"2025-06-11T22:05:20","modified_gmt":"2025-06-11T22:05:20","slug":"un-nouveau-directeur-pour-la-cci-lyon-metropole-saint-etienne-roanne","status":"publish","type":"post","link":"https:\/\/www.europesays.com\/fr\/169265\/","title":{"rendered":"Un nouveau directeur pour la CCI Lyon M\u00e9tropole Saint-Etienne Roanne"},"content":{"rendered":"<p><img loading=\"lazy\" decoding=\"async\" alt=\"\u00a9 Julien Bourreau - Jean-Marie Martino est l'ancien directeur g\u00e9n\u00e9ral des services du D\u00e9partement du Rh\u00f4ne. Il prend ses fonctions \u00e0 la direction g\u00e9n\u00e9rale de la CCI Lyon M\u00e9tropole Saint-Etienne Roanne ce 11 juin.\" data-zoom-src=\"https:\/\/www.europesays.com\/fr\/wp-content\/uploads\/2025\/06\/initial-jmmartino-copyright-julien-bourreau-cd69.jpg\" data-zoomable=\"\" height=\"702\" src=\"https:\/\/www.europesays.com\/fr\/wp-content\/uploads\/2025\/06\/initial-jmmartino-copyright-julien-bourreau-cd69.jpg\" width=\"1248\"\/>  <\/p>\n<p class=\"article-desc\">\u00a9 Julien Bourreau &#8211; Jean-Marie Martino est l&rsquo;ancien directeur g\u00e9n\u00e9ral des services du D\u00e9partement du Rh\u00f4ne. Il prend ses fonctions \u00e0 la direction g\u00e9n\u00e9rale de la CCI Lyon M\u00e9tropole Saint-Etienne Roanne ce 11 juin. <\/p>\n<p><a href=\"https:\/\/mesinfos.fr\/75000-paris\/cci-france-nicolas-bonnet-nomme-directeur-general-220169.html\" rel=\"nofollow noopener\" target=\"_blank\">Nomm\u00e9 directeur g\u00e9n\u00e9ral de CCI France il y a quelque semaines<\/a>, <strong>Nicolas Bonnet<\/strong> avait laiss\u00e9 vacant son si\u00e8ge de DG de la <strong>CCI Lyon M\u00e9tropole Saint-Etienne Roanne<\/strong>. Depuis le 11 juin, c&rsquo;est <strong>Jean-Marie Martino<\/strong> qui lui a succ\u00e9d\u00e9. <\/p>\n<p>Ce dipl\u00f4m\u00e9 de l\u2019IEP d\u2019Aix-en-Provence, \u00e2g\u00e9 de 44 ans, est sp\u00e9cialis\u00e9 dans le <strong>management strat\u00e9gique des organisations<\/strong>, de l\u2019innovation, de l\u2019IA et du big data&#8230; <\/p>\n<p>Jean-Marie Martino poss\u00e8de une exp\u00e9rience dans le secteur priv\u00e9 <\/p>\n<p>Il occupait jusqu&rsquo;alors le poste de <strong>directeur g\u00e9n\u00e9ral des services<\/strong> au sein du <strong>D\u00e9partement du Rh\u00f4ne<\/strong>, depuis six ans. Il \u00e9tait auparavant d\u00e9l\u00e9gu\u00e9 g\u00e9n\u00e9ral du Conseil g\u00e9n\u00e9ral de la Loire (2011-2014). <\/p>\n<p>Jean-Marie Martino poss\u00e8de par ailleurs une exp\u00e9rience dans le <strong>secteur priv\u00e9<\/strong>, en ayant occup\u00e9 des fonctions de direction conseil et audit dans les cabinets PWC et S\u00e9maphores. <\/p>\n<p>\u00ab\u00a0Jean-Marie Martino a une exp\u00e9rience solide et hybride, une connaissance fine et strat\u00e9gique de notre territoire et tous les atouts pour prendre en main l\u2019une des plus grandes CCI de France\u00a0\u00bb, explique <strong>Philippe Valentin<\/strong>, pr\u00e9sident de la Chambre consulaire rhodano-lig\u00e9rienne.<\/p>\n","protected":false},"excerpt":{"rendered":"\u00a9 Julien Bourreau &#8211; Jean-Marie Martino est l&rsquo;ancien directeur g\u00e9n\u00e9ral des services du D\u00e9partement du Rh\u00f4ne. Il prend&hellip;\n","protected":false},"author":2,"featured_media":169266,"comment_status":"","ping_status":"","sticky":false,"template":"","format":"standard","meta":{"footnotes":""},"categories":[9653],"tags":[1111,11,2430,14179,14094,313,1777,674,1011,27,12,30336,25,4001],"class_list":{"0":"post-169265","1":"post","2":"type-post","3":"status-publish","4":"format-standard","5":"has-post-thumbnail","7":"category-saint-etienne","8":"tag-actu","9":"tag-actualites","10":"tag-auvergne-rhone-alpes","11":"tag-cci","12":"tag-cci-lyon-mu00e9tropole-saint-etienne-roanne","13":"tag-entreprises","14":"tag-eu","15":"tag-europe","16":"tag-fr","17":"tag-france","18":"tag-news","19":"tag-philippe-valentin","20":"tag-republique-francaise","21":"tag-saint-etienne"},"share_on_mastodon":{"url":"https:\/\/pubeurope.com\/@fr\/114667003866554602","error":""},"_links":{"self":[{"href":"https:\/\/www.europesays.com\/fr\/wp-json\/wp\/v2\/posts\/169265","targetHints":{"allow":["GET"]}}],"collection":[{"href":"https:\/\/www.europesays.com\/fr\/wp-json\/wp\/v2\/posts"}],"about":[{"href":"https:\/\/www.europesays.com\/fr\/wp-json\/wp\/v2\/types\/post"}],"author":[{"embeddable":true,"href":"https:\/\/www.europesays.com\/fr\/wp-json\/wp\/v2\/users\/2"}],"replies":[{"embeddable":true,"href":"https:\/\/www.europesays.com\/fr\/wp-json\/wp\/v2\/comments?post=169265"}],"version-history":[{"count":0,"href":"https:\/\/www.europesays.com\/fr\/wp-json\/wp\/v2\/posts\/169265\/revisions"}],"wp:featuredmedia":[{"embeddable":true,"href":"https:\/\/www.europesays.com\/fr\/wp-json\/wp\/v2\/media\/169266"}],"wp:attachment":[{"href":"https:\/\/www.europesays.com\/fr\/wp-json\/wp\/v2\/media?parent=169265"}],"wp:term":[{"taxonomy":"category","embeddable":true,"href":"https:\/\/www.europesays.com\/fr\/wp-json\/wp\/v2\/categories?post=169265"},{"taxonomy":"post_tag","embeddable":true,"href":"https:\/\/www.europesays.com\/fr\/wp-json\/wp\/v2\/tags?post=169265"}],"curies":[{"name":"wp","href":"https:\/\/api.w.org\/{rel}","templated":true}]}}