{"id":169267,"date":"2025-06-11T22:06:31","date_gmt":"2025-06-11T22:06:31","guid":{"rendered":"https:\/\/www.europesays.com\/fr\/169267\/"},"modified":"2025-06-11T22:06:31","modified_gmt":"2025-06-11T22:06:31","slug":"meurthe-et-moselle-sans-permis-et-avec-une-alcoolemie-de-pres-de-3-g-l-a-lheure-du-gouter-une-habitante-de-pulnoy-est-interpellee","status":"publish","type":"post","link":"https:\/\/www.europesays.com\/fr\/169267\/","title":{"rendered":"Meurthe-et-Moselle. Sans permis et avec une alcool\u00e9mie de pr\u00e8s de 3\u00a0g\/l \u00e0 l\u2019heure du go\u00fbter, une habitante de Pulnoy est interpell\u00e9e"},"content":{"rendered":"<p>Une automobiliste, qui circulait mardi 10\u00a0juin vers 16 heures avenue du G\u00e9n\u00e9ral-de-Gaulle \u00e0 Pulnoy, a attir\u00e9 l\u2019attention d\u2019une patrouille de police.<\/p>\n<p>\u00c2g\u00e9e de 42 ans, la Puln\u00e9enne conduisait tout en passant un appel le t\u00e9l\u00e9phone \u00e0 la main. Au vu de son comportement suspect, la patrouille l\u2019invitait \u00e0 se soumettre \u00e0 un d\u00e9pistage d\u2019alcool\u00e9mie. R\u00e9sultat\u00a0: 2,60\u00a0g d\u2019alcool par litre de sang \u00e0 l\u2019heure du go\u00fbter. Et pour ne rien arranger, la quadrag\u00e9naire n\u2019\u00e9tait plus titulaire de son permis de conduire.<\/p>\n<p>Plac\u00e9e en d\u00e9grisement puis en garde \u00e0 vue, elle a \u00e9t\u00e9 remise en libert\u00e9 avec une convocation en reconnaissance pr\u00e9alable de culpabilit\u00e9 (CRPC) le 6\u00a0novembre.<\/p>\n","protected":false},"excerpt":{"rendered":"Une automobiliste, qui circulait mardi 10\u00a0juin vers 16 heures avenue du G\u00e9n\u00e9ral-de-Gaulle \u00e0 Pulnoy, a attir\u00e9 l\u2019attention d\u2019une&hellip;\n","protected":false},"author":2,"featured_media":169268,"comment_status":"","ping_status":"","sticky":false,"template":"","format":"standard","meta":{"footnotes":""},"categories":[9635],"tags":[1111,11,271,272,1704,1777,674,274,1011,27,775,11362,3457,1702,12,16781,25],"class_list":{"0":"post-169267","1":"post","2":"type-post","3":"status-publish","4":"format-standard","5":"has-post-thumbnail","7":"category-nancy","8":"tag-actu","9":"tag-actualites","10":"tag-crime","11":"tag-delit-et-contravention","12":"tag-edition-nancy-et-agglomeration","13":"tag-eu","14":"tag-europe","15":"tag-faits-divers-justice","16":"tag-fr","17":"tag-france","18":"tag-grand-est","19":"tag-metropole-du-grand-nancy-54b3","20":"tag-meurthe-et-moselle","21":"tag-nancy","22":"tag-news","23":"tag-pulnoy","24":"tag-republique-francaise"},"share_on_mastodon":{"url":"https:\/\/pubeurope.com\/@fr\/114667007691691421","error":""},"_links":{"self":[{"href":"https:\/\/www.europesays.com\/fr\/wp-json\/wp\/v2\/posts\/169267","targetHints":{"allow":["GET"]}}],"collection":[{"href":"https:\/\/www.europesays.com\/fr\/wp-json\/wp\/v2\/posts"}],"about":[{"href":"https:\/\/www.europesays.com\/fr\/wp-json\/wp\/v2\/types\/post"}],"author":[{"embeddable":true,"href":"https:\/\/www.europesays.com\/fr\/wp-json\/wp\/v2\/users\/2"}],"replies":[{"embeddable":true,"href":"https:\/\/www.europesays.com\/fr\/wp-json\/wp\/v2\/comments?post=169267"}],"version-history":[{"count":0,"href":"https:\/\/www.europesays.com\/fr\/wp-json\/wp\/v2\/posts\/169267\/revisions"}],"wp:featuredmedia":[{"embeddable":true,"href":"https:\/\/www.europesays.com\/fr\/wp-json\/wp\/v2\/media\/169268"}],"wp:attachment":[{"href":"https:\/\/www.europesays.com\/fr\/wp-json\/wp\/v2\/media?parent=169267"}],"wp:term":[{"taxonomy":"category","embeddable":true,"href":"https:\/\/www.europesays.com\/fr\/wp-json\/wp\/v2\/categories?post=169267"},{"taxonomy":"post_tag","embeddable":true,"href":"https:\/\/www.europesays.com\/fr\/wp-json\/wp\/v2\/tags?post=169267"}],"curies":[{"name":"wp","href":"https:\/\/api.w.org\/{rel}","templated":true}]}}