{"id":16927,"date":"2025-04-11T09:23:29","date_gmt":"2025-04-11T09:23:29","guid":{"rendered":"https:\/\/www.europesays.com\/fr\/16927\/"},"modified":"2025-04-11T09:23:29","modified_gmt":"2025-04-11T09:23:29","slug":"les-nantais-de-9-a-12-ans-a-la-rencontre-des-uniformes-pompiers-policiers-agents-de","status":"publish","type":"post","link":"https:\/\/www.europesays.com\/fr\/16927\/","title":{"rendered":"Les Nantais de 9 \u00e0 12\u00a0ans \u00e0 la rencontre\u00a0des \u00ab\u00a0uniformes\u00a0\u00bb\u00a0: pompiers, policiers, agents de"},"content":{"rendered":"<p>La <a href=\"https:\/\/maisontranquillite.nantes.fr\/home\/actualites\/anim-uni-forme.html\" target=\"_blank\" rel=\"noopener\">mission pr\u00e9vention de la Ville de Nantes organise l\u2019action <strong>Anim\u2019Uni-Forme<\/strong> <\/a> depuis trois ans. Son objectif est de faciliter la rencontre entre les jeunes de 9 \u00e0 12\u00a0ans, habitant sur l\u2019ensemble des quartiers prioritaires de la ville de Nantes, et des professionnels en uniforme\u00a0: sapeurs-pompiers, policiers municipaux, agents de la Semitan et m\u00e9diateurs de quartiers.<\/p>\n<p>Six ateliers qui seront propos\u00e9s sur deux demi-journ\u00e9es<\/p>\n<p>Mardi 15\u00a0avril 2025, dix groupes d\u2019une dizaine de jeunes pr\u00e9ados et ados de l\u2019Accoord-Chrysalide, et deux groupes de l\u2019animation sportive participeront aux six ateliers qui seront propos\u00e9s sur les deux demi-journ\u00e9es, m\u00ealant pratiques sportives et ludiques, et pr\u00e9sentation des missions et m\u00e9tiers. Chaque atelier durera 30\u00a0minutes.<\/p>\n<p>Gestes qui sauvent<\/p>\n<p>Les six ateliers en question\u00a0? Un module Tan dans un bus, deux modules de la police municipale autour d\u2019un parcours d\u2019obstacles et de boxe, avec le service des sports de la Ville, un module des m\u00e9diateurs autour de l\u2019animation du jeu Potes et Despotes ainsi que deux modules anim\u00e9s par le service d\u00e9partemental d\u2019incendie et de secours sur la pr\u00e9vention des risques incendie et sur les gestes qui sauvent.<\/p>\n<p>\u00a0<\/p>\n","protected":false},"excerpt":{"rendered":"La mission pr\u00e9vention de la Ville de Nantes organise l\u2019action Anim\u2019Uni-Forme depuis trois ans. Son objectif est de&hellip;\n","protected":false},"author":2,"featured_media":16928,"comment_status":"","ping_status":"","sticky":false,"template":"","format":"standard","meta":{"footnotes":""},"categories":[2818],"tags":[6888,5658,1111,11,6891,1764,1777,674,1011,27,4715,766,12,2636,6890,1311,5486,25,6892,6889],"class_list":{"0":"post-16927","1":"post","2":"type-post","3":"status-publish","4":"format-standard","5":"has-post-thumbnail","7":"category-nantes","8":"tag-6888","9":"tag-5658","10":"tag-actu","11":"tag-actualites","12":"tag-agents","13":"tag-ans","14":"tag-eu","15":"tag-europe","16":"tag-fr","17":"tag-france","18":"tag-nantais","19":"tag-nantes","20":"tag-news","21":"tag-pays-de-la-loire","22":"tag-policiers","23":"tag-pompiers","24":"tag-rencontre","25":"tag-republique-francaise","26":"tag-tan","27":"tag-uniformes"},"share_on_mastodon":{"url":"https:\/\/pubeurope.com\/@fr\/114318606597437909","error":""},"_links":{"self":[{"href":"https:\/\/www.europesays.com\/fr\/wp-json\/wp\/v2\/posts\/16927","targetHints":{"allow":["GET"]}}],"collection":[{"href":"https:\/\/www.europesays.com\/fr\/wp-json\/wp\/v2\/posts"}],"about":[{"href":"https:\/\/www.europesays.com\/fr\/wp-json\/wp\/v2\/types\/post"}],"author":[{"embeddable":true,"href":"https:\/\/www.europesays.com\/fr\/wp-json\/wp\/v2\/users\/2"}],"replies":[{"embeddable":true,"href":"https:\/\/www.europesays.com\/fr\/wp-json\/wp\/v2\/comments?post=16927"}],"version-history":[{"count":0,"href":"https:\/\/www.europesays.com\/fr\/wp-json\/wp\/v2\/posts\/16927\/revisions"}],"wp:featuredmedia":[{"embeddable":true,"href":"https:\/\/www.europesays.com\/fr\/wp-json\/wp\/v2\/media\/16928"}],"wp:attachment":[{"href":"https:\/\/www.europesays.com\/fr\/wp-json\/wp\/v2\/media?parent=16927"}],"wp:term":[{"taxonomy":"category","embeddable":true,"href":"https:\/\/www.europesays.com\/fr\/wp-json\/wp\/v2\/categories?post=16927"},{"taxonomy":"post_tag","embeddable":true,"href":"https:\/\/www.europesays.com\/fr\/wp-json\/wp\/v2\/tags?post=16927"}],"curies":[{"name":"wp","href":"https:\/\/api.w.org\/{rel}","templated":true}]}}