{"id":169287,"date":"2025-06-11T22:21:13","date_gmt":"2025-06-11T22:21:13","guid":{"rendered":"https:\/\/www.europesays.com\/fr\/169287\/"},"modified":"2025-06-11T22:21:13","modified_gmt":"2025-06-11T22:21:13","slug":"je-ne-peux-pas-laisser-prononcer-des-mensonges-a-nice-la-ministre-agnes-pannier-runacher-defend-ses-aires-marines-protegees","status":"publish","type":"post","link":"https:\/\/www.europesays.com\/fr\/169287\/","title":{"rendered":"\u00ab\u00a0Je ne peux pas laisser prononcer des mensonges\u00a0\u00bb: \u00e0 Nice, la ministre Agn\u00e8s Pannier-Runacher d\u00e9fend ses aires marines prot\u00e9g\u00e9es"},"content":{"rendered":"<p>\u00ab\u00a0Aucun pays au monde ne peut revendiquer avoir plus de 10% de protection forte sur plus d\u20191 million de km.\u00a0\u00bb Depuis la fr\u00e9gate multimission Provence de la Marine nationale, en baie de Nice ce mercredi matin, la ministre de la Transition \u00e9cologique, de la biodiversit\u00e9, de la for\u00eat, de la mer et de la p\u00eache a d\u00e9fendu les annonces de la France visant \u00e0 renforcer les aires marines prot\u00e9g\u00e9es, \u00e0 l\u2019occasion de la Conf\u00e9rence des Nations unies sur l\u2019oc\u00e9an (Unoc).<\/p>\n<p>L\u2019association Bloom a jou\u00e9 les trouble-f\u00eates en critiquant la sinc\u00e9rit\u00e9 des engagements sous le label \u00ab\u00a0protection forte\u00a0\u00bb. Ce crit\u00e8re est essentiel dans la distinction entre les zones o\u00f9 le chalutage est l\u00e9gal et les autres. Le mot \u00ab\u00a0prot\u00e9g\u00e9\u00a0\u00bb pr\u00eate \u00e0 confusion car une aire marine b\u00e9n\u00e9ficiant de ce statut n\u2019est pas syst\u00e9matiquement interdite au chalutage, technique de p\u00eache non s\u00e9lective et consid\u00e9r\u00e9e comme destructrice du milieu marin.<\/p>\n<p>\u00ab\u00a0La France respecte totalement ses engagements, elle est m\u00eame en avance. Je ne peux pas laisser prononcer des mensonges par rapport aux annonces, tonne Agn\u00e8s Pannier-Runacher. 78% des eaux territoriales fran\u00e7aises vont \u00eatre couvertes par des aires marines prot\u00e9g\u00e9es. On est bien au-dessus des 30% que pr\u00e9voit la convention de Montr\u00e9al.\u00a0\u00bb<\/p>\n<p>\u00ab\u00a0Les associations sont prises \u00e0 leur propre jeu\u00a0\u00bb<\/p>\n<p>La diff\u00e9rence doit \u00eatre faite entre les 10% de protection forte sur l\u2019ensemble des espaces maritimes nationaux (outre-mer compris) et le niveau m\u00e9tropolitain. Car autour de l\u2019Hexagone, la proportion chute \u00e0 4% de protection forte. \u00ab\u00a0Nous annon\u00e7ons bien de nouvelles zones de protection forte qui vont permettre d\u2019interdire toute action sur les fonds marins fragiles et sensibles\u00a0\u00bb, appuie la ministre. Le gain est donc r\u00e9el, par rapport \u00e0 la situation ant\u00e9rieure, affirme-t-elle.<\/p>\n<p>\u00ab\u00a0Les associations sont prises \u00e0 leur propre jeu, car elles ont expliqu\u00e9 que la France \u00e9tait couverte avec 0,1% de protection forte, et tout d\u2019un coup, elles reviennent en disant que ces zones \u00e9taient d\u00e9j\u00e0 prot\u00e9g\u00e9es. Ont-elles menti tout le temps? Ou sont-elles en train de mentir aujourd\u2019hui?\u00a0\u00bb<\/p>\n<p>              <img ci-src=\"https:\/\/www.nicematin.com\/politique\/protec\/DATA_ART_15696397-w1FlwLHq.jpg?vh=375f75&amp;ci_seal=1742250d06\" alt=\"\"\/><br \/>\n        Agn\u00e8s Pannier-Runacher, ministre de la Transition \u00e9cologique, \u00e0 bord de la fr\u00e9gate Provence, ce mercredi \u00e0 Nice, pendant le sommet de l\u2019oc\u00e9an. <strong>Photo So. B..<\/strong> <\/p>\n<p>Selon la ministre, il y a un autre \u00ab\u00a0\u00e9l\u00e9phant dans la pi\u00e8ce\u00a0\u00bb: ce sont toutes les pressions des activit\u00e9s humaines sur l\u2019oc\u00e9an et la biodiversit\u00e9. Les pollutions qui viennent de la terre, le mouillage sur les fonds marins\u2026 \u00ab\u00a0force de ne parler que du chalutage de fond, on en a perdu tous les enjeux de biodiversit\u00e9.\u00a0\u00bb<\/p>\n<p>Onze types d\u2019aires marines prot\u00e9g\u00e9es existent. Selon une \u00e9valuation europ\u00e9enne, un quart de la p\u00eache au chalut, en France, se pratique dans des aires marines prot\u00e9g\u00e9es.<\/p>\n<p>Bloom d\u00e9nonce une escroquerie<\/p>\n<p>La contre-attaque minist\u00e9rielle laisse Bloom de marbre. Dans une interview accord\u00e9e lundi \u00e0 Nice-Matin, Claire Nouvian, fondatrice de l\u2019ONG, d\u00e9nonce \u00ab\u00a0une escroquerie\u00a0\u00bb (lire notre \u00e9dition d\u2019hier): \u00ab\u00a0La seule avanc\u00e9e que le gouvernement se vante de pr\u00e9senter au monde entier, consiste \u00e0 attribuer le label d\u2019aire marine prot\u00e9g\u00e9e \u00e0 des zones d\u00e9j\u00e0 interdites au chalutage de fond. Et ce, depuis neuf ans! Les nouvelles zones du minist\u00e8re sont en r\u00e9alit\u00e9 d\u00e9j\u00e0 pr\u00e9sentes dans un r\u00e8glement europ\u00e9en de 2017 sur l\u2019Atlantique. Un texte qui a \u00e9t\u00e9 obtenu apr\u00e8s sept ans d\u2019une bataille men\u00e9e par Bloom.\u00a0\u00bb<\/p>\n<p>Pour preuve, l\u2019association d\u00e9gaine les cartes fournies par le gouvernement et les compare aux cartes exig\u00e9es par la r\u00e9glementation europ\u00e9enne. Dans le golfe de Gascogne, les taches vert clair, indiquant les nouvelles zones de protection forte, se fondent dans l\u2019hachur\u00e9 rouge des secteurs d\u00e9j\u00e0 interdits par l\u2019Union.<\/p>\n<p>Une information confirm\u00e9e \u00e0 demi-mot par Agn\u00e8s Pannier-Runacher, reconnaissant que les Aires Marines Prot\u00e9g\u00e9es (AMP), annonc\u00e9es par son minist\u00e8re, \u00ab\u00a0recoupent en partie en Atlantique, c\u2019est moins le cas en M\u00e9diterran\u00e9e\u00a0\u00bb.<\/p>\n<p>\u00ab\u00a0Pendant vingt ans, la France a viol\u00e9 le droit europ\u00e9en\u00a0\u00bb<\/p>\n<p>Quid de cette derni\u00e8re? Sur la \u00ab\u00a0Mare nostrum\u00a0\u00bb, la comparaison est moins flagrante et les avanc\u00e9es sont plus marqu\u00e9es. \u00ab\u00a0Mais le chalutage y est moindre et la pression des lobbys aussi\u00a0\u00bb, nuance Claire Nouvian. \u00ab\u00a0Ce qui n\u2019a pas emp\u00each\u00e9 la France de faire des gros cadeaux. D\u00e8s 2006, l\u2019Union europ\u00e9enne a interdit le chalutage au-dessus des prairies sous-marines. Pendant vingt ans, jusqu\u2019en mai 2025, juste avant l\u2019UNOC, la France a reconduit des d\u00e9rogations, violant le droit europ\u00e9en.\u00a0\u00bb<\/p>\n<p>En investiguant le d\u00e9tail des zones int\u00e9gr\u00e9es, Fran\u00e7ois Chartier, charg\u00e9 de campagne oc\u00e9ans \u00e0 Greenpeace, explique \u00e0 Mediapart \u00ab\u00a0qu\u2019on y voit des canyons qui sont impossibles \u00e0 chaluter de par leur profondeur. Et l\u2019ex\u00e9cutif a cit\u00e9 en exemple Port-Cros ou les calanques pr\u00e8s de Marseille, des espaces o\u00f9 le chalutage de fond a d\u00e9j\u00e0 \u00e9t\u00e9 prohib\u00e9.\u00a0\u00bb<\/p>\n<p>Du c\u00f4t\u00e9 des territoires ultramarins, le gain de 900.000km2 de protection en Polyn\u00e9sie est salu\u00e9 par Bloom. Claire Nouvian contextualise: \u00ab\u00a0C\u2019est la victoire du gouvernement autonome et des Polyn\u00e9siens. Malheureusement, Macron instrumentalise \u00e7a pour se pr\u00e9senter comme un grand protecteur des oc\u00e9ans. Sans jamais pr\u00e9ciser que ces espaces tr\u00e8s \u00e9loign\u00e9s sont peu, voire pas du tout, expos\u00e9s \u00e0 la pression humaine.\u00a0\u00bb<\/p>\n","protected":false},"excerpt":{"rendered":"\u00ab\u00a0Aucun pays au monde ne peut revendiquer avoir plus de 10% de protection forte sur plus d\u20191 million&hellip;\n","protected":false},"author":2,"featured_media":169288,"comment_status":"","ping_status":"","sticky":false,"template":"","format":"standard","meta":{"footnotes":""},"categories":[2819],"tags":[1111,11,436,1777,674,1011,27,12,2401,316,882,25,41],"class_list":{"0":"post-169287","1":"post","2":"type-post","3":"status-publish","4":"format-standard","5":"has-post-thumbnail","7":"category-nice","8":"tag-actu","9":"tag-actualites","10":"tag-environnement","11":"tag-eu","12":"tag-europe","13":"tag-fr","14":"tag-france","15":"tag-news","16":"tag-nice","17":"tag-politique","18":"tag-provence-alpes-cote-dazur","19":"tag-republique-francaise","20":"tag-sciences"},"share_on_mastodon":{"url":"https:\/\/pubeurope.com\/@fr\/114667066702409078","error":""},"_links":{"self":[{"href":"https:\/\/www.europesays.com\/fr\/wp-json\/wp\/v2\/posts\/169287","targetHints":{"allow":["GET"]}}],"collection":[{"href":"https:\/\/www.europesays.com\/fr\/wp-json\/wp\/v2\/posts"}],"about":[{"href":"https:\/\/www.europesays.com\/fr\/wp-json\/wp\/v2\/types\/post"}],"author":[{"embeddable":true,"href":"https:\/\/www.europesays.com\/fr\/wp-json\/wp\/v2\/users\/2"}],"replies":[{"embeddable":true,"href":"https:\/\/www.europesays.com\/fr\/wp-json\/wp\/v2\/comments?post=169287"}],"version-history":[{"count":0,"href":"https:\/\/www.europesays.com\/fr\/wp-json\/wp\/v2\/posts\/169287\/revisions"}],"wp:featuredmedia":[{"embeddable":true,"href":"https:\/\/www.europesays.com\/fr\/wp-json\/wp\/v2\/media\/169288"}],"wp:attachment":[{"href":"https:\/\/www.europesays.com\/fr\/wp-json\/wp\/v2\/media?parent=169287"}],"wp:term":[{"taxonomy":"category","embeddable":true,"href":"https:\/\/www.europesays.com\/fr\/wp-json\/wp\/v2\/categories?post=169287"},{"taxonomy":"post_tag","embeddable":true,"href":"https:\/\/www.europesays.com\/fr\/wp-json\/wp\/v2\/tags?post=169287"}],"curies":[{"name":"wp","href":"https:\/\/api.w.org\/{rel}","templated":true}]}}