{"id":169289,"date":"2025-06-11T22:22:13","date_gmt":"2025-06-11T22:22:13","guid":{"rendered":"https:\/\/www.europesays.com\/fr\/169289\/"},"modified":"2025-06-11T22:22:13","modified_gmt":"2025-06-11T22:22:13","slug":"officiel-alexis-beka-beka-ex-nice-ex-lokomotiv-moscou-rejoint-la-raal","status":"publish","type":"post","link":"https:\/\/www.europesays.com\/fr\/169289\/","title":{"rendered":"Officiel\u00a0: Alexis Beka Beka (ex-Nice, ex-Lokomotiv Moscou) rejoint la RAAL"},"content":{"rendered":"<p class=\"ap-StoryElement ap-StoryElement--mb ap-StoryText\">Alexis Beka Beka est, \u00e0 24 ans, un revenant dans le milieu du foot. P\u00e9pite du foot fran\u00e7ais, il avait quitt\u00e9 Caen pour le Lokomotiv Moscou en 2021 et \u00e9tait rentr\u00e9 en France en rejoignant Nice pour 12 millions d&rsquo;euros. L\u00e0-bas, le milieu de terrain avait notamment marqu\u00e9 les esprits avec un but d\u00e9cisif qualifiant Nice pour la Conference League en ao\u00fbt 2022. Malheureusement, la suite de sa carri\u00e8re a \u00e9t\u00e9 plus compliqu\u00e9e. Le joueur a \u00e9t\u00e9 frapp\u00e9 de soucis de d\u00e9pression et a voulu sauter du Viaduc de Magnan le 29 septembre 2023. Apr\u00e8s plusieurs heures de n\u00e9gociations, il avait pu \u00eatre mis en s\u00e9curit\u00e9.<\/p>\n<p class=\"ap-StoryElement ap-StoryElement--mb ap-StoryText\">Apr\u00e8s des mois loin des terrains de foot pour se soigner, il a retrouv\u00e9 des sensations en retournant \u00e0 Caen et en jouant avec la 2e \u00e9quipe en cinqui\u00e8me division. Dans le Hainaut, il a sign\u00e9 pour deux saisons o\u00f9 il veut relancer sa carri\u00e8re. Ca tombe bien, la RAAL appr\u00e9cie aussi ce genre de joueur: milieu de terrain d\u00e9fensif qui peut faire des \u00e9tincelles au milieu de terrain et qui est capable \u00ab\u00a0de d\u00e9fendre en avan\u00e7ant\u00a0\u00bb selon les d\u00e9sirs du coach.<\/p>\n","protected":false},"excerpt":{"rendered":"Alexis Beka Beka est, \u00e0 24 ans, un revenant dans le milieu du foot. P\u00e9pite du foot fran\u00e7ais,&hellip;\n","protected":false},"author":2,"featured_media":169290,"comment_status":"","ping_status":"","sticky":false,"template":"","format":"standard","meta":{"footnotes":""},"categories":[2819],"tags":[1111,11,1777,674,1011,27,30337,12,2401,882,25],"class_list":{"0":"post-169289","1":"post","2":"type-post","3":"status-publish","4":"format-standard","5":"has-post-thumbnail","7":"category-nice","8":"tag-actu","9":"tag-actualites","10":"tag-eu","11":"tag-europe","12":"tag-fr","13":"tag-france","14":"tag-hainaut","15":"tag-news","16":"tag-nice","17":"tag-provence-alpes-cote-dazur","18":"tag-republique-francaise"},"share_on_mastodon":{"url":"https:\/\/pubeurope.com\/@fr\/114667070713335454","error":""},"_links":{"self":[{"href":"https:\/\/www.europesays.com\/fr\/wp-json\/wp\/v2\/posts\/169289","targetHints":{"allow":["GET"]}}],"collection":[{"href":"https:\/\/www.europesays.com\/fr\/wp-json\/wp\/v2\/posts"}],"about":[{"href":"https:\/\/www.europesays.com\/fr\/wp-json\/wp\/v2\/types\/post"}],"author":[{"embeddable":true,"href":"https:\/\/www.europesays.com\/fr\/wp-json\/wp\/v2\/users\/2"}],"replies":[{"embeddable":true,"href":"https:\/\/www.europesays.com\/fr\/wp-json\/wp\/v2\/comments?post=169289"}],"version-history":[{"count":0,"href":"https:\/\/www.europesays.com\/fr\/wp-json\/wp\/v2\/posts\/169289\/revisions"}],"wp:featuredmedia":[{"embeddable":true,"href":"https:\/\/www.europesays.com\/fr\/wp-json\/wp\/v2\/media\/169290"}],"wp:attachment":[{"href":"https:\/\/www.europesays.com\/fr\/wp-json\/wp\/v2\/media?parent=169289"}],"wp:term":[{"taxonomy":"category","embeddable":true,"href":"https:\/\/www.europesays.com\/fr\/wp-json\/wp\/v2\/categories?post=169289"},{"taxonomy":"post_tag","embeddable":true,"href":"https:\/\/www.europesays.com\/fr\/wp-json\/wp\/v2\/tags?post=169289"}],"curies":[{"name":"wp","href":"https:\/\/api.w.org\/{rel}","templated":true}]}}