{"id":169291,"date":"2025-06-11T22:23:12","date_gmt":"2025-06-11T22:23:12","guid":{"rendered":"https:\/\/www.europesays.com\/fr\/169291\/"},"modified":"2025-06-11T22:23:12","modified_gmt":"2025-06-11T22:23:12","slug":"depuis-cinq-ans-ce-lieu-de-nantes-prepare-a-la-perte-dautonomie","status":"publish","type":"post","link":"https:\/\/www.europesays.com\/fr\/169291\/","title":{"rendered":"Depuis cinq ans, ce lieu de Nantes pr\u00e9pare \u00e0 la perte d\u2019autonomie"},"content":{"rendered":"<p>Le logement virtuel qui pr\u00e9sente 310\u00a0aides techniques et astuces pour bien vieillir a cinq ans. Situ\u00e9 rue de Bruxelles, \u00e0 Nantes, pr\u00e8s de la porte de Carquefou, le Creat\u00a0(Centre de ressources et d\u2019expertise en aides techniques) est n\u00e9 du Grand d\u00e9bat long\u00e9vit\u00e9, men\u00e9 en 2019 par la M\u00e9tropole. Le lieu de 500\u00a0m2 expose dans les pi\u00e8ces de vie les outils et techniques existants pour pr\u00e9venir la perte d\u2019autonomie (perte en motricit\u00e9, en mobilit\u00e9, en audition, en vision,\u00a0etc.). Il s\u2019adresse donc aux seniors, \u00e0 leurs familles, aux professionnels de sant\u00e9 ou de l\u2019aide \u00e0 la personne.<\/p>\n<p><strong>Lire aussi\u00a0:<\/strong> <a href=\"https:\/\/nantes.maville.com\/actu\/actudet_-nantes-aux-petits-soins-pour-les-seniors-_52716-6584715_actu.Htm\" target=\"_blank\" rel=\"noopener\">Nantes aux petits soins pour les seniors<\/a><\/p>\n<p><strong>\u00ab\u00a0Depuis 2019, le lieu a accueilli 1\u00a0400\u00a0particuliers et 1\u00a0950\u00a0professionnels, dont 250\u00a0\u00e9tudiantes et \u00e9tudiants (CAP, BEP, lyc\u00e9ens et futurs ergoth\u00e9rapeutes) venus d\u00e9couvrir les aides techniques dans le cadre de leurs \u00e9tudes\u00a0\u00bb, <\/strong>indique Nantes m\u00e9tropole. Des ateliers gratuits sont aussi propos\u00e9s pour les particuliers chaque mois. Huit salari\u00e9s, dont des ergoth\u00e9rapeutes, assurent le fonctionnement de la structure qui ouvre ses portes \u00e0 l\u2019occasion de cet anniversaire des cinq ans. Ce sera mardi 24\u00a0juin, de 9\u00a0h\u00a030 \u00e0 17\u00a0h.<\/p>\n<p>\u00a0<\/p>\n","protected":false},"excerpt":{"rendered":"Le logement virtuel qui pr\u00e9sente 310\u00a0aides techniques et astuces pour bien vieillir a cinq ans. Situ\u00e9 rue de&hellip;\n","protected":false},"author":2,"featured_media":169292,"comment_status":"","ping_status":"","sticky":false,"template":"","format":"standard","meta":{"footnotes":""},"categories":[2818],"tags":[1111,11,1764,13643,1777,674,1011,27,7018,766,12,2636,16565,5109,25],"class_list":{"0":"post-169291","1":"post","2":"type-post","3":"status-publish","4":"format-standard","5":"has-post-thumbnail","7":"category-nantes","8":"tag-actu","9":"tag-actualites","10":"tag-ans","11":"tag-autonomie","12":"tag-eu","13":"tag-europe","14":"tag-fr","15":"tag-france","16":"tag-lieu","17":"tag-nantes","18":"tag-news","19":"tag-pays-de-la-loire","20":"tag-perte","21":"tag-prepare","22":"tag-republique-francaise"},"share_on_mastodon":{"url":"https:\/\/pubeurope.com\/@fr\/114667074577303186","error":""},"_links":{"self":[{"href":"https:\/\/www.europesays.com\/fr\/wp-json\/wp\/v2\/posts\/169291","targetHints":{"allow":["GET"]}}],"collection":[{"href":"https:\/\/www.europesays.com\/fr\/wp-json\/wp\/v2\/posts"}],"about":[{"href":"https:\/\/www.europesays.com\/fr\/wp-json\/wp\/v2\/types\/post"}],"author":[{"embeddable":true,"href":"https:\/\/www.europesays.com\/fr\/wp-json\/wp\/v2\/users\/2"}],"replies":[{"embeddable":true,"href":"https:\/\/www.europesays.com\/fr\/wp-json\/wp\/v2\/comments?post=169291"}],"version-history":[{"count":0,"href":"https:\/\/www.europesays.com\/fr\/wp-json\/wp\/v2\/posts\/169291\/revisions"}],"wp:featuredmedia":[{"embeddable":true,"href":"https:\/\/www.europesays.com\/fr\/wp-json\/wp\/v2\/media\/169292"}],"wp:attachment":[{"href":"https:\/\/www.europesays.com\/fr\/wp-json\/wp\/v2\/media?parent=169291"}],"wp:term":[{"taxonomy":"category","embeddable":true,"href":"https:\/\/www.europesays.com\/fr\/wp-json\/wp\/v2\/categories?post=169291"},{"taxonomy":"post_tag","embeddable":true,"href":"https:\/\/www.europesays.com\/fr\/wp-json\/wp\/v2\/tags?post=169291"}],"curies":[{"name":"wp","href":"https:\/\/api.w.org\/{rel}","templated":true}]}}