{"id":169295,"date":"2025-06-11T22:25:11","date_gmt":"2025-06-11T22:25:11","guid":{"rendered":"https:\/\/www.europesays.com\/fr\/169295\/"},"modified":"2025-06-11T22:25:11","modified_gmt":"2025-06-11T22:25:11","slug":"un-paris-bordeaux-a-24-km-h-voici-a-quoi-ressemblait-la-premiere-course-automobile-de","status":"publish","type":"post","link":"https:\/\/www.europesays.com\/fr\/169295\/","title":{"rendered":"Un Paris-Bordeaux \u00e0 24\u00a0km\/h\u2026 Voici \u00e0 quoi ressemblait la premi\u00e8re course automobile de"},"content":{"rendered":"<tr wp_automatic_readability=\"2.9343065693431\">\n<td valign=\"middle\" align=\"center\" class=\"col-logo\">\n    <img decoding=\"async\" src=\"https:\/\/www.europesays.com\/fr\/wp-content\/uploads\/2025\/05\/ouest-france.gif\" alt=\"logo Ouest-France\" height=\"66\"\/><\/p>\n<\/td>\n<td class=\"col-titre\">\n\t\t\tMercredi 11 juin 2025 21:30<br \/>\n\t\t\t<a class=\"icon-bulle sizeL count\" href=\"#ancreAvis\"><br \/>\n\t&#8230;<br \/>\n<\/a><\/td>\n<\/tr>\n<p>\t\t<a class=\"mavillebox2 elmt-photo\" href=\"https:\/\/maville.com\/photosmvi\/2025\/06\/11\/P35284866D6849331G.jpg\" title=\" Il y a cent trente ans, la premi\u00e8re course automobile de l\u2019histoire avait lieu, voici son histoire - Levassor et D\u2019Hostingue, les futurs vainqueurs, dans leur voiture  \u00a9  Via commons wikimedias  &lt;!--TAG-BLC credit--&gt;\" rel=\"galerie_actu noopener\" target=\"_blank\"><br \/>\n\t<img decoding=\"async\" src=\"https:\/\/www.europesays.com\/fr\/wp-content\/uploads\/2025\/06\/P35284866D6849331G_crop_640-330_.jpg\" alt=\"photo  il y a cent trente ans, la premi\u00e8re course automobile de l\u2019histoire avait lieu, voici son histoire - levassor et d\u2019hostingue, les futurs vainqueurs, dans leur voiture  \u00a9  via commons wikimedias \"\/><br \/>\n\t1<br \/>\n<\/a><\/p>\n<p class=\"elmt-legende\"> Il y a cent trente ans, la premi\u00e8re course automobile de l\u2019histoire avait lieu, voici son histoire &#8211; Levassor et D\u2019Hostingue, les futurs vainqueurs, dans leur voiture  \u00a9  Via commons wikimedias  <\/p>\n<p>\t\tLe 11\u00a0juin 1895, une course automobile, consid\u00e9r\u00e9e comme la premi\u00e8re grande course de l\u2019histoire, s\u2019\u00e9lan\u00e7ait pour un p\u00e9riple aller-retour entre Paris et Bordeaux.<\/p>\n<p>\t\t Correspondance, Nicolas Montard. \u00a0\u00a0<br \/>\n\t\tOuest-France\u00a0\u00a0<\/p>\n<p>\t\t&#13;<\/p>\n","protected":false},"excerpt":{"rendered":"Mercredi 11 juin 2025 21:30 &#8230; 1 Il y a cent trente ans, la premi\u00e8re course automobile de&hellip;\n","protected":false},"author":2,"featured_media":169296,"comment_status":"","ping_status":"","sticky":false,"template":"","format":"standard","meta":{"footnotes":""},"categories":[2817],"tags":[1111,11,3809,1465,1997,11895,1777,674,63,1011,27,1792,1922,12,2219,25,479,11894,517,1470],"class_list":{"0":"post-169295","1":"post","2":"type-post","3":"status-publish","4":"format-standard","5":"has-post-thumbnail","7":"category-bordeaux","8":"tag-actu","9":"tag-actualites","10":"tag-ball","11":"tag-basket","12":"tag-bordeaux","13":"tag-d","14":"tag-eu","15":"tag-europe","16":"tag-football","17":"tag-fr","18":"tag-france","19":"tag-handball","20":"tag-info","21":"tag-news","22":"tag-nouvelle-aquitaine","23":"tag-republique-francaise","24":"tag-rugby","25":"tag-sables","26":"tag-sport","27":"tag-volley"},"share_on_mastodon":{"url":"https:\/\/pubeurope.com\/@fr\/114667082647019139","error":""},"_links":{"self":[{"href":"https:\/\/www.europesays.com\/fr\/wp-json\/wp\/v2\/posts\/169295","targetHints":{"allow":["GET"]}}],"collection":[{"href":"https:\/\/www.europesays.com\/fr\/wp-json\/wp\/v2\/posts"}],"about":[{"href":"https:\/\/www.europesays.com\/fr\/wp-json\/wp\/v2\/types\/post"}],"author":[{"embeddable":true,"href":"https:\/\/www.europesays.com\/fr\/wp-json\/wp\/v2\/users\/2"}],"replies":[{"embeddable":true,"href":"https:\/\/www.europesays.com\/fr\/wp-json\/wp\/v2\/comments?post=169295"}],"version-history":[{"count":0,"href":"https:\/\/www.europesays.com\/fr\/wp-json\/wp\/v2\/posts\/169295\/revisions"}],"wp:featuredmedia":[{"embeddable":true,"href":"https:\/\/www.europesays.com\/fr\/wp-json\/wp\/v2\/media\/169296"}],"wp:attachment":[{"href":"https:\/\/www.europesays.com\/fr\/wp-json\/wp\/v2\/media?parent=169295"}],"wp:term":[{"taxonomy":"category","embeddable":true,"href":"https:\/\/www.europesays.com\/fr\/wp-json\/wp\/v2\/categories?post=169295"},{"taxonomy":"post_tag","embeddable":true,"href":"https:\/\/www.europesays.com\/fr\/wp-json\/wp\/v2\/tags?post=169295"}],"curies":[{"name":"wp","href":"https:\/\/api.w.org\/{rel}","templated":true}]}}