{"id":169303,"date":"2025-06-11T22:29:23","date_gmt":"2025-06-11T22:29:23","guid":{"rendered":"https:\/\/www.europesays.com\/fr\/169303\/"},"modified":"2025-06-11T22:29:23","modified_gmt":"2025-06-11T22:29:23","slug":"urbx-festival-la-mode-sinvite-sur-scene-avec-le-defile-esmod-roubaix","status":"publish","type":"post","link":"https:\/\/www.europesays.com\/fr\/169303\/","title":{"rendered":"URBX Festival : la mode s\u2019invite sur sc\u00e8ne avec le d\u00e9fil\u00e9 ESMOD Roubaix"},"content":{"rendered":"<p data-start=\"1361\" data-end=\"1778\">\u00c0 Roubaix, la cr\u00e9ativit\u00e9 s\u2019exprime sous toutes ses formes, et la mode y occupe une place de choix. Chaque ann\u00e9e, l\u2019\u00e9cole ESMOD Roubaix \u2014 r\u00e9f\u00e9rence internationale en stylisme et mod\u00e9lisme \u2014 d\u00e9voile les talents de sa nouvelle promotion lors d\u2019un grand d\u00e9fil\u00e9 ouvert au public. En 2025, ce rendez-vous incontournable investit la Salle Watremez le <strong data-start=\"1705\" data-end=\"1730\">jeudi 19 juin \u00e0 20h30<\/strong>, sous le signe de l\u2019audace et de l\u2019inclusivit\u00e9.<\/p>\n<p>53 talents, 53 visions de la mode<\/p>\n<p data-start=\"1819\" data-end=\"2156\">Ce sont <strong data-start=\"1827\" data-end=\"1846\">53 \u00e9tudiant\u00b7e\u00b7s<\/strong> de la promotion 2025 qui pr\u00e9senteront leurs <strong data-start=\"1891\" data-end=\"1917\">collections originales<\/strong>, r\u00e9sultat de plusieurs ann\u00e9es d\u2019apprentissage rigoureux, de recherches techniques et d\u2019exploration cr\u00e9ative. Les silhouettes qui d\u00e9fileront sont le reflet de la diversit\u00e9, du savoir-faire et de l\u2019imagination de ces jeunes cr\u00e9ateur\u00b7rice\u00b7s.<\/p>\n<p data-start=\"2158\" data-end=\"2391\">Entre v\u00eatements conceptuels, inspirations urbaines, d\u00e9tournements textiles et narrations vestimentaires, chaque collection est une signature, une prise de parole. Un v\u00e9ritable <strong data-start=\"2334\" data-end=\"2371\">hommage \u00e0 la libert\u00e9 d\u2019expression<\/strong> que permet la mode.<\/p>\n<p>Un parrain de renom : Pierre-Henri Stock<\/p>\n<p data-start=\"2439\" data-end=\"2751\">Cette \u00e9dition 2025 est parrain\u00e9e par <strong data-start=\"2476\" data-end=\"2498\">Pierre-Henri STOCK<\/strong>, dipl\u00f4m\u00e9 d\u2019ESMOD Roubaix et aujourd\u2019hui collaborateur de la prestigieuse <strong data-start=\"2572\" data-end=\"2600\">Maison COMME DES GAR\u00c7ONS<\/strong>. Son parcours incarne la r\u00e9ussite et l\u2019excellence \u00e0 la roubaisienne, et son soutien t\u00e9moigne de l\u2019importance de transmettre aux nouvelles g\u00e9n\u00e9rations.<\/p>\n<p>Un \u00e9v\u00e9nement inscrit dans le URBX Festival<\/p>\n<p data-start=\"2801\" data-end=\"3089\">Ce d\u00e9fil\u00e9 s\u2019inscrit dans la programmation du <strong data-start=\"2846\" data-end=\"2863\">URBX Festival<\/strong>, le festival international des cultures urbaines de Roubaix, qui se tiendra du 19 au 29 juin. Il vient illustrer \u00e0 merveille la place que la ville accorde aux expressions contemporaines, \u00e0 l\u2019innovation et \u00e0 la jeune cr\u00e9ation.<\/p>\n<p>Informations pratiques<\/p>\n<p data-start=\"3119\" data-end=\"3264\">\ud83d\udccd <strong data-start=\"3122\" data-end=\"3140\">Salle Watremez<\/strong> \u2013 9 rue de l\u2019Hospice, Roubaix<br data-start=\"3170\" data-end=\"3173\"\/>\ud83d\udd63 <strong data-start=\"3176\" data-end=\"3206\">Jeudi 19 juin 2025 \u00e0 20h30<\/strong><br data-start=\"3206\" data-end=\"3209\"\/>\ud83c\udf9f\ufe0f <strong data-start=\"3213\" data-end=\"3262\">Gratuit \u2013 R\u00e9servation obligatoire en physique<\/strong> :<\/p>\n<ul data-start=\"3266\" data-end=\"3481\">\n<li data-start=\"3266\" data-end=\"3329\">\n<p data-start=\"3268\" data-end=\"3329\">Accueil central de la <strong data-start=\"3290\" data-end=\"3311\">Mairie de Roubaix<\/strong>, 17 Grand\u2019Place<\/p>\n<\/li>\n<li data-start=\"3330\" data-end=\"3385\">\n<p data-start=\"3332\" data-end=\"3385\">Dates de retrait des places : <strong data-start=\"3362\" data-end=\"3383\">12, 13 et 17 juin<\/strong><\/p>\n<\/li>\n<li data-start=\"3386\" data-end=\"3481\">\n<p data-start=\"3388\" data-end=\"3481\">\ud83d\udcde Renseignements : 03 20 66 46 00<br data-start=\"3422\" data-end=\"3425\"\/>\ud83c\udf10 Plus d\u2019infos : <a class=\"\" href=\"https:\/\/www.esmod.com\" target=\"_new\" rel=\"noopener nofollow\" data-start=\"3443\" data-end=\"3481\">www.esmod.com<\/a><\/p>\n<\/li>\n<\/ul>\n<p class=\"title\">\ud83d\udc49 Plus d\u2019infos sur URBX 2025<\/p>\n<p data-start=\"179\" data-end=\"537\">Pour sa 4e \u00e9dition, <strong data-start=\"199\" data-end=\"216\">URBX Festival<\/strong> investit \u00e0 nouveau Roubaix et la m\u00e9tropole du 19 au 29 juin 2025, avec une programmation toujours plus ambitieuse. Pens\u00e9 comme un grand rendez-vous populaire et cr\u00e9atif, URBX met \u00e0 l\u2019honneur <strong data-start=\"408\" data-end=\"457\">cinq disciplines phares des cultures urbaines<\/strong> : la <strong data-start=\"463\" data-end=\"474\">musique<\/strong>, la <strong data-start=\"479\" data-end=\"488\">danse<\/strong>, la <strong data-start=\"493\" data-end=\"501\">mode<\/strong>, le <strong data-start=\"506\" data-end=\"520\">street art<\/strong> et le <strong data-start=\"527\" data-end=\"536\">sport<\/strong>.<\/p>\n<p data-start=\"539\" data-end=\"802\">En amont du festival, l\u2019ambiance monte d\u00e8s le <strong data-start=\"585\" data-end=\"595\">7 juin<\/strong> avec le retour du <strong data-start=\"614\" data-end=\"629\">Bus ta rime<\/strong>, studio mobile Il\u00e9via qui traverse les quartiers roubaisiens. Le m\u00eame jour, <strong data-start=\"706\" data-end=\"731\">La Condition Publique<\/strong> accueillera les s\u00e9lections r\u00e9gionales du <strong data-start=\"773\" data-end=\"801\">Tremplin Hip Hop Talents<\/strong>.<\/p>\n<p data-start=\"804\" data-end=\"948\">Le <strong data-start=\"807\" data-end=\"818\">19 juin<\/strong>, la soir\u00e9e d\u2019ouverture s\u2019annonce intense avec une <strong data-start=\"869\" data-end=\"899\">Carte blanche \u00e0 Heaven Sam<\/strong>, parrain 2025, toujours \u00e0 La Condition Publique.<\/p>\n<p data-start=\"950\" data-end=\"1293\">Au programme pendant dix jours :<br data-start=\"982\" data-end=\"985\"\/>\ud83c\udfb6 Concerts (Soso Maness, Naza, Heaven Sam, Alonzo, Nayra, Ocean Wisdom\u2026)<br data-start=\"1058\" data-end=\"1061\"\/>\ud83d\udd7a Spectacles et workshops de danse (Zarbaht, Dans la Rue la Danse, Pantsula\u2026)<br data-start=\"1139\" data-end=\"1142\"\/>\ud83c\udfa8 Street-art sur les murs et les toits de Roubaix<br data-start=\"1192\" data-end=\"1195\"\/>\ud83d\udc55 D\u00e9fil\u00e9 ESMOD, ateliers Anti_Fashion<br data-start=\"1233\" data-end=\"1236\"\/>\ud83c\udfae E-sport, cin\u00e9ma, expos, afters festifs et Block Party\u2026<\/p>\n<p data-start=\"1295\" data-end=\"1449\">\ud83d\udcc5 <strong data-start=\"1298\" data-end=\"1350\">\u00c0 ne pas manquer : le concert gratuit du 21 juin<\/strong>, jour de la F\u00eate de la musique, avec Soso Maness, Naza et Heaven Sam pour une ambiance survolt\u00e9e !<\/p>\n<p>Suivez les sur Instagram : <a href=\"https:\/\/www.instagram.com\/urbx_festival\" target=\"_blank\" rel=\"noopener nofollow\">@urbx_festival<\/a><\/p>\n<p>Abonnez-vous \u00e0 la Newsletter : <a href=\"https:\/\/www.urbxfestival.com\/\" target=\"_blank\" rel=\"noopener nofollow\">urbxfestival.com<\/a><\/p>\n<p><script async src=\"\/\/www.instagram.com\/embed.js\"><\/script><\/p>\n","protected":false},"excerpt":{"rendered":"\u00c0 Roubaix, la cr\u00e9ativit\u00e9 s\u2019exprime sous toutes ses formes, et la mode y occupe une place de choix.&hellip;\n","protected":false},"author":2,"featured_media":169304,"comment_status":"","ping_status":"","sticky":false,"template":"","format":"standard","meta":{"footnotes":""},"categories":[2815],"tags":[1111,11,251,16694,23276,1777,674,1011,27,811,1307,985,12,25,22085,30340],"class_list":{"0":"post-169303","1":"post","2":"type-post","3":"status-publish","4":"format-standard","5":"has-post-thumbnail","7":"category-lille","8":"tag-actu","9":"tag-actualites","10":"tag-culture","11":"tag-defile","12":"tag-esmod","13":"tag-eu","14":"tag-europe","15":"tag-fr","16":"tag-france","17":"tag-hauts-de-france","18":"tag-lille","19":"tag-mode","20":"tag-news","21":"tag-republique-francaise","22":"tag-urbx","23":"tag-watremez"},"share_on_mastodon":{"url":"https:\/\/pubeurope.com\/@fr\/114667098207844673","error":""},"_links":{"self":[{"href":"https:\/\/www.europesays.com\/fr\/wp-json\/wp\/v2\/posts\/169303","targetHints":{"allow":["GET"]}}],"collection":[{"href":"https:\/\/www.europesays.com\/fr\/wp-json\/wp\/v2\/posts"}],"about":[{"href":"https:\/\/www.europesays.com\/fr\/wp-json\/wp\/v2\/types\/post"}],"author":[{"embeddable":true,"href":"https:\/\/www.europesays.com\/fr\/wp-json\/wp\/v2\/users\/2"}],"replies":[{"embeddable":true,"href":"https:\/\/www.europesays.com\/fr\/wp-json\/wp\/v2\/comments?post=169303"}],"version-history":[{"count":0,"href":"https:\/\/www.europesays.com\/fr\/wp-json\/wp\/v2\/posts\/169303\/revisions"}],"wp:featuredmedia":[{"embeddable":true,"href":"https:\/\/www.europesays.com\/fr\/wp-json\/wp\/v2\/media\/169304"}],"wp:attachment":[{"href":"https:\/\/www.europesays.com\/fr\/wp-json\/wp\/v2\/media?parent=169303"}],"wp:term":[{"taxonomy":"category","embeddable":true,"href":"https:\/\/www.europesays.com\/fr\/wp-json\/wp\/v2\/categories?post=169303"},{"taxonomy":"post_tag","embeddable":true,"href":"https:\/\/www.europesays.com\/fr\/wp-json\/wp\/v2\/tags?post=169303"}],"curies":[{"name":"wp","href":"https:\/\/api.w.org\/{rel}","templated":true}]}}