{"id":169307,"date":"2025-06-11T22:31:10","date_gmt":"2025-06-11T22:31:10","guid":{"rendered":"https:\/\/www.europesays.com\/fr\/169307\/"},"modified":"2025-06-11T22:31:10","modified_gmt":"2025-06-11T22:31:10","slug":"cette-mission-a-brise-lindifference-lance-baptise-andre-de-retour-a-marseille-2","status":"publish","type":"post","link":"https:\/\/www.europesays.com\/fr\/169307\/","title":{"rendered":"\u00ab\u00a0Cette mission a bris\u00e9 l&rsquo;indiff\u00e9rence\u00a0\u00bb, lance Baptise Andr\u00e9, de retour \u00e0 Marseille"},"content":{"rendered":"<p>\u00ab\u00a0Hier, j&rsquo;\u00e9tais en prison.\u00a0\u00bb Sur le quai de la gare Saint-Charles, une \u00ab\u00a0\u00e9motion contrast\u00e9e\u00a0\u00bb saisit Baptiste Andr\u00e9 pour son retour \u00e0 Marseille. C&rsquo;est d&rsquo;abord un \u00ab\u00a0soulagement d&rsquo;\u00eatre dans (sa) ville\u00a0\u00bb et \u00ab\u00a0une grande joie\u00a0\u00bb que d\u00e9crit l&rsquo;ancien <a href=\"https:\/\/www.laprovence.com\/article\/region\/9449572429830714\/une-ville-mobilisee-pour-gaza-la-flottille-de-la-liberte-et-les-deux-marseillais-a-bord\" target=\"_blank\" rel=\"noopener\">m\u00e9decin de bord du Madleen<\/a> aux centaines de militants venus l&rsquo;accueillir et le c\u00e9l\u00e9brer, en ce d\u00e9but de soir\u00e9e de ce mercredi 11 juin. Un bonheur imm\u00e9diatement teint\u00e9 d'\u00a0\u00bbinqui\u00e9tude\u00a0\u00bb pour ses huit compagnons d&rsquo;\u00e9quipage toujours d\u00e9tenus par les autorit\u00e9s isra\u00e9liennes.<\/p>\n<p>\u00ab\u00a0L&rsquo;important ce n&rsquo;est ni moi, ni m\u00eame la flottille, reprend-il devant une foule qui exulte. Mais bien le sort du peuple de Gaza, condamn\u00e9 \u00e0 la faim et aux massacres dans un territoire assi\u00e9g\u00e9 et priv\u00e9 de tout.\u00a0\u00bb<\/p>\n","protected":false},"excerpt":{"rendered":"\u00ab\u00a0Hier, j&rsquo;\u00e9tais en prison.\u00a0\u00bb Sur le quai de la gare Saint-Charles, une \u00ab\u00a0\u00e9motion contrast\u00e9e\u00a0\u00bb saisit Baptiste Andr\u00e9 pour&hellip;\n","protected":false},"author":2,"featured_media":169191,"comment_status":"","ping_status":"","sticky":false,"template":"","format":"standard","meta":{"footnotes":""},"categories":[2814],"tags":[17,1111,11,5160,3477,1777,674,1011,27,665,884,1996,30341,12,471,882,16,25,7530],"class_list":{"0":"post-169307","1":"post","2":"type-post","3":"status-publish","4":"format-standard","5":"has-post-thumbnail","7":"category-marseille","8":"tag-17","9":"tag-actu","10":"tag-actualites","11":"tag-bateau","12":"tag-cette","13":"tag-eu","14":"tag-europe","15":"tag-fr","16":"tag-france","17":"tag-gaza","18":"tag-marseille","19":"tag-mission","20":"tag-na-pas","21":"tag-news","22":"tag-pour","23":"tag-provence-alpes-cote-dazur","24":"tag-region","25":"tag-republique-francaise","26":"tag-reussi"},"share_on_mastodon":{"url":"https:\/\/pubeurope.com\/@fr\/114667106024812188","error":""},"_links":{"self":[{"href":"https:\/\/www.europesays.com\/fr\/wp-json\/wp\/v2\/posts\/169307","targetHints":{"allow":["GET"]}}],"collection":[{"href":"https:\/\/www.europesays.com\/fr\/wp-json\/wp\/v2\/posts"}],"about":[{"href":"https:\/\/www.europesays.com\/fr\/wp-json\/wp\/v2\/types\/post"}],"author":[{"embeddable":true,"href":"https:\/\/www.europesays.com\/fr\/wp-json\/wp\/v2\/users\/2"}],"replies":[{"embeddable":true,"href":"https:\/\/www.europesays.com\/fr\/wp-json\/wp\/v2\/comments?post=169307"}],"version-history":[{"count":0,"href":"https:\/\/www.europesays.com\/fr\/wp-json\/wp\/v2\/posts\/169307\/revisions"}],"wp:featuredmedia":[{"embeddable":true,"href":"https:\/\/www.europesays.com\/fr\/wp-json\/wp\/v2\/media\/169191"}],"wp:attachment":[{"href":"https:\/\/www.europesays.com\/fr\/wp-json\/wp\/v2\/media?parent=169307"}],"wp:term":[{"taxonomy":"category","embeddable":true,"href":"https:\/\/www.europesays.com\/fr\/wp-json\/wp\/v2\/categories?post=169307"},{"taxonomy":"post_tag","embeddable":true,"href":"https:\/\/www.europesays.com\/fr\/wp-json\/wp\/v2\/tags?post=169307"}],"curies":[{"name":"wp","href":"https:\/\/api.w.org\/{rel}","templated":true}]}}