{"id":169310,"date":"2025-06-11T22:33:13","date_gmt":"2025-06-11T22:33:13","guid":{"rendered":"https:\/\/www.europesays.com\/fr\/169310\/"},"modified":"2025-06-11T22:33:13","modified_gmt":"2025-06-11T22:33:13","slug":"veronique-sarselli-rappelle-que-la-priorite-cest-un-metro-qui-fonctionne","status":"publish","type":"post","link":"https:\/\/www.europesays.com\/fr\/169310\/","title":{"rendered":"V\u00e9ronique Sarselli rappelle que \u00ab\u00a0la priorit\u00e9, c\u2019est un m\u00e9tro qui fonctionne\u00a0\u00bb"},"content":{"rendered":"<p itemprop=\"description\"><strong>Dans un communiqu\u00e9 ce mercredi 11 juin, la candidate LR \u00e0 la pr\u00e9sidence de la M\u00e9tropole de Lyon juge la proposition de gratuit\u00e9 des transports pour les m\u00e9nages lyonnais gagnant moins de 2 500 \u20ac \u00ab\u00a0r\u00e9fl\u00e9chissable\u00a0\u00bb, mais insiste :\u00a0\u00bbil ne faut pas se tromper de combat, car la priorit\u00e9 c\u2019est un m\u00e9tro qui fonctionne correctement dans des conditions de s\u00e9curit\u00e9 pour les usagers.\u00a0\u00bb<\/strong><\/p>\n<p>Alors que Jean-Michel Aulas a r\u00e9cemment relanc\u00e9 le d\u00e9bat de la gratuit\u00e9 des TCL avec un tweet remarqu\u00e9 \u00e9voquant les \u00ab\u00a0bilans aux co\u00fbts introuvables\u00a0\u00bb et les \u00ab\u00a0pertes financi\u00e8res li\u00e9es \u00e0 la fraude\u00a0\u00bb \u2014 V\u00e9ronique Sarselli entre \u00e0 son tour dans l\u2019ar\u00e8ne.\u00a0<\/p>\n<p>Elle estime que \u00ab\u00a0la priorit\u00e9 imm\u00e9diate, c\u2019est de garantir la libert\u00e9 de circuler pour les Grands Lyonnais\u00a0\u00bb. Alertant sur un \u00ab\u00a0sentiment d\u2019ins\u00e9curit\u00e9 croissant, notamment chez les femmes\u00a0\u00bb, elle met en cause l\u2019\u00e9cart entre les chiffres officiels et le terrain : \u00ab\u00a0Quand \u00e7a tombe sur vous, c\u2019est du 100 % pour les personnes concern\u00e9es par des agressions.\u00a0\u00bb<\/p>\n<p>La candidate pointe \u00ab\u00a0pannes \u00e0 r\u00e9p\u00e9tition, escalators hors service, saturation des lignes, incidents fr\u00e9quents, fr\u00e9quence en baisse\u00a0\u00bb, autant de dysfonctionnements qui, selon elle, \u00ab\u00a0ne sont pas \u00e0 la hauteur d\u2019un r\u00e9seau de grande m\u00e9tropole fran\u00e7aise\u00a0\u00bb. <\/p>\n<p>Face \u00e0 ces d\u00e9faillances, Sarselli juge que l\u2019enjeu principal reste la fiabilit\u00e9 quotidienne plut\u00f4t qu\u2019une gratuit\u00e9 partielle.<\/p>\n<p>Sans fermer la porte au d\u00e9bat sur la gratuit\u00e9, l\u2019\u00e9lue LR \u00ab\u00a0appelle \u00e0 une approche rigoureuse et responsable de la mobilit\u00e9.\u00a0\u00bb <\/p>\n<p>Elle assure que \u00ab\u00a0des groupes de travail sont d\u00e9j\u00e0 \u00e0 l\u2019\u0153uvre pour b\u00e2tir les axes de son programme, avec une r\u00e9flexion engag\u00e9e sur un plan de d\u00e9placements structurant, performant et soutenable financi\u00e8rement.\u00a0\u00bb<\/p>\n","protected":false},"excerpt":{"rendered":"Dans un communiqu\u00e9 ce mercredi 11 juin, la candidate LR \u00e0 la pr\u00e9sidence de la M\u00e9tropole de Lyon&hellip;\n","protected":false},"author":2,"featured_media":169311,"comment_status":"","ping_status":"","sticky":false,"template":"","format":"standard","meta":{"footnotes":""},"categories":[1889],"tags":[1111,11,2813,2190,2430,1109,251,1112,2811,1777,674,118,1011,27,1922,1110,1114,2428,2810,12,241,316,25,2812,517,800],"class_list":{"0":"post-169310","1":"post","2":"type-post","3":"status-publish","4":"format-standard","5":"has-post-thumbnail","7":"category-lyon","8":"tag-actu","9":"tag-actualites","10":"tag-article","11":"tag-asvel","12":"tag-auvergne-rhone-alpes","13":"tag-breves","14":"tag-culture","15":"tag-depeches","16":"tag-economique","17":"tag-eu","18":"tag-europe","19":"tag-faits-divers","20":"tag-fr","21":"tag-france","22":"tag-info","23":"tag-informations","24":"tag-infos","25":"tag-lyon","26":"tag-lyonmag","27":"tag-news","28":"tag-ol","29":"tag-politique","30":"tag-republique-francaise","31":"tag-sociale","32":"tag-sport","33":"tag-transports"},"share_on_mastodon":{"url":"https:\/\/pubeurope.com\/@fr\/114667113901583309","error":""},"_links":{"self":[{"href":"https:\/\/www.europesays.com\/fr\/wp-json\/wp\/v2\/posts\/169310","targetHints":{"allow":["GET"]}}],"collection":[{"href":"https:\/\/www.europesays.com\/fr\/wp-json\/wp\/v2\/posts"}],"about":[{"href":"https:\/\/www.europesays.com\/fr\/wp-json\/wp\/v2\/types\/post"}],"author":[{"embeddable":true,"href":"https:\/\/www.europesays.com\/fr\/wp-json\/wp\/v2\/users\/2"}],"replies":[{"embeddable":true,"href":"https:\/\/www.europesays.com\/fr\/wp-json\/wp\/v2\/comments?post=169310"}],"version-history":[{"count":0,"href":"https:\/\/www.europesays.com\/fr\/wp-json\/wp\/v2\/posts\/169310\/revisions"}],"wp:featuredmedia":[{"embeddable":true,"href":"https:\/\/www.europesays.com\/fr\/wp-json\/wp\/v2\/media\/169311"}],"wp:attachment":[{"href":"https:\/\/www.europesays.com\/fr\/wp-json\/wp\/v2\/media?parent=169310"}],"wp:term":[{"taxonomy":"category","embeddable":true,"href":"https:\/\/www.europesays.com\/fr\/wp-json\/wp\/v2\/categories?post=169310"},{"taxonomy":"post_tag","embeddable":true,"href":"https:\/\/www.europesays.com\/fr\/wp-json\/wp\/v2\/tags?post=169310"}],"curies":[{"name":"wp","href":"https:\/\/api.w.org\/{rel}","templated":true}]}}