{"id":169322,"date":"2025-06-11T22:40:31","date_gmt":"2025-06-11T22:40:31","guid":{"rendered":"https:\/\/www.europesays.com\/fr\/169322\/"},"modified":"2025-06-11T22:40:31","modified_gmt":"2025-06-11T22:40:31","slug":"ils-sont-super-confortables-paris-se-dote-de-mini-bancs-davioud-reserves-aux-enfants","status":"publish","type":"post","link":"https:\/\/www.europesays.com\/fr\/169322\/","title":{"rendered":"\u00ab\u00a0Ils sont super confortables\u00a0\u00bb\u00a0: Paris\u00a0se dote de mini-bancs Davioud, r\u00e9serv\u00e9s aux enfants"},"content":{"rendered":"<p class=\"paragraph text_align_left\">\u00ab C\u2019est cool d\u2019avoir des bancs \u00e0 disposition pour tout le monde ! Ils sont super confortables et on va pouvoir s\u2019assoir dessus si on est fatigu\u00e9s \u00bb, s\u2019exclame une jeune fille, s\u2019installant sur le banc vert sapin avec ses camarades.<\/p>\n<p class=\"paragraph text_align_left\">Ces \u00e9l\u00e8ves de primaire sont venus tester les deux bancs qui venaient tout juste d\u2019\u00eatre fix\u00e9s devant leur \u00e9cole, ce mercredi. Des <a href=\"https:\/\/www.leparisien.fr\/paris-75\/paris-le-banc-davioud-convoite-par-les-amoureux-de-paris-retire-de-la-vente-aux-encheres-18-05-2021-ESO2OOFYORH7RLAY2IILW23UEY.php\" target=\"_self\" rel=\"nofollow noopener\">bancs Davioud, typiques de Paris<\/a>, mais un peu particuliers, car \u00e0 hauteur d\u2019enfant.<\/p>\n<p class=\"paragraph text_align_left\">Ce sont les premiers du genre de la capitale. Ils ont donc vu le jour rue Pierre-Foncin, dans le XXe de Paris, en face de l\u2019\u00e9cole \u00e9l\u00e9mentaire. Ancien parking \u00e0 ciel ouvert, cette rue \u00e9tait la premi\u00e8re <a href=\"https:\/\/www.leparisien.fr\/paris-75\/pistes-cyclables-30-kmh-rues-aux-ecoles-paris-elue-meilleure-ville-europeenne-pour-la-mobilite-des-enfants-16-05-2025-KLGQAKBZM5GVPA3IYDLNK2JKKM.php\" target=\"_self\" rel=\"nofollow noopener\">rue aux \u00e9coles<\/a> de l\u2019arrondissement. D\u00e9sormais, elle est la premi\u00e8re rue de Paris dot\u00e9e d\u2019un<a href=\"https:\/\/www.leparisien.fr\/paris-75\/a-paris-bientot-de-nouveaux-bancs-davioud-miniatures-a-destination-des-enfants-22-09-2024-UHWZSBYTEJATRIEK5OW5BUA2H4.php\" target=\"_self\" rel=\"nofollow noopener\"> mobilier urbain destin\u00e9 aux enfants<\/a>.<\/p>\n<p class=\"paragraph text_align_left\">\u00ab On aurait pu le concevoir avec un autre design. Mais gr\u00e2ce \u00e0 ces bancs, les enfants peuvent s\u2019approprier le design historique parisien \u00bb, appr\u00e9cie Jean-Christophe Choblet, concepteur de ce nouveau mobilier urbain.<\/p>\n<p class=\"paragraph text_align_left\">Le prototype du banc avait \u00e9t\u00e9 con\u00e7u en septembre. Celui-ci est le mod\u00e8le miniature du banc <a href=\"https:\/\/www.leparisien.fr\/paris-75\/patrimoine-qui-est-gabriel-davioud-larchitecte-haussmannien-remis-sur-le-devant-de-la-scene-par-saccageparis-08-02-2022-S7CDJUUXYNANJAPKENK26G2F7I.php\" target=\"_self\" rel=\"nofollow noopener\">Davioud,<\/a> mythique \u00e0 Paris, avec ses deux pieds en fonte, ses deux lattes vert sapin formant l\u2019assise et son dossier constitu\u00e9 d\u2019une latte. Ce mini-banc est principalement destin\u00e9 aux enfants \u00e2g\u00e9s entre 5 et 10 ans, leur permettant notamment de s\u2019assoir sans risque de basculer en arri\u00e8re.<\/p>\n<p>\u00ab C\u2019est le symbole d\u2019une ville qui s\u2019adapte aux enfants \u00bb<\/p>\n<p class=\"paragraph text_align_left\">C\u2019est dans une dynamique large que Thomas Chevandier, adjoint \u00e0 la maire de Paris en charge des constructions publiques, situe l\u2019aboutissement de ce projet urbain : \u00ab Ce banc s\u2019inscrit dans un mouvement d\u2019ensemble d\u2019une reconqu\u00eate de l\u2019espace public. C\u2019est le symbole d\u2019une ville qui s\u2019adapte aux enfants, pour qu\u2019ils puissent se regrouper et se reposer. \u00bb<\/p>\n<p class=\"paragraph text_align_left\">Ce banc miniature marque la volont\u00e9 d\u2019offrir de l\u2019espace aux plus petits. Le maire (PS) du XXe, \u00c9ric Pliez, ne cache pas son enthousiasme : \u00ab Je suis fier de sceller ce banc dans l\u2019une des premi\u00e8res rues apais\u00e9es du quartier. Am\u00e9nager la ville pour les enfants va permettre de mieux vivre dans des espaces partag\u00e9s. \u00bb<\/p>\n<p class=\"paragraph text_align_left\">\u00ab Je n\u2019ai pas encore vu le banc, confie le p\u00e8re d\u2019un enfant en bas \u00e2ge dans le square Emmanuel-Fleury, \u00e0 quelques pas de la rue Pierre-Foncin, mais je trouve \u00e7a bien surtout que cela fait sens devant une \u00e9cole. \u00bb<\/p>\n<p>Des bancs miniatures dans les rues aux \u00e9coles<\/p>\n<p class=\"paragraph text_align_left\">Le mini-banc Davioud traduit \u00e9galement la volont\u00e9 de s\u00e9curiser l\u2019espace urbain : \u00ab On vient marquer le basculement entre une rue exclusivement d\u00e9di\u00e9e aux voitures \u00e0 une <a href=\"https:\/\/www.leparisien.fr\/paris-75\/rues-aux-ecoles-a-paris-75-des-etablissements-les-plus-pollues-nont-pas-encore-ete-amenages-09-03-2024-UDZV436ZBNDADJC7PBD6FUNQFM.php\" target=\"_self\" rel=\"nofollow noopener\">rue d\u00e9di\u00e9e aux enfants <\/a>qui sont moins expos\u00e9s \u00e0 la pollution, aux bruits et aux v\u00e9hicules \u00bb, affirme Thomas Chevandier.<\/p>\n<p class=\"paragraph text_align_left\">Ce nouveau mobilier urbain est pour l\u2019instant destin\u00e9 aux rues des \u00e9coles, qui sont au nombre de 300 dans Paris. Il est pr\u00e9vu ensuite d\u2019en installer dans les <a href=\"https:\/\/www.leparisien.fr\/paris-75\/isolation-accessibilite-cours-oasis-paris-veut-renover-toutes-ses-ecoles-et-creches-dici-a-2050-25-04-2024-BDX5BTHYWJFHVGVTPYZBDXAWKI.php\" target=\"_self\" rel=\"nofollow noopener\">cours de r\u00e9cr\u00e9ation \u00ab oasis \u00bb<\/a>, \u00ab puis \u00e0 terme dans toutes les rues pi\u00e9tonnes \u00bb, avance Thomas Chevandier.<\/p>\n<p class=\"paragraph text_align_left\">D\u2019apr\u00e8s Michel Roger, d\u00e9l\u00e9gu\u00e9 au maire du XXe en charge de la voirie, le prochain \u00e9quipement de bancs miniatures sera install\u00e9 rue Bretonneau (XXe).<\/p>\n","protected":false},"excerpt":{"rendered":"\u00ab C\u2019est cool d\u2019avoir des bancs \u00e0 disposition pour tout le monde ! Ils sont super confortables et&hellip;\n","protected":false},"author":2,"featured_media":169323,"comment_status":"","ping_status":"","sticky":false,"template":"","format":"standard","meta":{"footnotes":""},"categories":[1888],"tags":[11,1777,674,1011,27,1944,12,626,25],"class_list":{"0":"post-169322","1":"post","2":"type-post","3":"status-publish","4":"format-standard","5":"has-post-thumbnail","7":"category-paris","8":"tag-actualites","9":"tag-eu","10":"tag-europe","11":"tag-fr","12":"tag-france","13":"tag-ma-ville","14":"tag-news","15":"tag-paris","16":"tag-republique-francaise"},"share_on_mastodon":{"url":"https:\/\/pubeurope.com\/@fr\/114667142471265735","error":""},"_links":{"self":[{"href":"https:\/\/www.europesays.com\/fr\/wp-json\/wp\/v2\/posts\/169322","targetHints":{"allow":["GET"]}}],"collection":[{"href":"https:\/\/www.europesays.com\/fr\/wp-json\/wp\/v2\/posts"}],"about":[{"href":"https:\/\/www.europesays.com\/fr\/wp-json\/wp\/v2\/types\/post"}],"author":[{"embeddable":true,"href":"https:\/\/www.europesays.com\/fr\/wp-json\/wp\/v2\/users\/2"}],"replies":[{"embeddable":true,"href":"https:\/\/www.europesays.com\/fr\/wp-json\/wp\/v2\/comments?post=169322"}],"version-history":[{"count":0,"href":"https:\/\/www.europesays.com\/fr\/wp-json\/wp\/v2\/posts\/169322\/revisions"}],"wp:featuredmedia":[{"embeddable":true,"href":"https:\/\/www.europesays.com\/fr\/wp-json\/wp\/v2\/media\/169323"}],"wp:attachment":[{"href":"https:\/\/www.europesays.com\/fr\/wp-json\/wp\/v2\/media?parent=169322"}],"wp:term":[{"taxonomy":"category","embeddable":true,"href":"https:\/\/www.europesays.com\/fr\/wp-json\/wp\/v2\/categories?post=169322"},{"taxonomy":"post_tag","embeddable":true,"href":"https:\/\/www.europesays.com\/fr\/wp-json\/wp\/v2\/tags?post=169322"}],"curies":[{"name":"wp","href":"https:\/\/api.w.org\/{rel}","templated":true}]}}