{"id":169324,"date":"2025-06-11T22:41:16","date_gmt":"2025-06-11T22:41:16","guid":{"rendered":"https:\/\/www.europesays.com\/fr\/169324\/"},"modified":"2025-06-11T22:41:16","modified_gmt":"2025-06-11T22:41:16","slug":"non-ces-images-ne-montrent-pas-les-preparatifs-dune-recente-riposte-russe-mais-dun-defile-militaire-en-2024","status":"publish","type":"post","link":"https:\/\/www.europesays.com\/fr\/169324\/","title":{"rendered":"Non, ces images ne montrent pas les pr\u00e9paratifs d&rsquo;une r\u00e9cente riposte russe mais d&rsquo;un d\u00e9fil\u00e9 militaire en 2024"},"content":{"rendered":"<p>Depuis l&rsquo;invasion de l&rsquo;Ukraine par la Russie en 2022, de nombreuses affirmations fausses ou trompeuses circulent sur les r\u00e9seaux sociaux au sujet de ce conflit. Des internautes ont ainsi relay\u00e9 r\u00e9cemment la vid\u00e9o d&rsquo;un convoi de v\u00e9hicules militaires, en laissant entendre qu&rsquo;elle montrait la pr\u00e9paration en cours d&rsquo;une offensive russe. Mais ces images ont \u00e9t\u00e9 sorties de leur contexte: elles datent de 2024 et montrent en r\u00e9alit\u00e9 les pr\u00e9paratifs d&rsquo;un d\u00e9fil\u00e9 militaire pour c\u00e9l\u00e9brer la victoire sovi\u00e9tique face \u00e0 l&rsquo;Allemagne nazie.<\/p>\n<p>\u00ab\u00a0Les Etats-Unis ont averti leurs &lsquo;alli\u00e9s&rsquo; europ\u00e9ens que la Russie pr\u00e9parait une &lsquo;r\u00e9ponse disproportionn\u00e9e&rsquo; \u00e0 l&rsquo;attaque contre des bases a\u00e9riennes\u00a0\u00bb, affirme un internaute dans une publication post\u00e9e le 2 juin 2025 sur <a href=\"https:\/\/mvau.lt\/media\/e888ff30-ff38-40cc-bbf8-36f12c0b4467\" rel=\"nofollow noopener\" target=\"_blank\" data-ylk=\"slk:X;elm:context_link;itc:0;sec:content-canvas\" class=\"link \">X<\/a> et relay\u00e9e depuis par des centaines d&rsquo;autres utilisateurs.<\/p>\n<p>La publication est accompagn\u00e9e d&rsquo;une vid\u00e9o de 45 secondes o\u00f9 l&rsquo;on voit plusieurs v\u00e9hicules semblant transporter des missiles de nuit. Certains sont orn\u00e9s d&rsquo;un drapeau russe. L&rsquo;une des s\u00e9quences montre \u00e9galement un homme, v\u00eatu d&rsquo;habits militaires et d&rsquo;une chapka, inspecter l&rsquo;un de ces v\u00e9hicules, lampe de poche \u00e0 la main.<\/p>\n<p>Des images que relaie \u00e9galement cet autre utilisateur de <a href=\"https:\/\/mvau.lt\/media\/12c1e98a-145c-44f6-bf4e-342be5dcce72\" rel=\"nofollow noopener\" target=\"_blank\" data-ylk=\"slk:X;elm:context_link;itc:0;sec:content-canvas\" class=\"link \">X<\/a>\u00a0qui indique : \u00ab\u00a0Poutine a ordonn\u00e9 au Commandement des missiles strat\u00e9giques de pr\u00e9parer des missiles Oreshnik&#8230; Tous ces irresponsables qui ont encourag\u00e9 cette guerre en Ukraine, d&rsquo;une mani\u00e8re ou d&rsquo;une autre, vont s&rsquo;en mordre les doigts. Ils sont inconscients\u00a0\u00bb.<\/p>\n<p>La vid\u00e9o, accompagn\u00e9e d&rsquo;all\u00e9gations similaires, a aussi circul\u00e9 sur <a href=\"https:\/\/mvau.lt\/media\/2f2bb30e-ceef-4545-a1cb-c0f9b8a497df\" rel=\"nofollow noopener\" target=\"_blank\" data-ylk=\"slk:Facebook;elm:context_link;itc:0;sec:content-canvas\" class=\"link \">Facebook<\/a> ainsi qu&rsquo;en <a href=\"https:\/\/perma.cc\/7AED-S29G\" rel=\"nofollow noopener\" target=\"_blank\" data-ylk=\"slk:espagnol;elm:context_link;itc:0;sec:content-canvas\" class=\"link \">espagnol<\/a>.<\/p>\n<p>Mais ces images n&rsquo;ont pas \u00e9t\u00e9 tourn\u00e9es r\u00e9cemment: elles datent de 2024 et montrent les pr\u00e9paratifs d&rsquo;un d\u00e9fil\u00e9 militaire.<\/p>\n<p><img class=\"caas-img caas-lazy has-preview\" alt=\"&lt;span&gt;Capture d'\u00e9cran d'une publication X, r\u00e9alis\u00e9e le 11\/06\/2025; Croix rouge ajout\u00e9e par l'AFP.&lt;\/span&gt;\" data-src=\"https:\/\/www.europesays.com\/fr\/wp-content\/uploads\/2025\/06\/559a230e452e2c92947ceb45f0e2aed0.jpeg\"\/><\/p>\n<p>Capture d&rsquo;\u00e9cran d&rsquo;une publication X, r\u00e9alis\u00e9e le 11\/06\/2025; Croix rouge ajout\u00e9e par l&rsquo;AFP.<\/p>\n<p>Ce n&rsquo;est pas la premi\u00e8re fois que ces images sont d\u00e9tourn\u00e9es de leur contexte. En mai 2024, l&rsquo;\u00e9quipe anglophone de l&rsquo;AFP s&rsquo;\u00e9tait d\u00e9j\u00e0 pench\u00e9e sur ces m\u00eames images dans\u00a0<a href=\"https:\/\/factcheck.afp.com\/doc.afp.com.34TF32A\" rel=\"nofollow noopener\" target=\"_blank\" data-ylk=\"slk:cet article de v\u00e9rification;elm:context_link;itc:0;sec:content-canvas\" class=\"link \">cet article de v\u00e9rification<\/a>.<\/p>\n<p>Les pr\u00e9paratifs d&rsquo;un d\u00e9fil\u00e9 militaire<\/p>\n<p><a href=\"https:\/\/www.youtube.com\/watch?v=WLEvLB5KYNI&amp;t=19s\" rel=\"nofollow noopener\" target=\"_blank\" data-ylk=\"slk:Une recherche d&#039;image invers\u00e9e;elm:context_link;itc:0;sec:content-canvas\" class=\"link \">Une recherche d&rsquo;image invers\u00e9e<\/a> \u00e0 partir de captures d&rsquo;\u00e9cran issues de la vid\u00e9o nous a permis de constater que cette m\u00eame vid\u00e9o avait \u00e9t\u00e9 diffus\u00e9e par le minist\u00e8re russe de la D\u00e9fense sur sa cha\u00eene <a href=\"https:\/\/t.me\/mod_russia\/36076\" rel=\"nofollow noopener\" target=\"_blank\" data-ylk=\"slk:Telegram;elm:context_link;itc:0;sec:content-canvas\" class=\"link \">Telegram<\/a>, le 27 f\u00e9vrier 2024, comme le montrent les comparaisons suivantes (lien archiv\u00e9 <a href=\"https:\/\/perma.cc\/ED3Z-8B9J\" rel=\"nofollow noopener\" target=\"_blank\" data-ylk=\"slk:ici;elm:context_link;itc:0;sec:content-canvas\" class=\"link \">ici<\/a>).<\/p>\n<p><img class=\"caas-img caas-lazy has-preview\" alt=\"&lt;span&gt;Comparaison entre les images devenues r\u00e9cemment virales sur les r\u00e9seaux sociaux (\u00e0 gauche) et celles diffus\u00e9es en f\u00e9vrier 2024 par le minist\u00e8re russe de la D\u00e9fense (\u00e0 droite). Encadr\u00e9s color\u00e9s ajout\u00e9s par l'AFP.&lt;\/span&gt;\" data-src=\"https:\/\/www.europesays.com\/fr\/wp-content\/uploads\/2025\/06\/ecd14e5397f8ecc3ff4df92b2a005259.jpeg\"\/><\/p>\n<p>Comparaison entre les images devenues r\u00e9cemment virales sur les r\u00e9seaux sociaux (\u00e0 gauche) et celles diffus\u00e9es en f\u00e9vrier 2024 par le minist\u00e8re russe de la D\u00e9fense (\u00e0 droite). Encadr\u00e9s color\u00e9s ajout\u00e9s par l&rsquo;AFP.<\/p>\n<p><img class=\"caas-img caas-lazy has-preview\" alt=\"&lt;span&gt;Comparaison entre les images devenues r\u00e9cemment virales sur les r\u00e9seaux sociaux (\u00e0 gauche) et celles diffus\u00e9es en f\u00e9vrier 2024 par le minist\u00e8re russe de la D\u00e9fense (\u00e0 droite). Les encadr\u00e9s color\u00e9s ont \u00e9t\u00e9 ajout\u00e9s par l'AFP.&lt;\/span&gt;\" data-src=\"https:\/\/www.europesays.com\/fr\/wp-content\/uploads\/2025\/06\/05d66ffbc02de4bdb318b547cabf7d4a.jpeg\"\/><\/p>\n<p>Comparaison entre les images devenues r\u00e9cemment virales sur les r\u00e9seaux sociaux (\u00e0 gauche) et celles diffus\u00e9es en f\u00e9vrier 2024 par le minist\u00e8re russe de la D\u00e9fense (\u00e0 droite). Les encadr\u00e9s color\u00e9s ont \u00e9t\u00e9 ajout\u00e9s par l&rsquo;AFP.<\/p>\n<p>Dans son message accompagnant ces images, le minist\u00e8re russe de la D\u00e9fense indique : \u00ab\u00a0Des unit\u00e9s de lancement du syst\u00e8me mobile de missiles terrestres Yars sont arriv\u00e9es \u00e0 Alabino, pr\u00e8s de Moscou, pour se pr\u00e9parer \u00e0 la parade militaire sur la Place Rouge\u00a0\u00bb. Le texte pr\u00e9cise \u00e9galement que le convoi a suivi un \u00ab\u00a0itin\u00e9raire de 400 kilom\u00e8tres\u00a0\u00bb et que \u00ab\u00a0tout au long du trajet, les m\u00e9caniciens-chauffeurs des trois lanceurs autonomes se sont arr\u00eat\u00e9s pour effectuer des inspections de routine et de contr\u00f4le de l&rsquo;\u00e9quipement de grande taille\u00a0\u00bb.<\/p>\n<p>Ce d\u00e9placement de mat\u00e9riel a aussi \u00e9t\u00e9 rapport\u00e9, le 27 f\u00e9vrier 2024, par plusieurs m\u00e9dias russes comme la cha\u00eene de t\u00e9l\u00e9vision\u00a0<a href=\"https:\/\/vmeste-rf.tv\/news\/rossiyskie-voennye-nachali-podgotovku-k-paradu-pobedy-na-krasnoy-ploshchadi\/\" rel=\"nofollow noopener\" target=\"_blank\" data-ylk=\"slk:Vmeste-RF;elm:context_link;itc:0;sec:content-canvas\" class=\"link \">Vmeste-RF<\/a> et les agences de presse russes\u00a0<a href=\"https:\/\/tass.com\/defense\/1751985\" rel=\"nofollow noopener\" target=\"_blank\" data-ylk=\"slk:TASS;elm:context_link;itc:0;sec:content-canvas\" class=\"link \">TASS<\/a> et <a href=\"https:\/\/ria.ru\/20240227\/yars-1929672436.html\" rel=\"nofollow noopener\" target=\"_blank\" data-ylk=\"slk:Ria Novosti;elm:context_link;itc:0;sec:content-canvas\" class=\"link \">Ria Novosti<\/a> (liens archiv\u00e9s <a href=\"https:\/\/web.archive.org\/web\/20250512143656\/https:\/\/vmeste-rf.tv\/news\/rossiyskie-voennye-nachali-podgotovku-k-paradu-pobedy-na-krasnoy-ploshchadi\/\" rel=\"nofollow noopener\" target=\"_blank\" data-ylk=\"slk:ici;elm:context_link;itc:0;sec:content-canvas\" class=\"link \">ici<\/a>, <a href=\"https:\/\/web.archive.org\/web\/20240422130328\/https:\/\/tass.com\/defense\/1751985\" rel=\"nofollow noopener\" target=\"_blank\" data-ylk=\"slk:ici;elm:context_link;itc:0;sec:content-canvas\" class=\"link \">ici<\/a> et <a href=\"https:\/\/perma.cc\/6MSE-YJ8Y\" rel=\"nofollow noopener\" target=\"_blank\" data-ylk=\"slk:ici;elm:context_link;itc:0;sec:content-canvas\" class=\"link \">ici<\/a>).<\/p>\n<p>Sur les photos prises par l&rsquo;AFP lors du 79e anniversaire de la victoire face \u00e0 l&rsquo;Allemagne nazie, le 9 mai 2024, nous retrouvons effectivement des v\u00e9hicules similaires d\u00e9filer.<\/p>\n<p><img class=\"caas-img caas-lazy has-preview\" alt=\"&lt;span&gt;Des syst\u00e8mes de missiles balistiques intercontinentaux S-24 Yars roulent sur la Place Rouge lors du d\u00e9fil\u00e9 militaire du Jour de la Victoire dans le centre de Moscou, le 9 mai 2024.&lt;\/span&gt;&lt;div&gt;&lt;span&gt;NATALIA KOLESNIKOVA &lt;\/span&gt;&lt;span&gt;AFP&lt;\/span&gt;&lt;\/div&gt;\" data-src=\"https:\/\/www.europesays.com\/fr\/wp-content\/uploads\/2025\/06\/0215ba5179bf15ab5c5b7e7c99eeca91.jpeg\"\/>Des syst\u00e8mes de missiles balistiques intercontinentaux S-24 Yars roulent sur la Place Rouge lors du d\u00e9fil\u00e9 militaire du Jour de la Victoire dans le centre de Moscou, le 9 mai 2024.<\/p>\n<p>NATALIA KOLESNIKOVA AFP<\/p>\n<p>Le d\u00e9fil\u00e9 militaire du 9 mai sur la place Rouge est une pi\u00e8ce centrale du r\u00e9cit du Kremlin pour exalter la puissance du pays. Lors de l&rsquo;\u00e9dition 2024, Vladimir Poutine avait soulign\u00e9 que <a href=\"https:\/\/www.lanouvellerepublique.fr\/a-la-une\/les-forces-nucleaires-russes-sont-toujours-pretes-au-combat-previent-vladimir-poutine\" rel=\"nofollow noopener\" target=\"_blank\" data-ylk=\"slk:les forces nucl\u00e9aires;elm:context_link;itc:0;sec:content-canvas\" class=\"link \">les forces nucl\u00e9aires<\/a> strat\u00e9giques russes \u00e9taient \u00ab\u00a0toujours en alerte\u00a0\u00bb (lien archiv\u00e9\u00a0<a href=\"https:\/\/perma.cc\/9B2W-TK24\" rel=\"nofollow noopener\" target=\"_blank\" data-ylk=\"slk:ici;elm:context_link;itc:0;sec:content-canvas\" class=\"link \">ici<\/a>). Quinze jours plus tard, le pr\u00e9sident russe annon\u00e7ait\u00a0<a href=\"https:\/\/www.france24.com\/fr\/europe\/20240521-pr%C3%A8s-de-l-ukraine-la-russie-lance-des-exercices-impliquant-des-armes-nucl%C3%A9aires-tactiques\" rel=\"nofollow noopener\" target=\"_blank\" data-ylk=\"slk:d\u00e9buter des exercices militaires;elm:context_link;itc:0;sec:content-canvas\" class=\"link \">d\u00e9buter des exercices militaires<\/a> sur l&rsquo;utilisation d&rsquo;armes nucl\u00e9aires tactiques, en r\u00e9ponse aux \u00ab\u00a0menaces\u00a0\u00bb de dirigeants occidentaux (lien archiv\u00e9 <a href=\"https:\/\/web.archive.org\/web\/20250611081246\/https:\/\/www.france24.com\/fr\/europe\/20240521-pr%C3%A8s-de-l-ukraine-la-russie-lance-des-exercices-impliquant-des-armes-nucl%C3%A9aires-tactiques\" rel=\"nofollow noopener\" target=\"_blank\" data-ylk=\"slk:ici;elm:context_link;itc:0;sec:content-canvas\" class=\"link \">ici<\/a>).<\/p>\n<p>Des images sans lien avec les derni\u00e8res attaques<\/p>\n<p>Plusieurs publications relayant ces images \u00e9voquent un ordre du pr\u00e9sident russe de recourir aux missiles exp\u00e9rimentaux de port\u00e9e interm\u00e9diaire Orechnik, une arme capable de porter une charge nucl\u00e9aire et de frapper \u00e0 des milliers de kilom\u00e8tres. Le 21 novembre 2024, la ville de Dnipro, dans l&rsquo;est de l&rsquo;Ukraine, avait \u00e9t\u00e9 la cible d&rsquo;<a href=\"https:\/\/www.la-croix.com\/le-conflit-en-ukraine-a-pris-un-caractere-mondial-affirme-poutine-20241121\" rel=\"nofollow noopener\" target=\"_blank\" data-ylk=\"slk:un tir de ce missile;elm:context_link;itc:0;sec:content-canvas\" class=\"link \">un tir de ce missile<\/a> mais non pourvu de la charge nucl\u00e9aire (lien archiv\u00e9 <a href=\"https:\/\/web.archive.org\/web\/20241212085635\/https:\/\/www.la-croix.com\/le-conflit-en-ukraine-a-pris-un-caractere-mondial-affirme-poutine-20241121\" rel=\"nofollow noopener\" target=\"_blank\" data-ylk=\"slk:ici;elm:context_link;itc:0;sec:content-canvas\" class=\"link \">ici<\/a>).<\/p>\n<p>Quelques semaines apr\u00e8s cette attaque, le pr\u00e9sident russe avait jug\u00e9 <a href=\"https:\/\/www.lefigaro.fr\/international\/guerre-en-ukraine-poutine-juge-possible-un-deploiement-de-missiles-russes-orechnik-au-belarus-au-deuxieme-semestre-2025-20241206\" rel=\"nofollow noopener\" target=\"_blank\" data-ylk=\"slk:&quot;possible&quot;;elm:context_link;itc:0;sec:content-canvas\" class=\"link \">\u00ab\u00a0possible\u00a0\u00bb<\/a> le d\u00e9ploiement de tels missiles au B\u00e9larus au deuxi\u00e8me semestre 2025 (lien archiv\u00e9 <a href=\"https:\/\/web.archive.org\/web\/20250214155429\/https:\/\/www.lefigaro.fr\/international\/guerre-en-ukraine-poutine-juge-possible-un-deploiement-de-missiles-russes-orechnik-au-belarus-au-deuxieme-semestre-2025-20241206\" rel=\"nofollow noopener\" target=\"_blank\" data-ylk=\"slk:ici;elm:context_link;itc:0;sec:content-canvas\" class=\"link \">ici<\/a>). N\u00e9anmoins, depuis cette\u00a0 frappe, aucune autre utilisation de cette arme n&rsquo;a \u00e9t\u00e9 rapport\u00e9e malgr\u00e9 des menaces r\u00e9p\u00e9t\u00e9es de la Russie.<\/p>\n<p>Plusieurs internautes mentionnent \u00e9galement dans leurs publications une r\u00e9ponse russe \u00e0 une \u00ab\u00a0attaque contre des bases a\u00e9riennes\u00a0\u00bb sans pr\u00e9ciser davantage \u00e0 quel \u00e9v\u00e9nement ils font r\u00e9f\u00e9rence.<\/p>\n<p>N\u00e9anmoins, les publications les plus virales ont \u00e9t\u00e9 partag\u00e9es respectivement les 1er et 2 juin 2025 tandis que l&rsquo;Ukraine a revendiqu\u00e9 le 1er juin avoir men\u00e9 une <a href=\"https:\/\/www.lapresse.ca\/international\/europe\/2025-05-31\/l-ukraine-mene-une-vaste-attaque-contre-l-aviation-militaire-russe.php\" rel=\"nofollow noopener\" target=\"_blank\" data-ylk=\"slk:&quot;op\u00e9ration sp\u00e9ciale d&#039;ampleur&quot;;elm:context_link;itc:0;sec:content-canvas\" class=\"link \">\u00ab\u00a0op\u00e9ration sp\u00e9ciale d&rsquo;ampleur\u00a0\u00bb<\/a> \u00e0 l&rsquo;aide de drones contre quatre a\u00e9rodromes militaires russes (lien archiv\u00e9\u00a0<a href=\"https:\/\/web.archive.org\/web\/20250602110410\/https:\/\/www.lapresse.ca\/international\/europe\/2025-05-31\/l-ukraine-mene-une-vaste-attaque-contre-l-aviation-militaire-russe.php\" rel=\"nofollow noopener\" target=\"_blank\" data-ylk=\"slk:ici;elm:context_link;itc:0;sec:content-canvas\" class=\"link \">ici<\/a>). Quarante-et-un avions utilis\u00e9s pour\u00a0\u00ab\u00a0bombarder les villes ukrainiennes\u00a0\u00bb ont \u00e9t\u00e9 touch\u00e9s, a indiqu\u00e9 \u00e0 l&rsquo;AFP une source au sein des services de s\u00e9curit\u00e9 ukrainiens (SBU), citant notamment des bombardiers strat\u00e9giques Tu-95 et Tu-22 et des appareils radar A-50.<\/p>\n<p>Le minist\u00e8re russe de la D\u00e9fense avait pour sa part confirm\u00e9 que \u00ab\u00a0plusieurs appareils a\u00e9riens ont pris feu\u00a0\u00bb sans faire de victimes.<\/p>\n<p>Des bombardements massifs en Ukraine dans la nuit du 5 au 6 juin ont \u00e9t\u00e9 revendiqu\u00e9s comme\u00a0\u00ab\u00a0une riposte\u00a0\u00bb par Moscou \u00e0 la suite des r\u00e9centes attaques men\u00e9es par Kiev. Lors de cette m\u00eame nuit, l&rsquo;Ukraine avait dit avoir bombard\u00e9\u00a0\u00ab\u00a0avec succ\u00e8s\u00a0\u00bb deux autres bases a\u00e9riennes russes.<\/p>\n<p>La guerre entre la Russie et l&rsquo;Ukraine fait l&rsquo;objet de mani\u00e8re r\u00e9currente d&rsquo;affirmations fausses ou trompeuses. L&rsquo;\u00e9quipe d&rsquo;AFP Factuel en r\u00e9fute r\u00e9guli\u00e8rement, \u00e0 retrouver <a href=\"https:\/\/factuel.afp.com\/list\/Guerre-en-Ukraine\" rel=\"nofollow noopener\" target=\"_blank\" data-ylk=\"slk:ici;elm:context_link;itc:0;sec:content-canvas\" class=\"link \">ici<\/a>.<\/p>\n","protected":false},"excerpt":{"rendered":"Depuis l&rsquo;invasion de l&rsquo;Ukraine par la Russie en 2022, de nombreuses affirmations fausses ou trompeuses circulent sur les&hellip;\n","protected":false},"author":2,"featured_media":169325,"comment_status":"","ping_status":"","sticky":false,"template":"","format":"standard","meta":{"footnotes":""},"categories":[1591],"tags":[11,14519,30344,1887,4430,5493,20426,12,938,1885,1886,132],"class_list":{"0":"post-169324","1":"post","2":"type-post","3":"status-publish","4":"format-standard","5":"has-post-thumbnail","7":"category-russie","8":"tag-actualites","9":"tag-ce-nest-pas-la-premiere","10":"tag-drapeau-russe","11":"tag-federation-de-russie","12":"tag-images","13":"tag-lukraine","14":"tag-les-reseaux-sociaux","15":"tag-news","16":"tag-reseaux-sociaux","17":"tag-russia","18":"tag-russian-federation","19":"tag-russie"},"share_on_mastodon":{"url":"https:\/\/pubeurope.com\/@fr\/114667145298612558","error":""},"_links":{"self":[{"href":"https:\/\/www.europesays.com\/fr\/wp-json\/wp\/v2\/posts\/169324","targetHints":{"allow":["GET"]}}],"collection":[{"href":"https:\/\/www.europesays.com\/fr\/wp-json\/wp\/v2\/posts"}],"about":[{"href":"https:\/\/www.europesays.com\/fr\/wp-json\/wp\/v2\/types\/post"}],"author":[{"embeddable":true,"href":"https:\/\/www.europesays.com\/fr\/wp-json\/wp\/v2\/users\/2"}],"replies":[{"embeddable":true,"href":"https:\/\/www.europesays.com\/fr\/wp-json\/wp\/v2\/comments?post=169324"}],"version-history":[{"count":0,"href":"https:\/\/www.europesays.com\/fr\/wp-json\/wp\/v2\/posts\/169324\/revisions"}],"wp:featuredmedia":[{"embeddable":true,"href":"https:\/\/www.europesays.com\/fr\/wp-json\/wp\/v2\/media\/169325"}],"wp:attachment":[{"href":"https:\/\/www.europesays.com\/fr\/wp-json\/wp\/v2\/media?parent=169324"}],"wp:term":[{"taxonomy":"category","embeddable":true,"href":"https:\/\/www.europesays.com\/fr\/wp-json\/wp\/v2\/categories?post=169324"},{"taxonomy":"post_tag","embeddable":true,"href":"https:\/\/www.europesays.com\/fr\/wp-json\/wp\/v2\/tags?post=169324"}],"curies":[{"name":"wp","href":"https:\/\/api.w.org\/{rel}","templated":true}]}}