{"id":169328,"date":"2025-06-11T22:43:13","date_gmt":"2025-06-11T22:43:13","guid":{"rendered":"https:\/\/www.europesays.com\/fr\/169328\/"},"modified":"2025-06-11T22:43:13","modified_gmt":"2025-06-11T22:43:13","slug":"chicago-new-york-austin-en-images-les-manifestations-anti-expulsions-qui-setendent-aux-etats-unis","status":"publish","type":"post","link":"https:\/\/www.europesays.com\/fr\/169328\/","title":{"rendered":"Chicago, New York, Austin&#8230; En images, les manifestations anti-expulsions qui s\u2019\u00e9tendent aux \u00c9tats-Unis"},"content":{"rendered":"<p>Au sixi\u00e8me jour de manifestations \u00e0 Los Angeles contre la politique migratoire de Donald Trump, le mouvement se propage dans le reste du pays.<\/p>\n<p class=\"fig-paragraph\">Donald Trump ne laissera \u00abjamais la loi de la rue r\u00e9gner en Am\u00e9rique\u00bb, a assur\u00e9 mercredi la Maison-Blanche, alors\u00a0<a href=\"http:\/\/www.lefigaro.fr\/international\/emeutes-anti-expulsions-a-los-angeles-donald-trump-dit-que-la-ville-est-envahie-par-des-ennemis-etrangers-20250611\" target=\"_blank\" data-fig-type=\"NewsFlash\" rel=\"noopener\" data-gtm-custom-categorie=\"navigation\" data-gtm-custom-action=\"crossclick\" data-gtm-custom-label=\"Contextuel\" data-gtm-event=\"customEventSPE\" data-fig-domain=\"LEFIGARO\">qu&rsquo;un calme pr\u00e9caire a gagn\u00e9 la Californie apr\u00e8s cinq jours de manifestations<\/a>\u00a0contre la politique migratoire du pr\u00e9sident am\u00e9ricain. \u00c0 Los Angeles, \u00e9picentre des manifestations qui se propagent ailleurs dans le pays dont New York, la nuit de mardi \u00e0 mercredi est rest\u00e9e plut\u00f4t calme apr\u00e8s l&rsquo;entr\u00e9e en vigueur d&rsquo;un couvre-feu dans le centre-ville, m\u00eame si la police a proc\u00e9d\u00e9 \u00e0 une vingtaine d&rsquo;interpellations.<\/p>\n<p class=\"fig-paragraph\">Depuis vendredi dernier, la deuxi\u00e8me plus grande ville am\u00e9ricaine est le th\u00e9\u00e2tre de heurts sporadiques, parfois violents, opposant des protestataires qui d\u00e9noncent les raids de la police f\u00e9d\u00e9rale de l&rsquo;immigration (ICE) contre les clandestins aux forces de l&rsquo;ordre en tenue anti-\u00e9meutes. Quelque 700 Marines, un corps d&rsquo;\u00e9lite, devaient s&rsquo;y d\u00e9ployer mercredi, rejoignant\u00a0<a href=\"http:\/\/www.lefigaro.fr\/international\/pourquoi-donald-trump-veut-utiliser-la-garde-nationale-a-los-angeles-20250610\" target=\"_blank\" data-fig-type=\"Article\" rel=\"noopener\" data-gtm-custom-categorie=\"navigation\" data-gtm-custom-action=\"crossclick\" data-gtm-custom-label=\"Contextuel\" data-gtm-event=\"customEventSPE\" data-fig-domain=\"LEFIGARO\">4000 militaires r\u00e9servistes de la Garde nationale<\/a>\u00a0d\u00e9j\u00e0 mobilis\u00e9s par le pr\u00e9sident am\u00e9ricain, au grand dam des autorit\u00e9s locales qui crient \u00e0 un \u00ababus de pouvoir\u00bb.<\/p>\n<p>Garde nationale au Texas<\/p>\n<p class=\"fig-paragraph\">Dans le m\u00eame temps, les manifestations s&rsquo;\u00e9tendent, l\u00e0 encore de fa\u00e7on sporadique, de Chicago \u00e0 Atlanta ou New York. \u00c0 Manhattan mardi soir, quelques milliers de personnes ont manifest\u00e9 \u00abpour d\u00e9fendre ceux qui ne peuvent pas faire entendre leur voix\u00bb, selon une jeune femme n\u00e9e aux \u00c9tats-Unis d&rsquo;une m\u00e8re mexicaine clandestine et qui a requis l&rsquo;anonymat.<\/p>\n<p class=\"fig-paragraph\">Dans la banlieue d&rsquo;Atlanta, en G\u00e9orgie (sud), plusieurs dizaines de manifestants s&rsquo;\u00e9taient rassembl\u00e9s \u00e9galement mardi en brandissant des pancartes d\u00e9non\u00e7ant la police f\u00e9d\u00e9rale de l&rsquo;immigration. \u00abIl y a des gens qui sont arr\u00eat\u00e9s dans la rue par des agents (de l&rsquo;immigration) qui ne portent pas de badges, qui portent des masques&#8230; \u00e7a me met vraiment en col\u00e8re\u00bb, a d\u00e9clar\u00e9 \u00e0 l&rsquo;AFP Brendon Terra, un manifestant de 26 ans.<\/p>\n<p class=\"fig-paragraph\">Des rassemblements sont \u00e9galement pr\u00e9vus mercredi \u00e0 New York, Seattle et Las Vegas avant ce que les organisateurs appellent un mouvement national \u00abNo Kings\u00bb (Pas de rois) samedi, lorsque le pr\u00e9sident am\u00e9ricain assistera \u00e0 un d\u00e9fil\u00e9 militaire tr\u00e8s inhabituel dans la capitale. Au Texas, grand \u00c9tat du Sud, frontalier du Mexique,\u00a0<a href=\"https:\/\/www.lefigaro.fr\/international\/je-vais-apporter-la-frontiere-jusqu-a-biden-greg-abbott-le-gouverneur-texan-qui-met-l-immigration-au-coeur-de-la-presidentielle-americaine-20231111\" target=\"_blank\" data-fig-type=\"Article\" rel=\"noopener\" data-gtm-custom-categorie=\"navigation\" data-gtm-custom-action=\"crossclick\" data-gtm-custom-label=\"Contextuel\" data-gtm-event=\"customEventSPE\" data-fig-domain=\"LEFIGARO\">le gouverneur r\u00e9publicain, Greg Abbott<\/a>, a annonc\u00e9 mardi soir qu&rsquo;il ordonnait le d\u00e9ploiement de la Garde nationale en vue d&rsquo;une manifestation pr\u00e9vue \u00e0 San Antonio.<\/p>\n","protected":false},"excerpt":{"rendered":"Au sixi\u00e8me jour de manifestations \u00e0 Los Angeles contre la politique migratoire de Donald Trump, le mouvement se&hellip;\n","protected":false},"author":2,"featured_media":169329,"comment_status":"","ping_status":"","sticky":false,"template":"","format":"standard","meta":{"footnotes":""},"categories":[1589],"tags":[1111,47,11,1109,1112,10643,73,1866,118,1108,107,1106,1107,27,1110,1114,14,6116,12,1113,316,1864,1865,1863,308],"class_list":{"0":"post-169328","1":"post","2":"type-post","3":"status-publish","4":"format-standard","5":"has-post-thumbnail","7":"category-etats-unis","8":"tag-actu","9":"tag-actualite","10":"tag-actualites","11":"tag-breves","12":"tag-depeches","13":"tag-emeutes","14":"tag-etats-unis","15":"tag-etats-unis-damerique","16":"tag-faits-divers","17":"tag-fil","18":"tag-fil-info","19":"tag-flash","20":"tag-flash-actu","21":"tag-france","22":"tag-informations","23":"tag-infos","24":"tag-international","25":"tag-los-angeles","26":"tag-news","27":"tag-nouvelles","28":"tag-politique","29":"tag-united-states","30":"tag-united-states-of-america","31":"tag-us","32":"tag-usa"},"share_on_mastodon":{"url":"https:\/\/pubeurope.com\/@fr\/114667153203994890","error":""},"_links":{"self":[{"href":"https:\/\/www.europesays.com\/fr\/wp-json\/wp\/v2\/posts\/169328","targetHints":{"allow":["GET"]}}],"collection":[{"href":"https:\/\/www.europesays.com\/fr\/wp-json\/wp\/v2\/posts"}],"about":[{"href":"https:\/\/www.europesays.com\/fr\/wp-json\/wp\/v2\/types\/post"}],"author":[{"embeddable":true,"href":"https:\/\/www.europesays.com\/fr\/wp-json\/wp\/v2\/users\/2"}],"replies":[{"embeddable":true,"href":"https:\/\/www.europesays.com\/fr\/wp-json\/wp\/v2\/comments?post=169328"}],"version-history":[{"count":0,"href":"https:\/\/www.europesays.com\/fr\/wp-json\/wp\/v2\/posts\/169328\/revisions"}],"wp:featuredmedia":[{"embeddable":true,"href":"https:\/\/www.europesays.com\/fr\/wp-json\/wp\/v2\/media\/169329"}],"wp:attachment":[{"href":"https:\/\/www.europesays.com\/fr\/wp-json\/wp\/v2\/media?parent=169328"}],"wp:term":[{"taxonomy":"category","embeddable":true,"href":"https:\/\/www.europesays.com\/fr\/wp-json\/wp\/v2\/categories?post=169328"},{"taxonomy":"post_tag","embeddable":true,"href":"https:\/\/www.europesays.com\/fr\/wp-json\/wp\/v2\/tags?post=169328"}],"curies":[{"name":"wp","href":"https:\/\/api.w.org\/{rel}","templated":true}]}}