{"id":169332,"date":"2025-06-11T22:45:15","date_gmt":"2025-06-11T22:45:15","guid":{"rendered":"https:\/\/www.europesays.com\/fr\/169332\/"},"modified":"2025-06-11T22:45:15","modified_gmt":"2025-06-11T22:45:15","slug":"lambassadeur-en-ukraine-bientot-a-la-tete-des-renseignements-allemands","status":"publish","type":"post","link":"https:\/\/www.europesays.com\/fr\/169332\/","title":{"rendered":"L&rsquo;ambassadeur en Ukraine bient\u00f4t \u00e0 la t\u00eate des renseignements allemands ?"},"content":{"rendered":"<p>Martin J\u00e4ger, l&rsquo;actuel ambassadeur allemand en Ukraine, devrait devenir le nouveau chef du service f\u00e9d\u00e9ral de renseignement (BND) et succ\u00e9der \u00e0 Bruno Kahl. C&rsquo;est ce que rapporte le magazine <a href=\"https:\/\/www.spiegel.de\/politik\/deutscher-auslandsgeheimdienst-merz-wechselt-bnd-chef-aus-a-abccc037-322c-4873-a826-8d2b86c532f6#ref=rss\" rel=\"nofollow noopener\" target=\"_blank\" data-ylk=\"slk:Der Spiegel;elm:context_link;itc:0;sec:content-canvas\" class=\"link \">Der Spiegel<\/a>, qui se r\u00e9f\u00e8re \u00e0 des sources au sein du gouvernement f\u00e9d\u00e9ral.<\/p>\n<p>J\u00e4ger devrait remplacer Bruno Kahl, l&rsquo;actuel pr\u00e9sident du BND. Il \u00e9tait d\u00e9j\u00e0 pr\u00e9vu depuis longtemps que Kahl devienne ambassadeur au Vatican. Sa succession n&rsquo;avait toutefois pas encore \u00e9t\u00e9 d\u00e9cid\u00e9e. Le gouvernement f\u00e9d\u00e9ral n&rsquo;a pas encore confirm\u00e9 officiellement ce changement.<\/p>\n<p>Martin J\u00e4ger devrait apparemment devenir le nouveau pr\u00e9sident du BND.<\/p>\n<p>J\u00e4ger est consid\u00e9r\u00e9 comme un diplomate de crise exp\u00e9riment\u00e9, notamment gr\u00e2ce \u00e0 sa fonction d&rsquo;ambassadeur d&rsquo;Allemagne en Ukraine. Auparavant, il a \u00e9t\u00e9 ambassadeur en Irak et en Afghanistan. J\u00e4ger travaillait en Ukraine depuis 2023.<\/p>\n<p>En Allemagne, ce politicien CDU a travaill\u00e9 comme porte-parole pour le minist\u00e8re f\u00e9d\u00e9ral des Finances de l&rsquo;\u00e9poque, dirig\u00e9 par Wolfgang Sch\u00e4uble (CDU). Il a ensuite travaill\u00e9 comme secr\u00e9taire d&rsquo;\u00c9tat au minist\u00e8re de l&rsquo;Int\u00e9rieur.<\/p>\n<p>Le service f\u00e9d\u00e9ral de renseignement d\u00e9pend de la chancellerie et est donc plac\u00e9 sous l&rsquo;autorit\u00e9 du chancelier Friedrich Merz. Ce dernier peut nommer le pr\u00e9sident du BND.<\/p>\n<p>La mission du Bundesnachrichtendienst en Allemagne<\/p>\n<p>Selon ses propres d\u00e9clarations, le BND a pour mission de collecter des informations d&rsquo;importance en mati\u00e8re de politique \u00e9trang\u00e8re et de s\u00e9curit\u00e9, de les \u00e9valuer et de les mettre \u00e0 la disposition du gouvernement f\u00e9d\u00e9ral sous forme de messages et d&rsquo;analyses. Le BND est l&rsquo;un des rares services publics \u00e0 pouvoir utiliser des moyens de renseignement, comme l&rsquo;espionnage.<\/p>\n<p>Selon le Spiegel, le gouvernement f\u00e9d\u00e9ral pr\u00e9voit une r\u00e9orientation fondamentale des services secrets et veut pour cela doter le BND de plus de moyens financiers. Selon le journal, le BND devrait en outre b\u00e9n\u00e9ficier d&rsquo;une plus grande flexibilit\u00e9 en mati\u00e8re d&rsquo;espionnage \u00e0 l&rsquo;\u00e9tranger et de renseignement technique.<\/p>\n<p>Au vu des nombreuses crises en Europe et dans le monde, la politique \u00e9trang\u00e8re rev\u00eat une importance particuli\u00e8re pour le chancelier Friedrich Merz.<\/p>\n","protected":false},"excerpt":{"rendered":"Martin J\u00e4ger, l&rsquo;actuel ambassadeur allemand en Ukraine, devrait devenir le nouveau chef du service f\u00e9d\u00e9ral de renseignement (BND)&hellip;\n","protected":false},"author":2,"featured_media":169333,"comment_status":"","ping_status":"","sticky":false,"template":"","format":"standard","meta":{"footnotes":""},"categories":[1587],"tags":[11,672,30346,1804,1805,1803,1777,674,4710,1801,1326,30347,12,1802,220],"class_list":{"0":"post-169332","1":"post","2":"type-post","3":"status-publish","4":"format-standard","5":"has-post-thumbnail","7":"category-allemagne","8":"tag-actualites","9":"tag-allemagne","10":"tag-bruno-kahl","11":"tag-bundesrepublik-deutschland","12":"tag-de","13":"tag-deutschland","14":"tag-eu","15":"tag-europe","16":"tag-friedrich-merz","17":"tag-germany","18":"tag-gouvernement-federal","19":"tag-jager","20":"tag-news","21":"tag-republique-federale-dallemagne","22":"tag-ukraine"},"share_on_mastodon":{"url":"https:\/\/pubeurope.com\/@fr\/114667161179385306","error":""},"_links":{"self":[{"href":"https:\/\/www.europesays.com\/fr\/wp-json\/wp\/v2\/posts\/169332","targetHints":{"allow":["GET"]}}],"collection":[{"href":"https:\/\/www.europesays.com\/fr\/wp-json\/wp\/v2\/posts"}],"about":[{"href":"https:\/\/www.europesays.com\/fr\/wp-json\/wp\/v2\/types\/post"}],"author":[{"embeddable":true,"href":"https:\/\/www.europesays.com\/fr\/wp-json\/wp\/v2\/users\/2"}],"replies":[{"embeddable":true,"href":"https:\/\/www.europesays.com\/fr\/wp-json\/wp\/v2\/comments?post=169332"}],"version-history":[{"count":0,"href":"https:\/\/www.europesays.com\/fr\/wp-json\/wp\/v2\/posts\/169332\/revisions"}],"wp:featuredmedia":[{"embeddable":true,"href":"https:\/\/www.europesays.com\/fr\/wp-json\/wp\/v2\/media\/169333"}],"wp:attachment":[{"href":"https:\/\/www.europesays.com\/fr\/wp-json\/wp\/v2\/media?parent=169332"}],"wp:term":[{"taxonomy":"category","embeddable":true,"href":"https:\/\/www.europesays.com\/fr\/wp-json\/wp\/v2\/categories?post=169332"},{"taxonomy":"post_tag","embeddable":true,"href":"https:\/\/www.europesays.com\/fr\/wp-json\/wp\/v2\/tags?post=169332"}],"curies":[{"name":"wp","href":"https:\/\/api.w.org\/{rel}","templated":true}]}}