{"id":169344,"date":"2025-06-11T22:52:13","date_gmt":"2025-06-11T22:52:13","guid":{"rendered":"https:\/\/www.europesays.com\/fr\/169344\/"},"modified":"2025-06-11T22:52:13","modified_gmt":"2025-06-11T22:52:13","slug":"nantes-retire-son-equipe-lauren-bertolacci-se-retrouve-sans-club","status":"publish","type":"post","link":"https:\/\/www.europesays.com\/fr\/169344\/","title":{"rendered":"Nantes retire son \u00e9quipe, Lauren Bertolacci se retrouve sans club"},"content":{"rendered":"<p class=\"a-paragraph a-paragraph--lead\" data-t-name=\"Paragraph\">Coup dur pour la coach de l&rsquo;\u00e9quipe de Suisse Lauren Bertolacci! L&rsquo;Australienne se retrouve sans club apr\u00e8s le retrait volontaire de Nantes du Championnat de France en raison de la perte de son sponsor principal.<\/p>\n<p>  <img decoding=\"async\" class=\"m-image-and-caption__image lazyload\" alt=\"Coup dur pour Lauren Bertolacci.\" src=\"https:\/\/www.europesays.com\/fr\/wp-content\/uploads\/2025\/06\/0921d442-2bc0-45d6-bc86-b10e952bea65.jpeg\"  data-\/><\/p>\n<p>      Coup dur pour Lauren Bertolacci.<\/p>\n<p>        KEYSTONE\n      <\/p>\n<p class=\"a-paragraph\" data-t-name=\"Paragraph\">Laurent Bertolacci s&rsquo;\u00e9tait engag\u00e9e le mois dernier avec le club nantais apr\u00e8s la conqu\u00eate d&rsquo;un sixi\u00e8me titre et d&rsquo;une quatri\u00e8me Coupe de Suisse avec le Neuch\u00e2tel UC. Elle se retrouve donc sans club alors qu&rsquo;elle s&rsquo;appr\u00eate ce week-end \u00e0 diriger la Suisse face \u00e0 l&rsquo;Autriche et la Lettonie pour le compte de l&rsquo;European Silver League.<\/p>\n","protected":false},"excerpt":{"rendered":"Coup dur pour la coach de l&rsquo;\u00e9quipe de Suisse Lauren Bertolacci! L&rsquo;Australienne se retrouve sans club apr\u00e8s le&hellip;\n","protected":false},"author":2,"featured_media":169345,"comment_status":"","ping_status":"","sticky":false,"template":"","format":"standard","meta":{"footnotes":""},"categories":[1417],"tags":[1011,27,60,1470,1469],"class_list":{"0":"post-169344","1":"post","2":"type-post","3":"status-publish","4":"format-standard","5":"has-post-thumbnail","7":"category-volley","8":"tag-fr","9":"tag-france","10":"tag-sports","11":"tag-volley","12":"tag-volleyball"},"share_on_mastodon":{"url":"https:\/\/pubeurope.com\/@fr\/114667188673977272","error":""},"_links":{"self":[{"href":"https:\/\/www.europesays.com\/fr\/wp-json\/wp\/v2\/posts\/169344","targetHints":{"allow":["GET"]}}],"collection":[{"href":"https:\/\/www.europesays.com\/fr\/wp-json\/wp\/v2\/posts"}],"about":[{"href":"https:\/\/www.europesays.com\/fr\/wp-json\/wp\/v2\/types\/post"}],"author":[{"embeddable":true,"href":"https:\/\/www.europesays.com\/fr\/wp-json\/wp\/v2\/users\/2"}],"replies":[{"embeddable":true,"href":"https:\/\/www.europesays.com\/fr\/wp-json\/wp\/v2\/comments?post=169344"}],"version-history":[{"count":0,"href":"https:\/\/www.europesays.com\/fr\/wp-json\/wp\/v2\/posts\/169344\/revisions"}],"wp:featuredmedia":[{"embeddable":true,"href":"https:\/\/www.europesays.com\/fr\/wp-json\/wp\/v2\/media\/169345"}],"wp:attachment":[{"href":"https:\/\/www.europesays.com\/fr\/wp-json\/wp\/v2\/media?parent=169344"}],"wp:term":[{"taxonomy":"category","embeddable":true,"href":"https:\/\/www.europesays.com\/fr\/wp-json\/wp\/v2\/categories?post=169344"},{"taxonomy":"post_tag","embeddable":true,"href":"https:\/\/www.europesays.com\/fr\/wp-json\/wp\/v2\/tags?post=169344"}],"curies":[{"name":"wp","href":"https:\/\/api.w.org\/{rel}","templated":true}]}}