{"id":169350,"date":"2025-06-11T22:55:09","date_gmt":"2025-06-11T22:55:09","guid":{"rendered":"https:\/\/www.europesays.com\/fr\/169350\/"},"modified":"2025-06-11T22:55:09","modified_gmt":"2025-06-11T22:55:09","slug":"la-roche-vendee-bc-toujours-en-premiere-division-la-saison-prochaine","status":"publish","type":"post","link":"https:\/\/www.europesays.com\/fr\/169350\/","title":{"rendered":"La Roche Vend\u00e9e BC toujours en premi\u00e8re division la saison prochaine"},"content":{"rendered":"<p>La Roche Vend\u00e9e Basket Club (RVBC) va enfin pouvoir plancher sur son recrutement. Rel\u00e9gu\u00e9 en championnat r\u00e9gional suite \u00e0 son passage devant la Commission de Contr\u00f4le de Gestion (CCG), le 27 mai dernier, la formation vend\u00e9enne a visiblement pr\u00e9sent\u00e9 les garanties n\u00e9cessaires \u00e0 la Chambre d&rsquo;appel de la F\u00e9d\u00e9ration Fran\u00e7aise de Basket-ball (FFBB), jeudi dernier. Selon nos information, l&rsquo;\u00e9quipe fanion du club a obtenu gain de cause en appel, et continuera donc d&rsquo;\u00e9voluer en premi\u00e8re division. <\/p>\n<p>\u00ab\u00a0Convaincu que sa place est en Ligue F\u00e9minine de Basket\u00a0\u00bb, le RVBC avait alors interjet\u00e9 appel apr\u00e8s avoir pr\u00e9sent\u00e9 \u00ab\u00a0un dossier incomplet\u00a0\u00bb, selon les termes du communiqu\u00e9 de presse, <a href=\"https:\/\/www.rvbc.fr\/2025\/05\/27\/communique-officiel-3\/?ref=basketeurope.com\" target=\"_blank\" rel=\"noopener\">publi\u00e9 d\u00e9but juin<\/a>. Le club affichait \u00e9galement l&rsquo;ambition de \u00ab\u00a0se d\u00e9velopper de mani\u00e8re responsable, coh\u00e9rente et durable\u00a0\u00bb. Des arguments qui ont visiblement convaincu le gendarme financier du basket fran\u00e7ais.\u00a0<\/p>\n<p><a href=\"https:\/\/www.basketeurope.com\/la-boulangere-wonderligue-la-ffbb-sanctionne-lourdement-la-roche-vendee\/\" rel=\"noreferrer noopener\" target=\"_blank\">D\u00e9j\u00e0 rappel\u00e9 \u00e0 l&rsquo;ordre d\u00e9but janvier <\/a>pour \u00ab\u00a0d\u00e9passement de l\u2019encadrement des charges de personnel\u00a0\u00bb, \u00ab\u00a0non-respect du budget valid\u00e9\u00a0\u00bb et \u00ab\u00a0non-respect de l&rsquo;obligation de constitution du fonds de r\u00e9serve\u00a0\u00bb sur la saison 2023-2024, le club bas\u00e9 \u00e0 La Roche-sur-Yon est, pourtant, en proie \u00e0 une situation \u00e9conomique et financi\u00e8re compliqu\u00e9e depuis plusieurs ann\u00e9es. \u00ab\u00a0On a v\u00e9cu au-dessus de nos moyens, au lieu de nous structurer\u00a0\u00bb, indiquait notamment le pr\u00e9sident David Cottreau, <a href=\"https:\/\/www.ouest-france.fr\/sport\/basket\/la-roche-sur-yon\/basket-la-roche-vendee-proche-de-la-retrogradation-on-a-vecu-au-dessus-de-nos-moyens-081c7854-3b19-11f0-b71a-e87c40f434be?ref=basketeurope.com\" rel=\"noreferrer noopener\" target=\"_blank\">dans les colonnes de Ouest-France<\/a>, le 28 mai dernier. <\/p>\n<p><a class=\"kg-bookmark-container\" href=\"https:\/\/www.basketeurope.com\/la-roche-vendee-et-tarbes-en-appel-dune-retrogradation-en-ligue-regionale\/\" target=\"_blank\" rel=\"noopener\"><\/p>\n<p>La Roche Vend\u00e9e et Tarbes en appel d\u2019une r\u00e9trogradation en Ligue R\u00e9gionale<\/p>\n<p>Apr\u00e8s avoir auditionn\u00e9 les 50 clubs engag\u00e9s dans les championnats LBWL \/ LF2 \/ NM1 2024\/25, la Commission de Contr\u00f4le de Gestion a adopt\u00e9 plusieurs d\u00e9cisions.<\/p>\n<p><img decoding=\"async\" src=\"https:\/\/www.europesays.com\/fr\/wp-content\/uploads\/2025\/06\/Tarbes-4.webp.webp\" alt=\"\" onerror=\"this.style.display = 'none'\"\/><\/a><\/p>\n<p>En premi\u00e8re division fran\u00e7aise depuis 2018, le RVBC vivra donc un neuvi\u00e8me exercice \u00e0 ce niveau. La formation vend\u00e9enne, qui n&rsquo;a pas reconduit son entra\u00eeneur embl\u00e9matique, Emmanuel Body, apr\u00e8s 14 ans au club, s&rsquo;appr\u00eate \u00e0 prendre un virage \u00e0 180 degr\u00e9s. Entre la possible arriv\u00e9e de David Gautier et un effectif presque enti\u00e8rement \u00e0 reconstruire &#8211; o\u00f9 seules Sarah Ousfar et Louise Preneau pourraient rester -, l&rsquo;inter-saison sera mouvement\u00e9e en Vend\u00e9e. <\/p>\n","protected":false},"excerpt":{"rendered":"La Roche Vend\u00e9e Basket Club (RVBC) va enfin pouvoir plancher sur son recrutement. Rel\u00e9gu\u00e9 en championnat r\u00e9gional suite&hellip;\n","protected":false},"author":2,"featured_media":169351,"comment_status":"","ping_status":"","sticky":false,"template":"","format":"standard","meta":{"footnotes":""},"categories":[1414],"tags":[1465,1464,1011,27,60],"class_list":{"0":"post-169350","1":"post","2":"type-post","3":"status-publish","4":"format-standard","5":"has-post-thumbnail","7":"category-basket","8":"tag-basket","9":"tag-basketball","10":"tag-fr","11":"tag-france","12":"tag-sports"},"share_on_mastodon":{"url":"https:\/\/pubeurope.com\/@fr\/114667200470428405","error":""},"_links":{"self":[{"href":"https:\/\/www.europesays.com\/fr\/wp-json\/wp\/v2\/posts\/169350","targetHints":{"allow":["GET"]}}],"collection":[{"href":"https:\/\/www.europesays.com\/fr\/wp-json\/wp\/v2\/posts"}],"about":[{"href":"https:\/\/www.europesays.com\/fr\/wp-json\/wp\/v2\/types\/post"}],"author":[{"embeddable":true,"href":"https:\/\/www.europesays.com\/fr\/wp-json\/wp\/v2\/users\/2"}],"replies":[{"embeddable":true,"href":"https:\/\/www.europesays.com\/fr\/wp-json\/wp\/v2\/comments?post=169350"}],"version-history":[{"count":0,"href":"https:\/\/www.europesays.com\/fr\/wp-json\/wp\/v2\/posts\/169350\/revisions"}],"wp:featuredmedia":[{"embeddable":true,"href":"https:\/\/www.europesays.com\/fr\/wp-json\/wp\/v2\/media\/169351"}],"wp:attachment":[{"href":"https:\/\/www.europesays.com\/fr\/wp-json\/wp\/v2\/media?parent=169350"}],"wp:term":[{"taxonomy":"category","embeddable":true,"href":"https:\/\/www.europesays.com\/fr\/wp-json\/wp\/v2\/categories?post=169350"},{"taxonomy":"post_tag","embeddable":true,"href":"https:\/\/www.europesays.com\/fr\/wp-json\/wp\/v2\/tags?post=169350"}],"curies":[{"name":"wp","href":"https:\/\/api.w.org\/{rel}","templated":true}]}}