{"id":169356,"date":"2025-06-11T22:58:13","date_gmt":"2025-06-11T22:58:13","guid":{"rendered":"https:\/\/www.europesays.com\/fr\/169356\/"},"modified":"2025-06-11T22:58:13","modified_gmt":"2025-06-11T22:58:13","slug":"les-touristes-a-velo-de-la-regalante-stimulent-le-territoire","status":"publish","type":"post","link":"https:\/\/www.europesays.com\/fr\/169356\/","title":{"rendered":"les touristes \u00e0 v\u00e9lo de la R\u00e9galante stimulent le territoire"},"content":{"rendered":"<p>            Par<br \/>\n        <strong><br \/>\n            <a href=\"https:\/\/actu.fr\/auteur\/gabin-moreau-actu-fr\" title=\"Consulter tous les articles de Gabin Moreau\" rel=\"nofollow noopener\" target=\"_blank\">Gabin Moreau<\/a><br \/>\n        <\/strong><\/p>\n<p>        Publi\u00e9 le<\/p>\n<p>            11 juin 2025 \u00e0 17h38        <\/p>\n<p data-end=\"608\">Inaugur\u00e9 en mars\u00a02024, le nouvel itin\u00e9raire de la R\u00e9galante a d\u00e9j\u00e0 f\u00eat\u00e9 son premier anniversaire. Traversant plusieurs communes du territoire, et en particulier <b>La Guerche-de-Bretagne (Ille-et-Vilaine)<\/b>, ce circuit de pr\u00e8s de 300\u00a0km, reliant <b>Nantes au Mont-Saint-Michel,<\/b> a attir\u00e9 un flux important de cyclotouristes dans le Pays Guerchais.<\/p>\n<p>Des am\u00e9nagements pour accueillir les cyclotouristes<\/p>\n<p data-end=\"1107\" class=\" wall-content\">Oblig\u00e9e de s\u2019adapter, la commune a pris, depuis pr\u00e8s d\u2019un an, diverses dispositions pour mieux accueillir ces nouveaux visiteurs. N\u2019\u00e9tant pas r\u00e9ellement pr\u00eate lors de l\u2019inauguration du circuit,<b> La Guerche-de-Bretagne<\/b> a depuis install\u00e9 des box \u00e0 v\u00e9los, des stations de r\u00e9paration et pr\u00e9voit l\u2019ouverture d\u2019un local pour <b>les routards<\/b>, ainsi que l\u2019am\u00e9nagement d\u2019une des deux premi\u00e8res <b>maisonnettes r\u00e9habilit\u00e9es<\/b> en g\u00eetes d\u00e8s ce mois-ci.<\/p>\n<p data-end=\"1510\" class=\" wall-content\">\u00c0 cela s\u2019ajoutent plusieurs points noirs sur la voirie que la commune souhaite s\u00e9curiser.<\/p>\n<p data-end=\"1510\" class=\" wall-content\">\u00ab\u2009On a plusieurs points de travers\u00e9e dangereux, notamment au niveau du faubourg de Vitr\u00e9, o\u00f9 nous allons \u00e9largir la route pour cr\u00e9er une piste cyclable s\u00e9curis\u00e9e, ainsi qu\u2019un sas de s\u00e9curit\u00e9 sur l\u2019\u00eelot directionnel qui relie \u00e0 la commune de Moutiers\u2009\u00bb, confie Jean-Marie B\u00e9tin, responsable du service technique.<\/p>\n<p data-end=\"2005\" class=\" wall-content\"><b>D\u2019ici 2026,<\/b> une arche d\u2019entr\u00e9e <b>du bourg <\/b>devrait \u00e9galement voir le jour, un projet port\u00e9 par Vitr\u00e9 Communaut\u00e9. Ces am\u00e9nagements profitent aussi aux commer\u00e7ants locaux, qui constatent un r\u00e9el effet <b>R\u00e9galante.<\/b><\/p>\n<p data-end=\"2005\" class=\" wall-content\">\u00ab\u2009Les cyclistes terminent souvent leur journ\u00e9e \u00e0 La Guerche-de-Bretagne. Du coup, on voit plus de monde\u2009: ils s\u2019arr\u00eatent, prennent une bi\u00e8re, un g\u00e2teau\u2026 Disons que \u00e7a apporte un petit plus, oui. Pas 50\u2009% de plus, mais c\u2019est notable\u2009\u00bb, raconte Magali Robert, g\u00e9rante <b>du Caf\u00e9 du Commerce.<\/b><\/p>\n<p data-end=\"2370\" class=\" wall-content\">Le principal point faible reste<b> l\u2019h\u00e9bergement.<\/b> Malgr\u00e9 l\u2019ouverture prochaine de deux nouveaux g\u00eetes, certains cyclotouristes peinent encore \u00e0 trouver un logement.<\/p>\n<p data-end=\"2370\" class=\" wall-content\">\u00ab\u2009L\u2019an dernier, il nous arrivait parfois d\u2019avoir quatre ou cinq tables de cyclistes qui cherchaient o\u00f9 dormir, et tout \u00e9tait complet, notamment au PMU qui n\u2019a pas beaucoup de chambres\u2009\u00bb, ajoute-t-elle. Un d\u00e9fi important pour la commune, qui n\u2019a pour l\u2019instant rien pr\u00e9vu de plus que ces deux nouveaux g\u00eetes pour accueillir ces cyclotouristes.<\/p>\n<p>\u00c0 La Selle-Guerchaise, le camping cartonne<br \/>\n    <img   decoding=\"async\" loading=\"lazy\" class=\"size-large\" src=\"https:\/\/www.europesays.com\/fr\/wp-content\/uploads\/2025\/06\/b6dcc976a1486cadcc976a148cedccv-960x640.jpg\" alt=\"Le maire de la Selle Guerchaise se r\u00e9jouit de l'affluence que connait le camping de sa commune\" width=\"960\" height=\"640\"\/><br \/>\n    Le maire de La Selle-Guerchaise se r\u00e9jouit de l\u2019affluence au camping. \u00a9Gabin Moreau<\/p>\n<p data-end=\"2793\" class=\" wall-content\"><b>\u00c0 5\u00a0km<\/b> de La Guerche, <b>La Selle-Guerchaise <\/b>et son camping de 17 emplacements, cr\u00e9\u00e9 dans l<b>es ann\u00e9es 1980,<\/b> voient la R\u00e9galante comme \u00ab\u2009une chance\u2009\u00bb, assure le maire <b>Ludovic Le Squer.<\/b><\/p>\n<p data-end=\"2793\" class=\" wall-content\">Entre mai et ao\u00fbt\u00a02023, le camping comptabilisait 124 nuit\u00e9es. Un an plus tard, sur la m\u00eame p\u00e9riode, il en a enregistr\u00e9 pr\u00e8s de<b> 600<\/b>. Une hausse fulgurante qui a surpris la commune.<\/p>\n<blockquote class=\"ac-article-quote wall-content\">\n<p>Honn\u00eatement, on ne s\u2019est pas vraiment pos\u00e9 la question de l\u2019impact que \u00e7a allait avoir sur nous. On s\u2019est juste dit\u2009: \u00ab\u2009Tiens, on a un camping, on est proches du parcours, essayons d\u2019attirer quelques cyclotouristes.\u2009\u00bb En avril, rien de sp\u00e9cial. Mais en mai, \u00e7a a commenc\u00e9 \u00e0 bouger, et en juillet-ao\u00fbt, c\u2019\u00e9tait l\u2019effervescence.<\/p>\n<\/blockquote>\n<p>Un seul b\u00e9n\u00e9vole pour g\u00e9rer le camping<\/p>\n<p data-end=\"3555\" class=\" wall-content\">Face \u00e0 <b>cet afflux inattendu<\/b>, la commune a d\u00fb se moderniser en mettant en place une application mobile pour automatiser les r\u00e9servations et les paiements. G\u00e9r\u00e9 b\u00e9n\u00e9volement par un habitant, le camping s\u2019est vite retrouv\u00e9 d\u00e9pass\u00e9.<\/p>\n<p data-end=\"3555\" class=\" wall-content\">\u00ab\u2009Certains soirs, on accueillait 20 \u00e0 30\u00a0personnes. On n\u2019\u00e9tait m\u00eame pas \u00e9quip\u00e9s pour g\u00e9rer les paiements correctement. On n\u2019a qu\u2019un b\u00e9n\u00e9vole, Andr\u00e9, qui fait office de caissier\u2026 alors ce n\u2019\u00e9tait pas simple.\u2009\u00bb<\/p>\n<p data-end=\"3992\" class=\" wall-content\">Malgr\u00e9 ces d\u00e9fis, pr\u00e8s de <b>5\u2009000\u00a0euros<\/b> ont \u00e9t\u00e9 r\u00e9cup\u00e9r\u00e9s pour la commune gr\u00e2ce au camping. Un chiffre qui n\u2019incite pourtant pas \u00e0 une transformation radicale du site.<\/p>\n<p data-end=\"3992\" class=\" wall-content\">\u00ab\u2009On ne cherche pas forc\u00e9ment \u00e0 courir apr\u00e8s les \u00e9toiles. On se concentre plut\u00f4t sur le service qu\u2019on peut offrir. M\u00eame en ayant perdu nos deux \u00e9toiles, \u00e7a ne nous emp\u00eache pas d\u2019avoir du monde, car les gens appr\u00e9cient l\u2019esprit champ\u00eatre du camping\u2009\u00bb, souligne le maire.<\/p>\n<p data-end=\"4200\" class=\" wall-content\">Pour fid\u00e9liser cette nouvelle client\u00e8le, la commune souhaite d\u00e9sormais obtenir des subventions et du mat\u00e9riel adapt\u00e9 aux besoins des cyclotouristes, et envisage \u00e9galement de d\u00e9crocher <b>le label Accueil V\u00e9lo<\/b>.<\/p>\n<p class=\" wall-content\">Suivez toute l\u2019actualit\u00e9 de vos villes et m\u00e9dias favoris en vous inscrivant \u00e0 <a href=\"https:\/\/moncompte.actu.fr\" title=\"D\u00e9couvez Mon Actu\" rel=\"nofollow noopener\" data-trk=\"{&quot;cta&quot;:{&quot;action&quot;:&quot;https:\\\/\\\/moncompte.actu.fr&quot;,&quot;category&quot;:&quot;mon compte&quot;,&quot;from&quot;:&quot;article footer&quot;,&quot;name&quot;:&quot;Mon actu&quot;,&quot;type&quot;:&quot;cta&quot;}}\" target=\"_blank\">Mon Actu<\/a>.<\/p>\n","protected":false},"excerpt":{"rendered":"Par Gabin Moreau Publi\u00e9 le 11 juin 2025 \u00e0 17h38 Inaugur\u00e9 en mars\u00a02024, le nouvel itin\u00e9raire de la&hellip;\n","protected":false},"author":2,"featured_media":169357,"comment_status":"","ping_status":"","sticky":false,"template":"","format":"standard","meta":{"footnotes":""},"categories":[1411],"tags":[24692,1154,207,1011,27,104,60,208],"class_list":{"0":"post-169356","1":"post","2":"type-post","3":"status-publish","4":"format-standard","5":"has-post-thumbnail","7":"category-cyclisme","8":"tag-camping","9":"tag-cycling","10":"tag-cyclisme","11":"tag-fr","12":"tag-france","13":"tag-societe","14":"tag-sports","15":"tag-velo"},"share_on_mastodon":{"url":"https:\/\/pubeurope.com\/@fr\/114667212223975075","error":""},"_links":{"self":[{"href":"https:\/\/www.europesays.com\/fr\/wp-json\/wp\/v2\/posts\/169356","targetHints":{"allow":["GET"]}}],"collection":[{"href":"https:\/\/www.europesays.com\/fr\/wp-json\/wp\/v2\/posts"}],"about":[{"href":"https:\/\/www.europesays.com\/fr\/wp-json\/wp\/v2\/types\/post"}],"author":[{"embeddable":true,"href":"https:\/\/www.europesays.com\/fr\/wp-json\/wp\/v2\/users\/2"}],"replies":[{"embeddable":true,"href":"https:\/\/www.europesays.com\/fr\/wp-json\/wp\/v2\/comments?post=169356"}],"version-history":[{"count":0,"href":"https:\/\/www.europesays.com\/fr\/wp-json\/wp\/v2\/posts\/169356\/revisions"}],"wp:featuredmedia":[{"embeddable":true,"href":"https:\/\/www.europesays.com\/fr\/wp-json\/wp\/v2\/media\/169357"}],"wp:attachment":[{"href":"https:\/\/www.europesays.com\/fr\/wp-json\/wp\/v2\/media?parent=169356"}],"wp:term":[{"taxonomy":"category","embeddable":true,"href":"https:\/\/www.europesays.com\/fr\/wp-json\/wp\/v2\/categories?post=169356"},{"taxonomy":"post_tag","embeddable":true,"href":"https:\/\/www.europesays.com\/fr\/wp-json\/wp\/v2\/tags?post=169356"}],"curies":[{"name":"wp","href":"https:\/\/api.w.org\/{rel}","templated":true}]}}