{"id":169359,"date":"2025-06-11T23:00:09","date_gmt":"2025-06-11T23:00:09","guid":{"rendered":"https:\/\/www.europesays.com\/fr\/169359\/"},"modified":"2025-06-11T23:00:09","modified_gmt":"2025-06-11T23:00:09","slug":"laura-smet-et-pascal-obispo-reglent-leurs-comptes-avec-laeticia-hallyday","status":"publish","type":"post","link":"https:\/\/www.europesays.com\/fr\/169359\/","title":{"rendered":"Laura Smet et Pascal Obispo r\u00e8glent leurs comptes avec Laeticia Hallyday"},"content":{"rendered":"<p>      R\u00e9sum\u00e9<\/p>\n<p>Laura Smet et Pascal Obispo unissent leurs talents pour un hommage musical \u00e0 Johnny Hallyday, r\u00e9v\u00e9lant une relation retrouv\u00e9e apr\u00e8s des tensions pass\u00e9es.<\/p>\n<p>        Sommaire<\/p>\n<p>Entre <a href=\"https:\/\/www.public.fr\/tag\/pascal-obispo\" rel=\"nofollow noopener\" target=\"_blank\">Pascal Obispo<\/a> et la famille Hallyday, c\u2019est une grande histoire d\u2019amour. Surtout avec les premiers enfants de <a href=\"https:\/\/www.public.fr\/tag\/johnny-hallyday\" rel=\"nofollow noopener\" target=\"_blank\">Johnny Hallyday<\/a>. En effet, le chanteur de 60 ans conna\u00eet David Hallyday et <a href=\"https:\/\/www.public.fr\/tag\/laura-smet\" rel=\"nofollow noopener\" target=\"_blank\">Laura Smet<\/a> depuis de nombreuses ann\u00e9es. Et c\u2019est pour cette raison qu\u2019il a accept\u00e9 de collaborer avec cette derni\u00e8re pour rendre hommage au Taulier.<\/p>\n<p>Dans <a href=\"https:\/\/www.gala.fr\/l_actu\/news_de_stars\/exclu-laura-smet-et-pascal-obispo-ce-joli-lien-qui-les-unit-il-fait-partie-de-la-famille-20250611#photo-5\" rel=\"nofollow noopener\" target=\"_blank\">un entretien accord\u00e9 \u00e0 Gala<\/a>, \u00e0 para\u00eetre ce jeudi 12 juin 2025, la fille de Nathalie Baye a en effet \u00e9voqu\u00e9 la relation qu\u2019elle entretient avec l\u2019interpr\u00e8te de <strong>\u00ab\u00a0Tomber pour elle\u00a0\u00bb<\/strong> et leur r\u00e9cente collaboration pour un titre qui verra le jour le 15 juin prochain.<\/p>\n<p>Laura Smet et Pascal Obispo collaborent pour un clip hommage \u00e0 Johnny Hallyday<\/p>\n<p>Un morceau intitul\u00e9 <strong>\u00ab\u00a0Appelle-moi Johnny\u00a0\u00bb<\/strong>, qui verra donc le jour \u00e0 l\u2019occasion du 82e anniversaire de Johnny Hallyday, et qui sera accompagn\u00e9 d\u2019un clip dans lequel Laura Smet appara\u00eetra, en train de marcher dans les traces de son p\u00e8re comme le r\u00e9v\u00e8le Gala.<\/p>\n<p>Pour l\u2019occasion, la fille du Taulier a accept\u00e9 de se confier \u00e0 nos confr\u00e8res et notamment \u00e9voquer la relation qu\u2019elle entretient avec Pascal Obispo. Un artiste qu\u2019elle conna\u00eet \u00e0 pr\u00e9sent depuis 25 ans : \u00ab\u00a0Je connais Pascal depuis que j\u2019ai 16 ans\u00a0\u00bb.<\/p>\n<p>\u00ab\u00a0Il fait partie de la famille\u00a0\u00bb, ajoute-t-elle, heureuse d\u2019avoir \u00e9t\u00e9 invit\u00e9e par le chanteur de 60 ans pour prendre part au clip : \u00ab\u00a0Avec ce clip en hommage \u00e0 mon p\u00e8re, je me r\u00e9pare\u00a0!\u00a0\u00bb.<\/p>\n<p>Les \u00ab\u00a0proches\u00a0\u00bb du Taulier l&rsquo;ont \u00e9loign\u00e9 de Pascal Obispo<\/p>\n<p>\u00ab\u00a0Je me sens enfin apais\u00e9e comme rarement depuis son d\u00e9part. J\u2019ai vraiment eu le sentiment de passer une journ\u00e9e avec lui. D\u2019un point de vue spirituel\u00a0\u00bb, ajoute Laura Smet. De quoi \u00e9galement faire plaisir \u00e0 Pascal Obispo.<\/p>\n<p>En effet, ce dernier a toujours \u00e9t\u00e9 proche de Johnny Hallyday jusqu\u2019au moment o\u00f9 <strong>certains proches du Taulier ne l\u2019\u00e9carte de lui. <\/strong><\/p>\n<p>\u00ab\u00a0<strong>Pascal, c\u2019\u00e9tait un vrai proche. Entre eux, il y avait une v\u00e9ritable alchimie, non feinte<\/strong>. Ils parlaient ensemble, ils riaient ensemble. Ils regardaient des films ensemble\u00a0\u00bb, s\u2019est par exemple souvenu Laura Smet sans pour autant citer les \u00ab\u00a0proches\u00a0\u00bb auxquels elle faisait allusion.\u00a0<\/p>\n<p>      Mentionn\u00e9s dans cet article<\/p>\n<p>\u00c0 lire aussi<\/p>\n","protected":false},"excerpt":{"rendered":"R\u00e9sum\u00e9 Laura Smet et Pascal Obispo unissent leurs talents pour un hommage musical \u00e0 Johnny Hallyday, r\u00e9v\u00e9lant une&hellip;\n","protected":false},"author":2,"featured_media":169360,"comment_status":"","ping_status":"","sticky":false,"template":"","format":"standard","meta":{"footnotes":""},"categories":[1359],"tags":[58,59,1011,27,1304,7648,15910,17603,973],"class_list":{"0":"post-169359","1":"post","2":"type-post","3":"status-publish","4":"format-standard","5":"has-post-thumbnail","7":"category-people","8":"tag-divertissement","9":"tag-entertainment","10":"tag-fr","11":"tag-france","12":"tag-johnny-hallyday","13":"tag-laeticia-hallyday","14":"tag-laura-smet","15":"tag-pascal-obispo","16":"tag-people"},"share_on_mastodon":{"url":"https:\/\/pubeurope.com\/@fr\/114667220170331863","error":""},"_links":{"self":[{"href":"https:\/\/www.europesays.com\/fr\/wp-json\/wp\/v2\/posts\/169359","targetHints":{"allow":["GET"]}}],"collection":[{"href":"https:\/\/www.europesays.com\/fr\/wp-json\/wp\/v2\/posts"}],"about":[{"href":"https:\/\/www.europesays.com\/fr\/wp-json\/wp\/v2\/types\/post"}],"author":[{"embeddable":true,"href":"https:\/\/www.europesays.com\/fr\/wp-json\/wp\/v2\/users\/2"}],"replies":[{"embeddable":true,"href":"https:\/\/www.europesays.com\/fr\/wp-json\/wp\/v2\/comments?post=169359"}],"version-history":[{"count":0,"href":"https:\/\/www.europesays.com\/fr\/wp-json\/wp\/v2\/posts\/169359\/revisions"}],"wp:featuredmedia":[{"embeddable":true,"href":"https:\/\/www.europesays.com\/fr\/wp-json\/wp\/v2\/media\/169360"}],"wp:attachment":[{"href":"https:\/\/www.europesays.com\/fr\/wp-json\/wp\/v2\/media?parent=169359"}],"wp:term":[{"taxonomy":"category","embeddable":true,"href":"https:\/\/www.europesays.com\/fr\/wp-json\/wp\/v2\/categories?post=169359"},{"taxonomy":"post_tag","embeddable":true,"href":"https:\/\/www.europesays.com\/fr\/wp-json\/wp\/v2\/tags?post=169359"}],"curies":[{"name":"wp","href":"https:\/\/api.w.org\/{rel}","templated":true}]}}