{"id":169361,"date":"2025-06-11T23:01:13","date_gmt":"2025-06-11T23:01:13","guid":{"rendered":"https:\/\/www.europesays.com\/fr\/169361\/"},"modified":"2025-06-11T23:01:13","modified_gmt":"2025-06-11T23:01:13","slug":"robert-doisneau-instants-donnes-une-retrospective-exceptionnelle-a-la-boverie-liege","status":"publish","type":"post","link":"https:\/\/www.europesays.com\/fr\/169361\/","title":{"rendered":"\u00ab\u00a0Robert Doisneau\u00a0: Instants Donn\u00e9s\u00a0\u00bb\u00a0: une r\u00e9trospective exceptionnelle \u00e0 La Boverie, Li\u00e8ge"},"content":{"rendered":"<p>Une r\u00e9trospective d&rsquo;envergure<\/p>\n<p class=\"ap-StoryElement ap-StoryElement--mb ap-StoryText\">Con\u00e7ue par un commissariat collectif r\u00e9unissant Tempora et l&rsquo;Atelier Robert Doisneau, l&rsquo;exposition regroupe pr\u00e8s de 400 photographies, couvrant une p\u00e9riode de 1934 \u00e0 1992, qui r\u00e9v\u00e8le la diversit\u00e9 et la profondeur de son regard sur le monde. Si certaines images sont devenues iconiques, comme le c\u00e9l\u00e8bre \u00ab\u00a0Baiser de l&rsquo;H\u00f4tel de Ville\u00a0\u00bb, \u00ab\u00a0Instants Donn\u00e9s\u00a0\u00bb offre aussi une vision in\u00e9dite du travail de l&rsquo;artiste. Parmi les nouveaut\u00e9s, la section consacr\u00e9e \u00e0 ses travaux en Belgique, et particuli\u00e8rement \u00e0 Li\u00e8ge, donne une dimension in\u00e9dite \u00e0 l&rsquo;\u00e9v\u00e9nement. Les visiteurs auront ainsi la chance de d\u00e9couvrir des photographies r\u00e9alis\u00e9es \u00e0 l&rsquo;occasion de l&rsquo;Expo 58, des portraits d&rsquo;artistes belges, mais aussi des paysages industriels et folkloriques de notre pays.<\/p>\n<p><img loading=\"lazy\" decoding=\"async\" class=\"w-full lazyload lazyload--opacity object-contain\" style=\"aspect-ratio:90 \/ 100;opacity:1\" alt=\"L'expo &quot;Robert Doisneau. Instants Donn\u00e9s&quot; est \u00e0 d\u00e9couvrir au mus\u00e9e de la Boverie \u00e0 partir 31 octobre prochain.\" width=\"768\" height=\"849\" fetchpriority=\"auto\" src=\"https:\/\/www.europesays.com\/fr\/wp-content\/uploads\/2025\/05\/S5VKD3X55FFF3BW6V4SEHXNP7I.png\"  data- data-optimumx=\"1\"\/>L&rsquo;expo \u00ab\u00a0Robert Doisneau. Instants Donn\u00e9s\u00a0\u00bb est \u00e0 d\u00e9couvrir au mus\u00e9e de la Boverie \u00e0 partir 31 octobre prochain. \u00a9Repro\/Robert Doisneau<\/p>\n<p class=\"ap-StoryElement ap-StoryElement--mb ap-StoryText\">L&rsquo;exposition ne se contente pas de pr\u00e9senter des \u0153uvres, elle invite aussi \u00e0 une exploration immersive du processus cr\u00e9atif de Doisneau. \u00c0 travers des dispositifs interactifs et des espaces immersifs, le visiteur peut plonger dans l&rsquo;univers de l&rsquo;artiste, comprendre ses m\u00e9thodes de travail et ses relations avec les diff\u00e9rents milieux qu&rsquo;il a c\u00f4toy\u00e9s : des ateliers d&rsquo;artistes aux bistrots parisiens, des banlieues aux rencontres humaines. De nombreuses pi\u00e8ces rares, telles que des collages, des tirages originaux et des documents personnels, viennent enrichir cette immersion dans l&rsquo;intimit\u00e9 de l&rsquo;artiste.<\/p>\n<p>Un dialogue vivant entre art et public<\/p>\n<p class=\"ap-StoryElement ap-StoryElement--mb ap-StoryText\">\u00ab\u00a0Instants Donn\u00e9s\u00a0\u00bb est pens\u00e9e comme une exposition totale, o\u00f9 l&rsquo;interaction avec le visiteur est au c\u0153ur de l&rsquo;exp\u00e9rience. Des audioguides et des installations audiovisuelles permettent de d\u00e9couvrir des commentaires de Doisneau sur ses \u0153uvres, et ainsi d&rsquo;entendre sa propre vision du monde, un monde o\u00f9 l&rsquo;humanit\u00e9, la curiosit\u00e9 et la tendresse occupent une place centrale. L&rsquo;exposition se d\u00e9cline autour de plusieurs th\u00e9matiques telles que \u00ab\u00a0Les Ann\u00e9es Vogue\u00a0\u00bb, les \u00ab\u00a0Bistrots\u00a0\u00bb, les \u00ab\u00a0Gravit\u00e9s\u00a0\u00bb, ou encore l&rsquo;histoire du fameux \u00ab\u00a0Baiser de l&rsquo;H\u00f4tel de Ville\u00a0\u00bb, qui fait toujours r\u00eaver les amateurs de photographie.<\/p>\n<p class=\"ap-StoryElement ap-StoryElement--mb ap-StoryText\">Pour cette \u00e9tape belge, Tempora et l&rsquo;Atelier Robert Doisneau ont souhait\u00e9 offrir une v\u00e9ritable r\u00e9flexion sur l&rsquo;impact social et culturel de son \u0153uvre, en montrant la mani\u00e8re dont il a su capter l&rsquo;essence des lieux et des personnes, tout en int\u00e9grant des \u00e9l\u00e9ments de l&rsquo;histoire belge, de la Tour cybern\u00e9tique de Li\u00e8ge aux figures folkloriques comme les Gilles de Binche, sans oublier le charme intemporel de Bruges.<\/p>\n<p>Le grand retour de Doisneau en Belgique<\/p>\n<p class=\"ap-StoryElement ap-StoryElement--mb ap-StoryText\">Apr\u00e8s pr\u00e8s de dix ans d&rsquo;absence, cette r\u00e9trospective marque le grand retour de l&rsquo;\u0153uvre de Doisneau en Belgique, o\u00f9 son regard unique sur l&rsquo;humanit\u00e9 n&rsquo;a pas pris une ride. L&rsquo;exposition \u00e0 La Boverie s&rsquo;inscrit dans une d\u00e9marche d&rsquo;ouverture culturelle, cherchant \u00e0 toucher un large public, de l&rsquo;amateur de photographie \u00e0 la famille curieuse, en passant par les passionn\u00e9s d&rsquo;art contemporain. En plus des photographies, des ateliers et des rencontres avec des sp\u00e9cialistes permettront de prolonger cette exp\u00e9rience unique.<\/p>\n<p class=\"ap-StoryElement ap-StoryElement--mb ap-StoryText\">Informations pratiques et programme complet : <a href=\"http:\/\/www.laboverie.be\/\" target=\"_blank\" rel=\"noopener\">www.laboverie.be<\/a>.<\/p>\n<p><img loading=\"lazy\" decoding=\"async\" class=\"w-full lazyload lazyload--opacity object-contain\" style=\"aspect-ratio:151 \/ 100;opacity:1\" alt=\"L'expo &quot;Robert Doisneau. Instants Donn\u00e9s&quot; est \u00e0 d\u00e9couvrir au mus\u00e9e de la Boverie \u00e0 partir 31 octobre prochain.\" width=\"768\" height=\"510\" fetchpriority=\"auto\" src=\"https:\/\/www.europesays.com\/fr\/wp-content\/uploads\/2025\/05\/S5VKD3X55FFF3BW6V4SEHXNP7I.png\"  data- data-optimumx=\"1\"\/>L&rsquo;expo \u00ab\u00a0Robert Doisneau. Instants Donn\u00e9s\u00a0\u00bb est \u00e0 d\u00e9couvrir au mus\u00e9e de la Boverie \u00e0 partir 31 octobre prochain. \u00a9Repro\/Robert Doisneau<img loading=\"lazy\" decoding=\"async\" class=\"w-full lazyload lazyload--opacity object-contain\" style=\"aspect-ratio:75 \/ 100;opacity:1\" alt=\"L'expo &quot;Robert Doisneau. Instants Donn\u00e9s&quot; est \u00e0 d\u00e9couvrir au mus\u00e9e de la Boverie \u00e0 partir 31 octobre prochain.\" width=\"768\" height=\"1024\" fetchpriority=\"auto\" src=\"https:\/\/www.europesays.com\/fr\/wp-content\/uploads\/2025\/05\/S5VKD3X55FFF3BW6V4SEHXNP7I.png\"  data- data-optimumx=\"1\"\/>L&rsquo;expo \u00ab\u00a0Robert Doisneau. Instants Donn\u00e9s\u00a0\u00bb est \u00e0 d\u00e9couvrir au mus\u00e9e de la Boverie \u00e0 partir 31 octobre prochain. \u00a9Repro\/Robert Doisneau<\/p>\n","protected":false},"excerpt":{"rendered":"Une r\u00e9trospective d&rsquo;envergure Con\u00e7ue par un commissariat collectif r\u00e9unissant Tempora et l&rsquo;Atelier Robert Doisneau, l&rsquo;exposition regroupe pr\u00e8s de&hellip;\n","protected":false},"author":2,"featured_media":169362,"comment_status":"","ping_status":"","sticky":false,"template":"","format":"standard","meta":{"footnotes":""},"categories":[1358],"tags":[1348,1384,1385,17551,1386,58,59,1011,27,30348,30349],"class_list":{"0":"post-169361","1":"post","2":"type-post","3":"status-publish","4":"format-standard","5":"has-post-thumbnail","7":"category-arts-et-design","8":"tag-arts","9":"tag-arts-and-design","10":"tag-arts-et-design","11":"tag-bruges","12":"tag-design","13":"tag-divertissement","14":"tag-entertainment","15":"tag-fr","16":"tag-france","17":"tag-liege","18":"tag-province-de-liege"},"share_on_mastodon":{"url":"https:\/\/pubeurope.com\/@fr\/114667224074248915","error":""},"_links":{"self":[{"href":"https:\/\/www.europesays.com\/fr\/wp-json\/wp\/v2\/posts\/169361","targetHints":{"allow":["GET"]}}],"collection":[{"href":"https:\/\/www.europesays.com\/fr\/wp-json\/wp\/v2\/posts"}],"about":[{"href":"https:\/\/www.europesays.com\/fr\/wp-json\/wp\/v2\/types\/post"}],"author":[{"embeddable":true,"href":"https:\/\/www.europesays.com\/fr\/wp-json\/wp\/v2\/users\/2"}],"replies":[{"embeddable":true,"href":"https:\/\/www.europesays.com\/fr\/wp-json\/wp\/v2\/comments?post=169361"}],"version-history":[{"count":0,"href":"https:\/\/www.europesays.com\/fr\/wp-json\/wp\/v2\/posts\/169361\/revisions"}],"wp:featuredmedia":[{"embeddable":true,"href":"https:\/\/www.europesays.com\/fr\/wp-json\/wp\/v2\/media\/169362"}],"wp:attachment":[{"href":"https:\/\/www.europesays.com\/fr\/wp-json\/wp\/v2\/media?parent=169361"}],"wp:term":[{"taxonomy":"category","embeddable":true,"href":"https:\/\/www.europesays.com\/fr\/wp-json\/wp\/v2\/categories?post=169361"},{"taxonomy":"post_tag","embeddable":true,"href":"https:\/\/www.europesays.com\/fr\/wp-json\/wp\/v2\/tags?post=169361"}],"curies":[{"name":"wp","href":"https:\/\/api.w.org\/{rel}","templated":true}]}}